{"id":873,"date":"2026-04-04T10:46:30","date_gmt":"2026-04-04T08:46:30","guid":{"rendered":"https:\/\/munkacs-diocese.org\/slo\/?p=873"},"modified":"2026-04-05T22:48:50","modified_gmt":"2026-04-05T20:48:50","slug":"papez-telefonicky-prezidentovi-zelenskemu-vyjadril-blizkost-ukrajinskemu-ludu","status":"publish","type":"post","link":"https:\/\/munkacs-diocese.org\/slo\/2026\/04\/04\/papez-telefonicky-prezidentovi-zelenskemu-vyjadril-blizkost-ukrajinskemu-ludu\/","title":{"rendered":"P\u00e1pe\u017e telefonicky prezidentovi Zelensk\u00e9mu vyjadril bl\u00edzkos\u0165 ukrajinsk\u00e9mu \u013eudu"},"content":{"rendered":"<p><span style=\"font-family: arial, helvetica, sans-serif;\"><strong>Lev XIV. a ukrajinsk\u00fd prezident Volodymyr Zelensky spolu telefonovali v predve\u010der Ve\u013ekej noci. Zaznelo \u017eelanie spravodliv\u00e9ho a trval\u00e9ho mieru i podpora v\u0161etk\u00fdch iniciat\u00edv, najm\u00e4 v oblasti oslobodenia zajatcov.<\/strong><\/span><\/p>\n<p><span style=\"font-family: arial, helvetica, sans-serif;\">Ukrajina sa bl\u00ed\u017ei k \u010fal\u0161ej Ve\u013ekej noci pod bombardovan\u00edm a p\u00e1pe\u017e chcel vyjadri\u0165 svoju bl\u00edzkos\u0165 utrpeniu obyvate\u013estva pozna\u010den\u00e9ho \u0161tyrmi rokmi vojny. Dnes dopoludnia 3. apr\u00edla sa uskuto\u010dnil telefonick\u00fd rozhovor medzi Levom XIV. a prezidentom Ukrajiny Volodymyrom Zelensk\u00fdm. Komunik\u00e9 Tla\u010dov\u00e9ho strediska Sv\u00e4tej\u00a0stolice\u00a0informuje o \u201ebl\u00edzkosti ukrajinsk\u00e9mu \u013eudu\u201c, ktor\u00fa p\u00e1pe\u017e vyjadril prezidentovi, ako aj o preh\u013eade aktu\u00e1lnej humanit\u00e1rnej situ\u00e1cie. Z\u00e1rove\u0148 bola op\u00e4tovne zd\u00f4raznen\u00e1 \u201enaliehavos\u0165 zabezpe\u010di\u0165 potrebn\u00fa pomoc obyvate\u013estvu \u0165a\u017eko sk\u00fa\u0161an\u00e9mu konfliktom\u201c.<\/span><\/p>\n<p><span style=\"font-family: arial, helvetica, sans-serif;\"><strong>Oslobodenie zajatcov, zastavenie nepriate\u013estva<\/strong><\/span><\/p>\n<p><span style=\"font-family: arial, helvetica, sans-serif;\">\u010eal\u0161ou t\u00e9mou spolo\u010dn\u00e9ho rozhovoru p\u00e1pe\u017ea a prezidenta Zelensk\u00e9ho bolo \u00fasilie \u201epodporova\u0165 \u2013 ako sa uv\u00e1dza v n\u00f3te \u2013 iniciat\u00edvy humanit\u00e1rneho charakteru, najm\u00e4 pokia\u013e ide o oslobodenie zajatcov\u201c. Na z\u00e1ver rozhovoru bolo \u201eop\u00e4tovne vysloven\u00e9 \u017eelanie, aby sa s nasaden\u00edm a prispen\u00edm medzin\u00e1rodn\u00e9ho spolo\u010denstva \u010do najsk\u00f4r dosiahlo zastavenie nepriate\u013estva a spravodliv\u00fd a trval\u00fd mier\u201c.<\/span><\/p>\n<p style=\"text-align: right;\"><span style=\"color: #3366ff;\"><em><a style=\"color: #3366ff;\" href=\"https:\/\/www.vaticannews.va\/sk\/papez\/news\/2026-04\/papez-telefonicky-zelenskemu-vyjadril-blizkost-ukrajinskemu-ludu.html\"><span style=\"font-family: arial, helvetica, sans-serif;\">Vatican News<\/span><\/a><\/em><\/span><\/p>\n<p>&nbsp;<\/p>\n","protected":false},"excerpt":{"rendered":"<p>Lev XIV. a ukrajinsk\u00fd prezident Volodymyr Zelensky spolu telefonovali v predve\u010der Ve\u013ekej noci. Zaznelo \u017eelanie spravodliv\u00e9ho a trval\u00e9ho mieru i podpora v\u0161etk\u00fdch iniciat\u00edv, najm\u00e4 v oblasti oslobodenia zajatcov. Ukrajina sa bl\u00ed\u017ei k \u010fal\u0161ej Ve\u013ekej noci pod bombardovan\u00edm a p\u00e1pe\u017e chcel vyjadri\u0165 svoju bl\u00edzkos\u0165 utrpeniu obyvate\u013estva pozna\u010den\u00e9ho \u0161tyrmi rokmi vojny. Dnes dopoludnia 3. apr\u00edla sa uskuto\u010dnil [&hellip;]<\/p>\n","protected":false},"author":2,"featured_media":874,"comment_status":"open","ping_status":"open","sticky":false,"template":"","format":"standard","meta":{"_et_pb_use_builder":"","_et_pb_old_content":"","_et_gb_content_width":"","footnotes":""},"categories":[9],"tags":[],"_links":{"self":[{"href":"https:\/\/munkacs-diocese.org\/slo\/wp-json\/wp\/v2\/posts\/873"}],"collection":[{"href":"https:\/\/munkacs-diocese.org\/slo\/wp-json\/wp\/v2\/posts"}],"about":[{"href":"https:\/\/munkacs-diocese.org\/slo\/wp-json\/wp\/v2\/types\/post"}],"author":[{"embeddable":true,"href":"https:\/\/munkacs-diocese.org\/slo\/wp-json\/wp\/v2\/users\/2"}],"replies":[{"embeddable":true,"href":"https:\/\/munkacs-diocese.org\/slo\/wp-json\/wp\/v2\/comments?post=873"}],"version-history":[{"count":1,"href":"https:\/\/munkacs-diocese.org\/slo\/wp-json\/wp\/v2\/posts\/873\/revisions"}],"predecessor-version":[{"id":875,"href":"https:\/\/munkacs-diocese.org\/slo\/wp-json\/wp\/v2\/posts\/873\/revisions\/875"}],"wp:featuredmedia":[{"embeddable":true,"href":"https:\/\/munkacs-diocese.org\/slo\/wp-json\/wp\/v2\/media\/874"}],"wp:attachment":[{"href":"https:\/\/munkacs-diocese.org\/slo\/wp-json\/wp\/v2\/media?parent=873"}],"wp:term":[{"taxonomy":"category","embeddable":true,"href":"https:\/\/munkacs-diocese.org\/slo\/wp-json\/wp\/v2\/categories?post=873"},{"taxonomy":"post_tag","embeddable":true,"href":"https:\/\/munkacs-diocese.org\/slo\/wp-json\/wp\/v2\/tags?post=873"}],"curies":[{"name":"wp","href":"https:\/\/api.w.org\/{rel}","templated":true}]}}