{"id":998,"date":"2014-01-29T10:11:04","date_gmt":"2014-01-29T08:11:04","guid":{"rendered":"http:\/\/munkacs-diocese.org\/hu\/2014\/01\/29\/huszt-temetkapolna\/"},"modified":"2014-01-29T10:11:04","modified_gmt":"2014-01-29T08:11:04","slug":"huszt-temetkapolna","status":"publish","type":"post","link":"https:\/\/munkacs-diocese.org\/hu\/2014\/01\/29\/huszt-temetkapolna\/","title":{"rendered":"Huszt temet\u0151k\u00e1polna"},"content":{"rendered":"<div id=\"fb-root\"><\/div>\n<p style=\"text-align: center;\"><strong>Huszt temet\u0151k\u00e1polna<\/strong><\/p>\n<p>A v\u00e1rhegy oldal\u00e1n l\u00e9v\u0151 temet\u0151ben 1877-ben Nagyboldogasszony tisztelet\u00e9re d\u00edszes k\u00e1poln\u00e1t \u00e9p\u00edtettek. 1945 ut\u00e1n a temet\u0151t, benne a k\u00e1poln\u00e1t is, elvett\u00e9k az egyh\u00e1zk\u00f6zs\u00e9gt\u0151l. 1994-ben adt\u00e1k vissza, a h\u00edvek adom\u00e1nyaib\u00f3l t\u00fcst\u00e9nt fel\u00faj\u00edtott\u00e1k, \u00e9s a F\u00e1jdalmas Sz\u0171zanya tisztelet\u00e9re szentelt\u00e9k fel. \u00c9vente egy alkalommal, a b\u00facs\u00fa napj\u00e1n mis\u00e9znek itt.<br \/>A liturgia nyelve: magyar.<\/p>\n","protected":false},"excerpt":{"rendered":"<p>Huszt temet\u0151k\u00e1polna A v\u00e1rhegy oldal\u00e1n l\u00e9v\u0151 temet\u0151ben 1877-ben Nagyboldogasszony tisztelet\u00e9re d\u00edszes k\u00e1poln\u00e1t \u00e9p\u00edtettek. 1945 ut\u00e1n a temet\u0151t, benne a k\u00e1poln\u00e1t is, elvett\u00e9k az egyh\u00e1zk\u00f6zs\u00e9gt\u0151l. 1994-ben adt\u00e1k vissza, a h\u00edvek adom\u00e1nyaib\u00f3l t\u00fcst\u00e9nt fel\u00faj\u00edtott\u00e1k, \u00e9s a F\u00e1jdalmas Sz\u0171zanya tisztelet\u00e9re szentelt\u00e9k fel. \u00c9vente egy alkalommal, a b\u00facs\u00fa napj\u00e1n mis\u00e9znek itt.A liturgia nyelve: magyar.<\/p>\n","protected":false},"author":1,"featured_media":0,"comment_status":"open","ping_status":"open","sticky":false,"template":"","format":"standard","meta":{"_acf_changed":false,"_et_pb_use_builder":"","_et_pb_old_content":"","_et_gb_content_width":"","footnotes":""},"categories":[16],"tags":[],"class_list":["post-998","post","type-post","status-publish","format-standard","hentry","category-huszti-jaras","et-doesnt-have-format-content","et_post_format-et-post-format-standard"],"acf":[],"_links":{"self":[{"href":"https:\/\/munkacs-diocese.org\/hu\/wp-json\/wp\/v2\/posts\/998"}],"collection":[{"href":"https:\/\/munkacs-diocese.org\/hu\/wp-json\/wp\/v2\/posts"}],"about":[{"href":"https:\/\/munkacs-diocese.org\/hu\/wp-json\/wp\/v2\/types\/post"}],"author":[{"embeddable":true,"href":"https:\/\/munkacs-diocese.org\/hu\/wp-json\/wp\/v2\/users\/1"}],"replies":[{"embeddable":true,"href":"https:\/\/munkacs-diocese.org\/hu\/wp-json\/wp\/v2\/comments?post=998"}],"version-history":[{"count":0,"href":"https:\/\/munkacs-diocese.org\/hu\/wp-json\/wp\/v2\/posts\/998\/revisions"}],"wp:attachment":[{"href":"https:\/\/munkacs-diocese.org\/hu\/wp-json\/wp\/v2\/media?parent=998"}],"wp:term":[{"taxonomy":"category","embeddable":true,"href":"https:\/\/munkacs-diocese.org\/hu\/wp-json\/wp\/v2\/categories?post=998"},{"taxonomy":"post_tag","embeddable":true,"href":"https:\/\/munkacs-diocese.org\/hu\/wp-json\/wp\/v2\/tags?post=998"}],"curies":[{"name":"wp","href":"https:\/\/api.w.org\/{rel}","templated":true}]}}