{"id":997,"date":"2014-01-29T09:44:58","date_gmt":"2014-01-29T07:44:58","guid":{"rendered":"http:\/\/munkacs-diocese.org\/hu\/2014\/01\/29\/viski-templom\/"},"modified":"2014-01-29T09:44:58","modified_gmt":"2014-01-29T07:44:58","slug":"viski-templom","status":"publish","type":"post","link":"https:\/\/munkacs-diocese.org\/hu\/2014\/01\/29\/viski-templom\/","title":{"rendered":"Viski templom"},"content":{"rendered":"<div id=\"fb-root\"><\/div>\n<p style=\"text-align: center;\"><strong>Viski r\u00f3mai katolikus templom<\/strong><\/p>\n<p><img loading=\"lazy\" decoding=\"async\" class=\" alignleft size-full wp-image-996\" style=\"float: left;\" src=\"https:\/\/munkacs-diocese.org\/hu\/wp-content\/uploads\/2014\/01\/visk.jpg\" alt=\"\" height=\"138\" width=\"97\" srcset=\"https:\/\/munkacs-diocese.org\/hu\/wp-content\/uploads\/2014\/01\/visk.jpg 360w, https:\/\/munkacs-diocese.org\/hu\/wp-content\/uploads\/2014\/01\/visk-212x300.jpg 212w\" sizes=\"(max-width: 97px) 100vw, 97px\" \/>\u0150si magyar helys\u00e9g, nev\u00e9t 1270-ben eml\u00edtik el\u0151sz\u00f6r a forr\u00e1sok. Visk az ugocsai kir\u00e1lyi uradalomhoz tartozott. Az \u00f6t szabad koronav\u00e1ros legnagyobbika volt M\u00e1ramarosban, Huszt, T\u00e9cs\u0151, Hossz\u00famez\u0151 \u00e9s M\u00e1ramarossziget mellett.<br \/>II. Endre Visket a hozz\u00e1 tartoz\u00f3 v\u00e1rral \u00e9s birtokkal egy ugocsai birtok\u00e9rt kapta cser\u00e9be. A helys\u00e9g m\u00e1r a 1329-ben v\u00e1rosi kiv\u00e1lts\u00e1gokkal rendelkezett. Pl\u00e9b\u00e1nos\u00e1t az 1334-es p\u00e1pai tized is eml\u00edti. 1472-ben M\u00e1ty\u00e1s kir\u00e1ly meger\u0151s\u00edti a v\u00e1ros kor\u00e1bbi jogait. A 17. sz\u00e1zad k\u00f6zep\u00e9n II. R\u00e1k\u00f3czi Gy\u00f6rgy erd\u00e9lyi fejedelem innen ind\u00edtotta sereg\u00e9t Lengyelorsz\u00e1g ellen. A megtorl\u00e1sul vid\u00e9k\u00fcnkre bet\u00f6r\u0151 lengyelek 1657-ben Visket is fel\u00e9gett\u00e9k.<br \/>1524-ben megkezd\u0151d\u00f6tt a koronav\u00e1rosban a reform\u00e1ci\u00f3, 1556-ban pedig m\u00e1r a protest\u00e1nsok birtokolt\u00e1k az \u0151si templomot. 1780-ban csek\u00e9ly sz\u00e1m\u00fa katolikus h\u00edv\u0151vel \u00fajraalap\u00edtott\u00e1k a pl\u00e9b\u00e1ni\u00e1t. A szentmis\u00e9k sz\u00ednhely\u00e9\u00fcl t\u00f6bb mint egy \u00e9vsz\u00e1zadig a pl\u00e9b\u00e1nosi lak k\u00e1poln\u00e1v\u00e1 alak\u00edtott kis szob\u00e1ja szolg\u00e1lt. Az \u00faj templom 1897-ben \u00e9p\u00fclt fel.<br \/>Orgon\u00e1j\u00e1t 1902-ben a nagyv\u00e1radi Orsz\u00e1gh Antal \u00e9p\u00edtette; m\u0171eml\u00e9k \u00e9rt\u00e9k\u0171.<br \/>Az anyak\u00f6nyvez\u00e9s kezdete: 1780.<br \/>A liturgia nyelve: magyar.<\/p>\n","protected":false},"excerpt":{"rendered":"<p>Viski r\u00f3mai katolikus templom \u0150si magyar helys\u00e9g, nev\u00e9t 1270-ben eml\u00edtik el\u0151sz\u00f6r a forr\u00e1sok. Visk az ugocsai kir\u00e1lyi uradalomhoz tartozott. Az \u00f6t szabad koronav\u00e1ros legnagyobbika volt M\u00e1ramarosban, Huszt, T\u00e9cs\u0151, Hossz\u00famez\u0151 \u00e9s M\u00e1ramarossziget mellett.II. Endre Visket a hozz\u00e1 tartoz\u00f3 v\u00e1rral \u00e9s birtokkal egy ugocsai birtok\u00e9rt kapta cser\u00e9be. A helys\u00e9g m\u00e1r a 1329-ben v\u00e1rosi kiv\u00e1lts\u00e1gokkal rendelkezett. Pl\u00e9b\u00e1nos\u00e1t az [&hellip;]<\/p>\n","protected":false},"author":1,"featured_media":996,"comment_status":"open","ping_status":"open","sticky":false,"template":"","format":"standard","meta":{"_acf_changed":false,"_et_pb_use_builder":"","_et_pb_old_content":"","_et_gb_content_width":"","footnotes":""},"categories":[16],"tags":[],"class_list":["post-997","post","type-post","status-publish","format-standard","has-post-thumbnail","hentry","category-huszti-jaras","et-has-post-format-content","et_post_format-et-post-format-standard"],"acf":[],"_links":{"self":[{"href":"https:\/\/munkacs-diocese.org\/hu\/wp-json\/wp\/v2\/posts\/997"}],"collection":[{"href":"https:\/\/munkacs-diocese.org\/hu\/wp-json\/wp\/v2\/posts"}],"about":[{"href":"https:\/\/munkacs-diocese.org\/hu\/wp-json\/wp\/v2\/types\/post"}],"author":[{"embeddable":true,"href":"https:\/\/munkacs-diocese.org\/hu\/wp-json\/wp\/v2\/users\/1"}],"replies":[{"embeddable":true,"href":"https:\/\/munkacs-diocese.org\/hu\/wp-json\/wp\/v2\/comments?post=997"}],"version-history":[{"count":0,"href":"https:\/\/munkacs-diocese.org\/hu\/wp-json\/wp\/v2\/posts\/997\/revisions"}],"wp:featuredmedia":[{"embeddable":true,"href":"https:\/\/munkacs-diocese.org\/hu\/wp-json\/wp\/v2\/media\/996"}],"wp:attachment":[{"href":"https:\/\/munkacs-diocese.org\/hu\/wp-json\/wp\/v2\/media?parent=997"}],"wp:term":[{"taxonomy":"category","embeddable":true,"href":"https:\/\/munkacs-diocese.org\/hu\/wp-json\/wp\/v2\/categories?post=997"},{"taxonomy":"post_tag","embeddable":true,"href":"https:\/\/munkacs-diocese.org\/hu\/wp-json\/wp\/v2\/tags?post=997"}],"curies":[{"name":"wp","href":"https:\/\/api.w.org\/{rel}","templated":true}]}}