{"id":9960,"date":"2023-02-07T15:15:37","date_gmt":"2023-02-07T14:15:37","guid":{"rendered":"https:\/\/munkacs-diocese.org\/hu\/?p=9960"},"modified":"2023-02-08T09:25:00","modified_gmt":"2023-02-08T08:25:00","slug":"a-szinodus-kontinentalis-szakaszanak-europai-gyulese-pragaban","status":"publish","type":"post","link":"https:\/\/munkacs-diocese.org\/hu\/2023\/02\/07\/a-szinodus-kontinentalis-szakaszanak-europai-gyulese-pragaban\/","title":{"rendered":"A Szin\u00f3dus kontinent\u00e1lis szakasz\u00e1nak eur\u00f3pai gy\u0171l\u00e9se Pr\u00e1g\u00e1ban"},"content":{"rendered":"<div id=\"fb-root\"><\/div>\n<p style=\"text-align: justify;\">M\u00e9g tal\u00e1n f\u00fcl\u00fcnkben csenghetnek Ferenc p\u00e1pa szavai abb\u00f3l az \u00fczenetb\u0151l, amit a t\u00f6megt\u00e1j\u00e9koztat\u00e1s 56. vil\u00e1gnapja alkalm\u00e1b\u00f3l k\u00fcld\u00f6tt a vil\u00e1gba:<\/p>\n<p style=\"text-align: justify;\">\u201eNemr\u00e9giben szinod\u00e1lis folyamatot ind\u00edtottunk. Im\u00e1dkozzunk, hogy ez nagyszer\u0171 alkalom legyen arra, hogy meghallgassuk egym\u00e1st! A k\u00f6z\u00f6ss\u00e9g ugyanis nem strat\u00e9gi\u00e1k \u00e9s programok eredm\u00e9nye, hanem a testv\u00e9rek k\u00f6z\u00f6tti egym\u00e1sra figyel\u00e9sre \u00e9p\u00fcl. Mint a k\u00f3rusban, az egys\u00e9g nem egyformas\u00e1got, monot\u00f3ni\u00e1t, hanem a hangok sokas\u00e1g\u00e1t \u00e9s v\u00e1ltozatoss\u00e1g\u00e1t, polif\u00f3ni\u00e1t k\u00edv\u00e1n meg. Ugyanakkor a k\u00f3rus minden egyes hangja a t\u00f6bbi hangra figyelve \u00e9s az eg\u00e9sz harm\u00f3ni\u00e1j\u00e1ra utalva \u00e9nekel. Ezt a harm\u00f3ni\u00e1t a zeneszerz\u0151 tal\u00e1lta ki, de megval\u00f3sul\u00e1sa minden egyes hang harm\u00f3ni\u00e1j\u00e1t\u00f3l f\u00fcgg.<\/p>\n<p style=\"text-align: justify;\">Azzal a tudattal, hogy egy olyan k\u00f6z\u00f6ss\u00e9gben vesz\u00fcnk r\u00e9szt, amely megel\u0151z \u00e9s mag\u00e1ba foglal benn\u00fcnket, \u00fajra felfedezhetj\u00fck a \u201eszimfonikus\u201d Egyh\u00e1zat, ahol mindenki a saj\u00e1t hangj\u00e1n \u00e9nekelhet, elfogadva m\u00e1sok\u00e9t aj\u00e1nd\u00e9kk\u00e9nt, hogy kifejezz\u00fck az eg\u00e9sz harm\u00f3ni\u00e1j\u00e1t, amelyet a Szentl\u00e9lek kompon\u00e1l.\u201d (R\u00e9szlet az \u00fczenetb\u0151l)<\/p>\n<p style=\"text-align: justify;\">Most ennek a szinod\u00e1lis folyamatnak \u00e9rkezt\u00fcnk el a kontinent\u00e1lis szakasz\u00e1hoz.<\/p>\n<p><img loading=\"lazy\" decoding=\"async\" class=\"size-large wp-image-9967 aligncenter\" src=\"https:\/\/munkacs-diocese.org\/hu\/wp-content\/uploads\/2023\/02\/szinodus1-1024x755.jpg\" alt=\"\" width=\"1024\" height=\"755\" srcset=\"https:\/\/munkacs-diocese.org\/hu\/wp-content\/uploads\/2023\/02\/szinodus1-1024x755.jpg 1024w, https:\/\/munkacs-diocese.org\/hu\/wp-content\/uploads\/2023\/02\/szinodus1-300x221.jpg 300w, https:\/\/munkacs-diocese.org\/hu\/wp-content\/uploads\/2023\/02\/szinodus1-768x566.jpg 768w, https:\/\/munkacs-diocese.org\/hu\/wp-content\/uploads\/2023\/02\/szinodus1-1080x796.jpg 1080w, https:\/\/munkacs-diocese.org\/hu\/wp-content\/uploads\/2023\/02\/szinodus1.jpg 1102w\" sizes=\"(max-width: 1024px) 100vw, 1024px\" \/><\/p>\n<p style=\"text-align: justify;\">Pr\u00e1g\u00e1ban febru\u00e1r 5-\u00e9n megkezd\u0151d\u00f6tt a Szinodalit\u00e1sr\u00f3l sz\u00f3l\u00f3 Szin\u00f3dus utols\u00f3 el\u0151tti, kontinent\u00e1lis szakasz\u00e1nak eur\u00f3pai gy\u0171l\u00e9se. Ez a szakasz \u00e9kel\u0151dik a kor\u00e1bbi egyh\u00e1zmegyei szint\u0171, illetve az okt\u00f3berre, majd 2024-re tervezett glob\u00e1lis szint\u0171 v\u00e9gs\u0151 szakasz k\u00f6z\u00e9.<\/p>\n<p style=\"text-align: justify;\">Az eur\u00f3pai kontinent\u00e1lis szin\u00f3dusi k\u00f6zgy\u0171l\u00e9s egyike annak a h\u00e9t nemzetk\u00f6zi tal\u00e1lkoz\u00f3nak, amelyet a vil\u00e1g nagy r\u00e9gi\u00f3inak p\u00fcsp\u00f6ki konferenci\u00e1i j\u00f6v\u0151 \u00e9v nyar\u00e1ig tartanak, hogy a 2021\/2022-es el\u0151zetes konzult\u00e1ci\u00f3 (nemzeti szakasz) eredm\u00e9nyek\u00e9nt l\u00e9trej\u00f6v\u0151 kontinent\u00e1lis szakasz dokumentum\u00e1r\u00f3l gondolkodjanak. A t\u00f6bbi r\u00e9gi\u00f3 Latin-Amerika \u00e9s a Karib-t\u00e9rs\u00e9g (CELAM), Afrika \u00e9s Madagaszk\u00e1r (SECAM), \u00c1zsia (FABC), \u00d3ce\u00e1nia, \u00c9szak-Amerika \u00e9s a K\u00f6zel-Kelet.<\/p>\n<p style=\"text-align: justify;\">A tal\u00e1lkoz\u00f3, melynek helysz\u00edne a pr\u00e1gai K\u00e1roly-h\u00edd k\u00f6zel\u00e9ben l\u00e9v\u0151 sz\u00e1lloda, k\u00e9t r\u00e9szre lett bontva: az egyh\u00e1zi gy\u0171l\u00e9s, amely \u201eIsten eg\u00e9sz n\u00e9p\u00e9t\u201d \u00e9rinti, amit p\u00fcsp\u00f6ki gy\u0171l\u00e9s k\u00f6vet. A tal\u00e1lkoz\u00f3n 200 k\u00fcld\u00f6tt van jelen szem\u00e9lyesen is, m\u00edg 390 tov\u00e1bbi deleg\u00e1tus online vesz r\u00e9szt. Minden nemzeti p\u00fcsp\u00f6ki konferencia n\u00e9gy embert k\u00fcld\u00f6tt, \u00e9s t\u00edzet jel\u00f6lt az online form\u00e1ban val\u00f3 r\u00e9szv\u00e9telre.<\/p>\n<p><img loading=\"lazy\" decoding=\"async\" class=\"size-full wp-image-9965 aligncenter\" src=\"https:\/\/munkacs-diocese.org\/hu\/wp-content\/uploads\/2023\/02\/martin-krchnacek-OyoaCpMCR0U-unsplash.jpg\" alt=\"\" width=\"920\" height=\"526\" srcset=\"https:\/\/munkacs-diocese.org\/hu\/wp-content\/uploads\/2023\/02\/martin-krchnacek-OyoaCpMCR0U-unsplash.jpg 920w, https:\/\/munkacs-diocese.org\/hu\/wp-content\/uploads\/2023\/02\/martin-krchnacek-OyoaCpMCR0U-unsplash-300x172.jpg 300w, https:\/\/munkacs-diocese.org\/hu\/wp-content\/uploads\/2023\/02\/martin-krchnacek-OyoaCpMCR0U-unsplash-768x439.jpg 768w\" sizes=\"(max-width: 920px) 100vw, 920px\" \/><\/p>\n<p style=\"text-align: justify;\">A szin\u00f3dusi \u00fcl\u00e9s minden napj\u00e1n van szentmise, valamennyi r\u00e9sztvev\u0151t \u00e9rint\u0151 munka\u00fcl\u00e9sek, illetve kisebb csoportos \u00fcl\u00e9sek is. A szervez\u0151k megpr\u00f3b\u00e1lt\u00e1k a csoportokat \u00fagy \u00f6ssze\u00e1ll\u00edtani, hogy azok ne csak \u201eegyazon nemzetb\u0151l sz\u00e1rmaz\u00f3 emberekb\u0151l\u201d \u00e1lljanak, hanem \u201ebemutathass\u00e1k a nemzeti tapasztalatok teljes v\u00e1ltozatoss\u00e1g\u00e1t\u201d, \u00e9s egyenletes eloszt\u00e1sban legyenek benn\u00fck n\u0151k \u00e9s p\u00fcsp\u00f6k\u00f6k is.<\/p>\n<p style=\"text-align: justify;\">A \u201eDokumentum a kontinent\u00e1lis szakaszhoz\u201d c\u00edmmel a Vatik\u00e1n \u00e1ltal megjelentetett munkasz\u00f6veg az alapja a r\u00e9sztvev\u0151k megbesz\u00e9l\u00e9seinek, im\u00e1inak \u00e9s elm\u00e9lked\u00e9seinek. \u201eTedd t\u00e1gass\u00e1 s\u00e1tradban a helyet\u2026\u201d (Iz 54,2) mott\u00f3t visel\u0151 munkadokumentum annak a szint\u00e9zisnek a gy\u00fcm\u00f6lcse, amit a vil\u00e1gegyh\u00e1z 112 p\u00fcsp\u00f6ki konferenci\u00e1j\u00e1nak, valamint a 15 keleti egyh\u00e1znak, a megszentelt \u00e9let int\u00e9zm\u00e9nyeinek \u00e9s az apostoli \u00e9let t\u00e1rsas\u00e1gainak, a laikus mozgalmaknak, valamint a R\u00f3mai K\u00faria 17 dikaszt\u00e9rium\u00e1nak visszajelz\u00e9seib\u0151l \u00e1ll\u00edtottak \u00f6ssze a p\u00fcsp\u00f6ki szin\u00f3dus munkat\u00e1rsai.<\/p>\n<p style=\"text-align: justify;\">A gy\u0171l\u00e9s v\u00e9gleges dokumentum\u00e1t v\u00e1rhat\u00f3an febru\u00e1r 9-\u00e9n, az \u00fcl\u00e9s utols\u00f3 napj\u00e1n hagyj\u00e1k j\u00f3v\u00e1. A z\u00e1r\u00f3dokumentum m\u00e9g nem k\u00edv\u00e1n v\u00e9gleges v\u00e1laszokat javasolni vagy cselekv\u00e9si ir\u00e1nyokat meghat\u00e1rozni.<\/p>\n<p style=\"text-align: justify;\">Ezt k\u00f6vet\u0151en, febru\u00e1r 10-\u00e9n kezd\u0151dik majd az a tal\u00e1lkoz\u00f3, amelyen csak a p\u00fcsp\u00f6ki konferenci\u00e1k eln\u00f6kei vesznek r\u00e9szt. Az egyh\u00e1zi vezet\u0151k a k\u00f6zgy\u0171l\u00e9s z\u00e1r\u00f3dokumentum\u00e1b\u00f3l kiindulva k\u00f6z\u00f6sen \u00e1ttekintik a szin\u00f3dus tapasztalatait, majd \u00f6ssze\u00e1ll\u00edtj\u00e1k saj\u00e1t \u00e9szrev\u00e9teleiket a v\u00e9gleges sz\u00f6veghez.<\/p>\n\n\t\t<style type=\"text\/css\">\n\t\t\t#gallery-1 {\n\t\t\t\tmargin: auto;\n\t\t\t}\n\t\t\t#gallery-1 .gallery-item {\n\t\t\t\tfloat: left;\n\t\t\t\tmargin-top: 10px;\n\t\t\t\ttext-align: center;\n\t\t\t\twidth: 50%;\n\t\t\t}\n\t\t\t#gallery-1 img {\n\t\t\t\tborder: 2px solid #cfcfcf;\n\t\t\t}\n\t\t\t#gallery-1 .gallery-caption {\n\t\t\t\tmargin-left: 0;\n\t\t\t}\n\t\t\t\/* see gallery_shortcode() in wp-includes\/media.php *\/\n\t\t<\/style>\n\t\t<div id='gallery-1' class='gallery galleryid-9960 gallery-columns-2 gallery-size-full'><dl class='gallery-item'>\n\t\t\t<dt class='gallery-icon landscape'>\n\t\t\t\t<a href='https:\/\/munkacs-diocese.org\/hu\/2023\/02\/07\/a-szinodus-kontinentalis-szakaszanak-europai-gyulese-pragaban\/angut-9713\/'><img loading=\"lazy\" decoding=\"async\" width=\"1920\" height=\"1278\" src=\"https:\/\/munkacs-diocese.org\/hu\/wp-content\/uploads\/2023\/02\/angut-9713.jpg\" class=\"attachment-full size-full\" alt=\"\" srcset=\"https:\/\/munkacs-diocese.org\/hu\/wp-content\/uploads\/2023\/02\/angut-9713.jpg 1920w, https:\/\/munkacs-diocese.org\/hu\/wp-content\/uploads\/2023\/02\/angut-9713-300x200.jpg 300w, https:\/\/munkacs-diocese.org\/hu\/wp-content\/uploads\/2023\/02\/angut-9713-1024x682.jpg 1024w, https:\/\/munkacs-diocese.org\/hu\/wp-content\/uploads\/2023\/02\/angut-9713-768x511.jpg 768w, https:\/\/munkacs-diocese.org\/hu\/wp-content\/uploads\/2023\/02\/angut-9713-1536x1022.jpg 1536w, https:\/\/munkacs-diocese.org\/hu\/wp-content\/uploads\/2023\/02\/angut-9713-1080x719.jpg 1080w\" sizes=\"(max-width: 1920px) 100vw, 1920px\" \/><\/a>\n\t\t\t<\/dt><\/dl><dl class='gallery-item'>\n\t\t\t<dt class='gallery-icon landscape'>\n\t\t\t\t<a href='https:\/\/munkacs-diocese.org\/hu\/2023\/02\/07\/a-szinodus-kontinentalis-szakaszanak-europai-gyulese-pragaban\/angut-3967\/'><img loading=\"lazy\" decoding=\"async\" width=\"1920\" height=\"1280\" src=\"https:\/\/munkacs-diocese.org\/hu\/wp-content\/uploads\/2023\/02\/angut-3967.jpg\" class=\"attachment-full size-full\" alt=\"\" srcset=\"https:\/\/munkacs-diocese.org\/hu\/wp-content\/uploads\/2023\/02\/angut-3967.jpg 1920w, https:\/\/munkacs-diocese.org\/hu\/wp-content\/uploads\/2023\/02\/angut-3967-300x200.jpg 300w, https:\/\/munkacs-diocese.org\/hu\/wp-content\/uploads\/2023\/02\/angut-3967-1024x683.jpg 1024w, https:\/\/munkacs-diocese.org\/hu\/wp-content\/uploads\/2023\/02\/angut-3967-768x512.jpg 768w, https:\/\/munkacs-diocese.org\/hu\/wp-content\/uploads\/2023\/02\/angut-3967-1536x1024.jpg 1536w, https:\/\/munkacs-diocese.org\/hu\/wp-content\/uploads\/2023\/02\/angut-3967-1080x720.jpg 1080w\" sizes=\"(max-width: 1920px) 100vw, 1920px\" \/><\/a>\n\t\t\t<\/dt><\/dl><br style=\"clear: both\" \/>\n\t\t<\/div>\n\n<p style=\"text-align: justify;\">Ukrajn\u00e1t Pr\u00e1g\u00e1ban h\u00e1rom k\u00fcld\u00f6tts\u00e9g k\u00e9pviseli: az ukr\u00e1n g\u00f6r\u00f6gkatolikus egyh\u00e1z, a r\u00f3mai katolikus egyh\u00e1z \u00e9s a Munk\u00e1csi G\u00f6r\u00f6gkatolikus Egyh\u00e1zmegye. K\u00f6zt\u00fck vannak p\u00fcsp\u00f6k\u00f6k, egyh\u00e1zmegy\u00e9s papok, szerzestes &#8211; \u00e9s vil\u00e1gi n\u0151k. (A deleg\u00e1ltak neve itt megtekinthet\u0151) Rajtuk k\u00edv\u00fcl minden egyh\u00e1zmegy\u00e9b\u0151l vannak kinevezett szem\u00e9lyek, aki online vesznek r\u00e9szt a konferenci\u00e1n \u00e9s a csoportmunk\u00e1ban.<\/p>\n<p style=\"text-align: justify;\">\u201eNem az\u00e9rt vagyunk itt, hogy a t\u00f6rekv\u00e9seinkre vagy vil\u00e1gn\u00e9zeteinkre \u00f6sszpontos\u00edtsunk, hanem hogy meg\u00e9rts\u00fck, hogyan tudunk mi, az eur\u00f3pai egyh\u00e1z, val\u00f3ban szin\u00f3dusi egyh\u00e1zz\u00e1 v\u00e1lni. (\u2026) Nem a tan\u00edt\u00e1s megv\u00e1ltoztat\u00e1s\u00e1r\u00f3l van sz\u00f3, hanem a tan\u00edt\u00e1s meg\u00e9rt\u00e9s\u00e9r\u0151l \u00e9s sz\u00ednlel\u00e9s n\u00e9lk\u00fcli tov\u00e1bbad\u00e1s\u00e1r\u00f3l.\u201d &#8211; hangs\u00falyozta megnyit\u00f3 besz\u00e9d\u00e9ben Mons. Gintaras Gru\u0161as, vilniusi \u00e9rsek, az Eur\u00f3pai P\u00fcsp\u00f6ki Konferenci\u00e1k Tan\u00e1cs\u00e1nak eln\u00f6ke.<\/p>\n<p style=\"text-align: justify;\">Olekszandr Jazloveckij, a Kijev-Zsitomiri R\u00f3mai Katolikus Egyh\u00e1zmegye seg\u00e9dp\u00fcsp\u00f6ke, az ukr\u00e1n deleg\u00e1ci\u00f3 tagja az els\u0151 napon ezekkel a szavakkal osztotta meg szem\u00e9lyes benyom\u00e1s\u00e1t:<\/p>\n<p style=\"text-align: justify;\">\u201eAz a benyom\u00e1som, hogy egy csal\u00e1dban vagyok. T\u00f6bb felsz\u00f3lal\u00f3t is meghallgattunk m\u00e1r, akik j\u00f3l felv\u00e1zolt\u00e1k a zsinati folyamatot. Nagyon fontos, hogy ezt az utat v\u00e1lasztottuk, mert ez a v\u00e1lasz korunk sz\u00fcks\u00e9gleteire. (\u2026) Term\u00e9szetesen sokan k\u00e9rdeznek minket arr\u00f3l, mi t\u00f6rt\u00e9nik Ukrajn\u00e1ban. Olyan ez, mint egy csal\u00e1dban: itt temet\u00e9s van, ott meg esk\u00fcv\u0151re k\u00e9sz\u00fclnek, \u00e9s mindez egyszerre t\u00f6rt\u00e9nik. (\u2026) Meg\u00e9rtj\u00fck, hogy a vil\u00e1g nem korl\u00e1toz\u00f3dhat csak Ukrajn\u00e1ra, b\u00e1r term\u00e9szetesen az \u00e1ll hozz\u00e1nk a legk\u00f6zelebb. Az egyh\u00e1z azonban fejl\u0151dik, \u00e9s v\u00e1laszolnia kell a fenn\u00e1ll\u00f3 kih\u00edv\u00e1sokra, \u00e9s mi is megpr\u00f3b\u00e1lunk ebben r\u00e9szt venni.\u201d<\/p>\n\n\t\t<style type=\"text\/css\">\n\t\t\t#gallery-2 {\n\t\t\t\tmargin: auto;\n\t\t\t}\n\t\t\t#gallery-2 .gallery-item {\n\t\t\t\tfloat: left;\n\t\t\t\tmargin-top: 10px;\n\t\t\t\ttext-align: center;\n\t\t\t\twidth: 50%;\n\t\t\t}\n\t\t\t#gallery-2 img {\n\t\t\t\tborder: 2px solid #cfcfcf;\n\t\t\t}\n\t\t\t#gallery-2 .gallery-caption {\n\t\t\t\tmargin-left: 0;\n\t\t\t}\n\t\t\t\/* see gallery_shortcode() in wp-includes\/media.php *\/\n\t\t<\/style>\n\t\t<div id='gallery-2' class='gallery galleryid-9960 gallery-columns-2 gallery-size-full'><dl class='gallery-item'>\n\t\t\t<dt class='gallery-icon landscape'>\n\t\t\t\t<a href='https:\/\/munkacs-diocese.org\/hu\/2023\/02\/07\/a-szinodus-kontinentalis-szakaszanak-europai-gyulese-pragaban\/cq5dam-thumbnail-cropped-750-422-9\/'><img loading=\"lazy\" decoding=\"async\" width=\"750\" height=\"422\" src=\"https:\/\/munkacs-diocese.org\/hu\/wp-content\/uploads\/2023\/02\/cq5dam.thumbnail.cropped.750.422.jpeg\" class=\"attachment-full size-full\" alt=\"\" srcset=\"https:\/\/munkacs-diocese.org\/hu\/wp-content\/uploads\/2023\/02\/cq5dam.thumbnail.cropped.750.422.jpeg 750w, https:\/\/munkacs-diocese.org\/hu\/wp-content\/uploads\/2023\/02\/cq5dam.thumbnail.cropped.750.422-300x169.jpeg 300w\" sizes=\"(max-width: 750px) 100vw, 750px\" \/><\/a>\n\t\t\t<\/dt><\/dl><dl class='gallery-item'>\n\t\t\t<dt class='gallery-icon landscape'>\n\t\t\t\t<a href='https:\/\/munkacs-diocese.org\/hu\/2023\/02\/07\/a-szinodus-kontinentalis-szakaszanak-europai-gyulese-pragaban\/cq5dam-thumbnail-cropped-750-422-1-3\/'><img loading=\"lazy\" decoding=\"async\" width=\"750\" height=\"422\" src=\"https:\/\/munkacs-diocese.org\/hu\/wp-content\/uploads\/2023\/02\/cq5dam.thumbnail.cropped.750.422-1.jpeg\" class=\"attachment-full size-full\" alt=\"\" srcset=\"https:\/\/munkacs-diocese.org\/hu\/wp-content\/uploads\/2023\/02\/cq5dam.thumbnail.cropped.750.422-1.jpeg 750w, https:\/\/munkacs-diocese.org\/hu\/wp-content\/uploads\/2023\/02\/cq5dam.thumbnail.cropped.750.422-1-300x169.jpeg 300w\" sizes=\"(max-width: 750px) 100vw, 750px\" \/><\/a>\n\t\t\t<\/dt><\/dl><br style=\"clear: both\" \/>\n\t\t<\/div>\n\n<p style=\"text-align: justify;\">Arra a k\u00e9rd\u00e9sre, hogy \u201eMit jelent \u00f6nnek a zsinat egy \u00e9vvel a konfliktus kezdete ut\u00e1n?\u201d, Olekszandr p\u00fcsp\u00f6k \u00edgy v\u00e1laszolt:<\/p>\n<p style=\"text-align: justify;\">\u201eEgy kiss\u00e9 a zavarodotts\u00e1g \u00e1llapot\u00e1ban tal\u00e1ltam volna magam, mert a sok harm\u00f3ni\u00e1r\u00f3l besz\u00e9l\u0151 val\u00f3s\u00e1g k\u00f6zepette mintha folyamatosan gy\u00e1szt hordozn\u00e9k magamban. (\u2026) Az igazat megvallva neh\u00e9z szinodalit\u00e1sr\u00f3l besz\u00e9lni. Amikor a zsinat megkezd\u0151d\u00f6tt, engem neveztek ki, hogy koordin\u00e1ljam a h\u00e9t r\u00f3mai katolikus egyh\u00e1zmegy\u00e9nk munk\u00e1j\u00e1t. \u00dagy kezdt\u00fck, mint mindenki m\u00e1s, a rem\u00e9nyeinkkel, f\u00e9lelmeinkkel. De amikor kit\u00f6rt a h\u00e1bor\u00fa, nyilv\u00e1nval\u00f3an m\u00e1s lett a priorit\u00e1s. Neh\u00e9z sz\u00e1munkra k\u00f6vetni ezt a munk\u00e1t, \u00e9s az igazat megvallva, nem igaz\u00e1n akartam elj\u00f6nni. Meg\u00e9rtem, hogy a vil\u00e1g megy tov\u00e1bb, hogy az egyh\u00e1znak minden kih\u00edv\u00e1ssal szembe kell n\u00e9znie, de a mi val\u00f3s\u00e1gunk \u00e9s gondolataink sajnos messze vannak. M\u00e1sr\u00e9szr\u0151l viszont elmondhatom, hogy van \u201ej\u00f3 oldala\u201d is annak, amit a h\u00e1bor\u00faban \u00e9l\u00e9s hozott nek\u00fcnk: az emberekhez val\u00f3 k\u00f6zels\u00e9g. (\u2026) Minden pl\u00e9b\u00e1nia egy kis Karit\u00e1sz lett a sok menek\u00fcl\u00e9sre k\u00e9nyszer\u00fclt ember \u00e9s a meg\u00e9lhet\u00e9si sz\u00fcks\u00e9gletek miatt. (\u2026) Rem\u00e9lem, hogy ez a k\u00f6zels\u00e9g, amit ma meg\u00e9l\u00fcnk \u00e9s megtapasztalunk, nem fog elveszni, hanem megmarad.\u201d<\/p>\n","protected":false},"excerpt":{"rendered":"<p>M\u00e9g tal\u00e1n f\u00fcl\u00fcnkben csenghetnek Ferenc p\u00e1pa szavai abb\u00f3l az \u00fczenetb\u0151l, amit a t\u00f6megt\u00e1j\u00e9koztat\u00e1s 56. vil\u00e1gnapja alkalm\u00e1b\u00f3l k\u00fcld\u00f6tt a vil\u00e1gba: \u201eNemr\u00e9giben szinod\u00e1lis folyamatot ind\u00edtottunk. Im\u00e1dkozzunk, hogy ez nagyszer\u0171 alkalom legyen arra, hogy meghallgassuk egym\u00e1st! A k\u00f6z\u00f6ss\u00e9g ugyanis nem strat\u00e9gi\u00e1k \u00e9s programok eredm\u00e9nye, hanem a testv\u00e9rek k\u00f6z\u00f6tti egym\u00e1sra figyel\u00e9sre \u00e9p\u00fcl. Mint a k\u00f3rusban, az egys\u00e9g nem egyformas\u00e1got, [&hellip;]<\/p>\n","protected":false},"author":4,"featured_media":9966,"comment_status":"open","ping_status":"open","sticky":false,"template":"","format":"standard","meta":{"_acf_changed":false,"_et_pb_use_builder":"","_et_pb_old_content":"","_et_gb_content_width":"","footnotes":""},"categories":[10,60],"tags":[],"class_list":["post-9960","post","type-post","status-publish","format-standard","has-post-thumbnail","hentry","category-aktualis-hirek","category-egyeb-egyhazi-hirek","et-has-post-format-content","et_post_format-et-post-format-standard"],"acf":[],"_links":{"self":[{"href":"https:\/\/munkacs-diocese.org\/hu\/wp-json\/wp\/v2\/posts\/9960"}],"collection":[{"href":"https:\/\/munkacs-diocese.org\/hu\/wp-json\/wp\/v2\/posts"}],"about":[{"href":"https:\/\/munkacs-diocese.org\/hu\/wp-json\/wp\/v2\/types\/post"}],"author":[{"embeddable":true,"href":"https:\/\/munkacs-diocese.org\/hu\/wp-json\/wp\/v2\/users\/4"}],"replies":[{"embeddable":true,"href":"https:\/\/munkacs-diocese.org\/hu\/wp-json\/wp\/v2\/comments?post=9960"}],"version-history":[{"count":1,"href":"https:\/\/munkacs-diocese.org\/hu\/wp-json\/wp\/v2\/posts\/9960\/revisions"}],"predecessor-version":[{"id":9968,"href":"https:\/\/munkacs-diocese.org\/hu\/wp-json\/wp\/v2\/posts\/9960\/revisions\/9968"}],"wp:featuredmedia":[{"embeddable":true,"href":"https:\/\/munkacs-diocese.org\/hu\/wp-json\/wp\/v2\/media\/9966"}],"wp:attachment":[{"href":"https:\/\/munkacs-diocese.org\/hu\/wp-json\/wp\/v2\/media?parent=9960"}],"wp:term":[{"taxonomy":"category","embeddable":true,"href":"https:\/\/munkacs-diocese.org\/hu\/wp-json\/wp\/v2\/categories?post=9960"},{"taxonomy":"post_tag","embeddable":true,"href":"https:\/\/munkacs-diocese.org\/hu\/wp-json\/wp\/v2\/tags?post=9960"}],"curies":[{"name":"wp","href":"https:\/\/api.w.org\/{rel}","templated":true}]}}