{"id":991,"date":"2014-01-19T06:49:21","date_gmt":"2014-01-19T04:49:21","guid":{"rendered":"http:\/\/munkacs-diocese.org\/hu\/2014\/01\/19\/a-misszio\/"},"modified":"2014-01-19T06:49:21","modified_gmt":"2014-01-19T04:49:21","slug":"a-misszio","status":"publish","type":"post","link":"https:\/\/munkacs-diocese.org\/hu\/2014\/01\/19\/a-misszio\/","title":{"rendered":"A misszi\u00f3"},"content":{"rendered":"<div id=\"fb-root\"><\/div>\n<p style=\"text-align: left;\"><span style=\"font-size: 12pt;\"><strong><\/strong><\/span><strong><em>Filmaj\u00e1nl\u00f3<\/em><\/strong><\/p>\n<p style=\"text-align: center;\"><span style=\"font-size: 12pt;\"><strong><\/strong><\/span><\/p>\n<p style=\"text-align: center;\"><span style=\"font-size: 12pt;\"><strong>A misszi\u00f3<\/strong><\/span><\/p>\n<p><img loading=\"lazy\" decoding=\"async\" class=\" alignleft size-full wp-image-990\" style=\"float: left;\" alt=\"misszio\" src=\"https:\/\/munkacs-diocese.org\/hu\/wp-content\/uploads\/2014\/01\/misszio.jpg\" height=\"74\" width=\"130\" srcset=\"https:\/\/munkacs-diocese.org\/hu\/wp-content\/uploads\/2014\/01\/misszio.jpg 400w, https:\/\/munkacs-diocese.org\/hu\/wp-content\/uploads\/2014\/01\/misszio-300x171.jpg 300w\" sizes=\"(max-width: 130px) 100vw, 130px\" \/>A misszi\u00f3 egy neh\u00e9z, de gy\u00f6ny\u00f6r\u0171 film. A felejthetetlen nyit\u00f3 k\u00e9psorokt\u00f3l a n\u00e9ma d\u00e9l-amerikai bennsz\u00fcl\u00f6ttek \u00e9s az ugyancsak n\u00e9ma jezsuit\u00e1k v\u00e9rtan\u00fas\u00e1g\u00e1nak megd\u00f6bbent\u0151 lefest\u00e9s\u00e9ig, a film \u00e9les \u00e9s sajg\u00f3 \u00e1br\u00e1zol\u00e1sokkal \u00e9s k\u00e9pekkel suhan v\u00e9gig a szem\u00fcnk el\u0151tt. A dr\u00e1ma sz\u00e9tsz\u00f3rtnak t\u0171nik, egy nyilv\u00e1nval\u00f3 k\u00f6z\u00e9ppont n\u00e9lk\u00fcl, s\u0151t egy nyilv\u00e1nval\u00f3 f\u0151h\u0151s n\u00e9lk\u00fcl.<\/p>\n<p>  <!--more-->  <\/p>\n<p>A h\u00e1rom kulcsszerepl\u0151b\u0151l kiv\u00e1logathatjuk a legkiv\u00e1l\u00f3bbat, a legkorruptabbat \u00e9s a legtragikusabbat. De a film nem egy\u00e9rtelm\u0171en az \u0151 t\u00f6rt\u00e9net\u00fckr\u0151l sz\u00f3l. A misszi\u00f3 egy gazdag jelent\u00e9s\u0171, kih\u00edv\u00f3 film, mely a l\u00e9lek \u00e9s a test, az ideiglenes \u00e9s az \u00f6r\u00f6k dolgok m\u00e9ly\u00e9t kutatja, valamint e n\u00e9gy t\u00e9ma kapcsolatait. Nem mondhatjuk, hogy t\u00f6k\u00e9letesen ny\u00fal a t\u00e9m\u00e1hoz, de a k\u00e9ts\u00e9gbees\u00e9s, a b\u0171nb\u00e1nat \u00e9s a megv\u00e1lt\u00e1s olyan k\u00e9psorait tartalmazza, melyeket nem tud elfelejteni az ember<\/p>\n<p>&nbsp;<\/p>\n","protected":false},"excerpt":{"rendered":"<p>Filmaj\u00e1nl\u00f3 A misszi\u00f3 A misszi\u00f3 egy neh\u00e9z, de gy\u00f6ny\u00f6r\u0171 film. A felejthetetlen nyit\u00f3 k\u00e9psorokt\u00f3l a n\u00e9ma d\u00e9l-amerikai bennsz\u00fcl\u00f6ttek \u00e9s az ugyancsak n\u00e9ma jezsuit\u00e1k v\u00e9rtan\u00fas\u00e1g\u00e1nak megd\u00f6bbent\u0151 lefest\u00e9s\u00e9ig, a film \u00e9les \u00e9s sajg\u00f3 \u00e1br\u00e1zol\u00e1sokkal \u00e9s k\u00e9pekkel suhan v\u00e9gig a szem\u00fcnk el\u0151tt. A dr\u00e1ma sz\u00e9tsz\u00f3rtnak t\u0171nik, egy nyilv\u00e1nval\u00f3 k\u00f6z\u00e9ppont n\u00e9lk\u00fcl, s\u0151t egy nyilv\u00e1nval\u00f3 f\u0151h\u0151s n\u00e9lk\u00fcl.<\/p>\n","protected":false},"author":1,"featured_media":990,"comment_status":"open","ping_status":"open","sticky":false,"template":"","format":"standard","meta":{"_acf_changed":false,"_et_pb_use_builder":"","_et_pb_old_content":"","_et_gb_content_width":"","footnotes":""},"categories":[12],"tags":[],"class_list":["post-991","post","type-post","status-publish","format-standard","has-post-thumbnail","hentry","category-filmek","et-has-post-format-content","et_post_format-et-post-format-standard"],"acf":[],"_links":{"self":[{"href":"https:\/\/munkacs-diocese.org\/hu\/wp-json\/wp\/v2\/posts\/991"}],"collection":[{"href":"https:\/\/munkacs-diocese.org\/hu\/wp-json\/wp\/v2\/posts"}],"about":[{"href":"https:\/\/munkacs-diocese.org\/hu\/wp-json\/wp\/v2\/types\/post"}],"author":[{"embeddable":true,"href":"https:\/\/munkacs-diocese.org\/hu\/wp-json\/wp\/v2\/users\/1"}],"replies":[{"embeddable":true,"href":"https:\/\/munkacs-diocese.org\/hu\/wp-json\/wp\/v2\/comments?post=991"}],"version-history":[{"count":0,"href":"https:\/\/munkacs-diocese.org\/hu\/wp-json\/wp\/v2\/posts\/991\/revisions"}],"wp:featuredmedia":[{"embeddable":true,"href":"https:\/\/munkacs-diocese.org\/hu\/wp-json\/wp\/v2\/media\/990"}],"wp:attachment":[{"href":"https:\/\/munkacs-diocese.org\/hu\/wp-json\/wp\/v2\/media?parent=991"}],"wp:term":[{"taxonomy":"category","embeddable":true,"href":"https:\/\/munkacs-diocese.org\/hu\/wp-json\/wp\/v2\/categories?post=991"},{"taxonomy":"post_tag","embeddable":true,"href":"https:\/\/munkacs-diocese.org\/hu\/wp-json\/wp\/v2\/tags?post=991"}],"curies":[{"name":"wp","href":"https:\/\/api.w.org\/{rel}","templated":true}]}}