{"id":9906,"date":"2023-01-27T16:00:24","date_gmt":"2023-01-27T15:00:24","guid":{"rendered":"https:\/\/munkacs-diocese.org\/hu\/?p=9906"},"modified":"2023-01-27T16:00:24","modified_gmt":"2023-01-27T15:00:24","slug":"keresztenyek-kozos-fohasza-okumenikus-imaalkalmak-munkacson","status":"publish","type":"post","link":"https:\/\/munkacs-diocese.org\/hu\/2023\/01\/27\/keresztenyek-kozos-fohasza-okumenikus-imaalkalmak-munkacson\/","title":{"rendered":"Kereszt\u00e9nyek k\u00f6z\u00f6s foh\u00e1sza \u2013 \u00f6kumenikus imaalkalmak Munk\u00e1cson"},"content":{"rendered":"<div id=\"fb-root\"><\/div>\n<p style=\"text-align: justify;\"><strong>Id\u00e9n a 2023. janu\u00e1r 18-25. k\u00f6z\u00f6tt meghirdet\u00e9sre ker\u00fcl\u0151 \u00f6kumenikus imah\u00e9t anyag\u00e1t az Egyes\u00fclt \u00c1llamokban m\u0171k\u00f6d\u0151 Minnesotai Egyh\u00e1zak Tan\u00e1csa \u00e1ltal kijel\u00f6lt kereszt\u00e9nyek csoportja v\u00e1lasztotta, melynek mott\u00f3ja: \u201eTanuljatok meg j\u00f3t cselekedni, t\u00f6rekedjetek az igazs\u00e1gra\u201d (Iz 1,17).<\/strong><\/p>\n<p style=\"text-align: justify;\">Egyh\u00e1zmegy\u00e9nkben az imah\u00e9t a Munk\u00e1csi Szent M\u00e1rton Sz\u00e9kesegyh\u00e1zban tartott ima\u00f3r\u00e1val kezd\u0151d\u00f6tt.<\/p>\n<p style=\"text-align: justify;\">A k\u00f6z\u00f6s im\u00e1t Lucsok Mikl\u00f3s OP p\u00fcsp\u00f6k, a R\u00f3mai Katolikus Egyh\u00e1z Munk\u00e1csi Egyh\u00e1zmegy\u00e9j\u00e9nek apostoli korm\u00e1nyz\u00f3ja vezette. Az Ig\u00e9t az \u201e\u00daj Teremt\u00e9s\u201d Evang\u00e9liumi Kereszty\u00e9n Gy\u00fclekezet lelk\u00e9sze, Petro Babij hirdette. Az \u00f6kumenikus im\u00e1n r\u00e9szt vettek a Munk\u00e1csi R\u00f3mai Katolikus \u00e9s G\u00f6r\u00f6gkatolikus Egyh\u00e1zmegye papjai, a K\u00e1rp\u00e1taljai Reform\u00e1tus Egyh\u00e1z, az \u00c9l\u0151 Isten Kereszt\u00e9ny Evang\u00e9liumi Egyh\u00e1z \u00e9s a Reform\u00e1tus Kereszty\u00e9n Gy\u00fclekezet lelk\u00e9szei.<\/p>\n\n\t\t<style type=\"text\/css\">\n\t\t\t#gallery-1 {\n\t\t\t\tmargin: auto;\n\t\t\t}\n\t\t\t#gallery-1 .gallery-item {\n\t\t\t\tfloat: left;\n\t\t\t\tmargin-top: 10px;\n\t\t\t\ttext-align: center;\n\t\t\t\twidth: 25%;\n\t\t\t}\n\t\t\t#gallery-1 img {\n\t\t\t\tborder: 2px solid #cfcfcf;\n\t\t\t}\n\t\t\t#gallery-1 .gallery-caption {\n\t\t\t\tmargin-left: 0;\n\t\t\t}\n\t\t\t\/* see gallery_shortcode() in wp-includes\/media.php *\/\n\t\t<\/style>\n\t\t<div id='gallery-1' class='gallery galleryid-9906 gallery-columns-4 gallery-size-full'><dl class='gallery-item'>\n\t\t\t<dt class='gallery-icon landscape'>\n\t\t\t\t<a href='https:\/\/munkacs-diocese.org\/hu\/2023\/01\/27\/keresztenyek-kozos-fohasza-okumenikus-imaalkalmak-munkacson\/m2_3\/'><img loading=\"lazy\" decoding=\"async\" width=\"1296\" height=\"864\" src=\"https:\/\/munkacs-diocese.org\/hu\/wp-content\/uploads\/2023\/01\/M2_3.jpg\" class=\"attachment-full size-full\" alt=\"\" srcset=\"https:\/\/munkacs-diocese.org\/hu\/wp-content\/uploads\/2023\/01\/M2_3.jpg 1296w, https:\/\/munkacs-diocese.org\/hu\/wp-content\/uploads\/2023\/01\/M2_3-300x200.jpg 300w, https:\/\/munkacs-diocese.org\/hu\/wp-content\/uploads\/2023\/01\/M2_3-1024x683.jpg 1024w, https:\/\/munkacs-diocese.org\/hu\/wp-content\/uploads\/2023\/01\/M2_3-768x512.jpg 768w, https:\/\/munkacs-diocese.org\/hu\/wp-content\/uploads\/2023\/01\/M2_3-1080x720.jpg 1080w\" sizes=\"(max-width: 1296px) 100vw, 1296px\" \/><\/a>\n\t\t\t<\/dt><\/dl><dl class='gallery-item'>\n\t\t\t<dt class='gallery-icon landscape'>\n\t\t\t\t<a href='https:\/\/munkacs-diocese.org\/hu\/2023\/01\/27\/keresztenyek-kozos-fohasza-okumenikus-imaalkalmak-munkacson\/m2_2\/'><img loading=\"lazy\" decoding=\"async\" width=\"1296\" height=\"864\" src=\"https:\/\/munkacs-diocese.org\/hu\/wp-content\/uploads\/2023\/01\/M2_2.jpg\" class=\"attachment-full size-full\" alt=\"\" srcset=\"https:\/\/munkacs-diocese.org\/hu\/wp-content\/uploads\/2023\/01\/M2_2.jpg 1296w, https:\/\/munkacs-diocese.org\/hu\/wp-content\/uploads\/2023\/01\/M2_2-300x200.jpg 300w, https:\/\/munkacs-diocese.org\/hu\/wp-content\/uploads\/2023\/01\/M2_2-1024x683.jpg 1024w, https:\/\/munkacs-diocese.org\/hu\/wp-content\/uploads\/2023\/01\/M2_2-768x512.jpg 768w, https:\/\/munkacs-diocese.org\/hu\/wp-content\/uploads\/2023\/01\/M2_2-1080x720.jpg 1080w\" sizes=\"(max-width: 1296px) 100vw, 1296px\" \/><\/a>\n\t\t\t<\/dt><\/dl><dl class='gallery-item'>\n\t\t\t<dt class='gallery-icon landscape'>\n\t\t\t\t<a href='https:\/\/munkacs-diocese.org\/hu\/2023\/01\/27\/keresztenyek-kozos-fohasza-okumenikus-imaalkalmak-munkacson\/m2_1\/'><img loading=\"lazy\" decoding=\"async\" width=\"1296\" height=\"864\" src=\"https:\/\/munkacs-diocese.org\/hu\/wp-content\/uploads\/2023\/01\/M2_1.jpg\" class=\"attachment-full size-full\" alt=\"\" srcset=\"https:\/\/munkacs-diocese.org\/hu\/wp-content\/uploads\/2023\/01\/M2_1.jpg 1296w, https:\/\/munkacs-diocese.org\/hu\/wp-content\/uploads\/2023\/01\/M2_1-300x200.jpg 300w, https:\/\/munkacs-diocese.org\/hu\/wp-content\/uploads\/2023\/01\/M2_1-1024x683.jpg 1024w, https:\/\/munkacs-diocese.org\/hu\/wp-content\/uploads\/2023\/01\/M2_1-768x512.jpg 768w, https:\/\/munkacs-diocese.org\/hu\/wp-content\/uploads\/2023\/01\/M2_1-1080x720.jpg 1080w\" sizes=\"(max-width: 1296px) 100vw, 1296px\" \/><\/a>\n\t\t\t<\/dt><\/dl><dl class='gallery-item'>\n\t\t\t<dt class='gallery-icon landscape'>\n\t\t\t\t<a href='https:\/\/munkacs-diocese.org\/hu\/2023\/01\/27\/keresztenyek-kozos-fohasza-okumenikus-imaalkalmak-munkacson\/m2_4\/'><img loading=\"lazy\" decoding=\"async\" width=\"1296\" height=\"864\" src=\"https:\/\/munkacs-diocese.org\/hu\/wp-content\/uploads\/2023\/01\/M2_4.jpg\" class=\"attachment-full size-full\" alt=\"\" srcset=\"https:\/\/munkacs-diocese.org\/hu\/wp-content\/uploads\/2023\/01\/M2_4.jpg 1296w, https:\/\/munkacs-diocese.org\/hu\/wp-content\/uploads\/2023\/01\/M2_4-300x200.jpg 300w, https:\/\/munkacs-diocese.org\/hu\/wp-content\/uploads\/2023\/01\/M2_4-1024x683.jpg 1024w, https:\/\/munkacs-diocese.org\/hu\/wp-content\/uploads\/2023\/01\/M2_4-768x512.jpg 768w, https:\/\/munkacs-diocese.org\/hu\/wp-content\/uploads\/2023\/01\/M2_4-1080x720.jpg 1080w\" sizes=\"(max-width: 1296px) 100vw, 1296px\" \/><\/a>\n\t\t\t<\/dt><\/dl><br style=\"clear: both\" \/>\n\t\t<\/div>\n\n<p style=\"text-align: center;\"><em>Im\u00e1ds\u00e1g a Szent M\u00e1rton Sz\u00e9kesegyh\u00e1zban<\/em><\/p>\n<p style=\"text-align: justify;\">A k\u00f6vetkez\u0151 h\u00e1rom napban hasonl\u00f3 ima\u00f3r\u00e1kat tartottak a Szentl\u00e9lek Elj\u00f6vetele G\u00f6r\u00f6gkatolikus Templomban, az \u00c9l\u0151 Isten Kereszt\u00e9ny Evang\u00e9liumi Egyh\u00e1z imah\u00e1z\u00e1ban \u00e9s a Reform\u00e1tus templomban.<\/p>\n\n\t\t<style type=\"text\/css\">\n\t\t\t#gallery-2 {\n\t\t\t\tmargin: auto;\n\t\t\t}\n\t\t\t#gallery-2 .gallery-item {\n\t\t\t\tfloat: left;\n\t\t\t\tmargin-top: 10px;\n\t\t\t\ttext-align: center;\n\t\t\t\twidth: 25%;\n\t\t\t}\n\t\t\t#gallery-2 img {\n\t\t\t\tborder: 2px solid #cfcfcf;\n\t\t\t}\n\t\t\t#gallery-2 .gallery-caption {\n\t\t\t\tmargin-left: 0;\n\t\t\t}\n\t\t\t\/* see gallery_shortcode() in wp-includes\/media.php *\/\n\t\t<\/style>\n\t\t<div id='gallery-2' class='gallery galleryid-9906 gallery-columns-4 gallery-size-full'><dl class='gallery-item'>\n\t\t\t<dt class='gallery-icon landscape'>\n\t\t\t\t<a href='https:\/\/munkacs-diocese.org\/hu\/2023\/01\/27\/keresztenyek-kozos-fohasza-okumenikus-imaalkalmak-munkacson\/m3_1\/'><img loading=\"lazy\" decoding=\"async\" width=\"1296\" height=\"864\" src=\"https:\/\/munkacs-diocese.org\/hu\/wp-content\/uploads\/2023\/01\/M3_1.jpg\" class=\"attachment-full size-full\" alt=\"\" srcset=\"https:\/\/munkacs-diocese.org\/hu\/wp-content\/uploads\/2023\/01\/M3_1.jpg 1296w, https:\/\/munkacs-diocese.org\/hu\/wp-content\/uploads\/2023\/01\/M3_1-300x200.jpg 300w, https:\/\/munkacs-diocese.org\/hu\/wp-content\/uploads\/2023\/01\/M3_1-1024x683.jpg 1024w, https:\/\/munkacs-diocese.org\/hu\/wp-content\/uploads\/2023\/01\/M3_1-768x512.jpg 768w, https:\/\/munkacs-diocese.org\/hu\/wp-content\/uploads\/2023\/01\/M3_1-1080x720.jpg 1080w\" sizes=\"(max-width: 1296px) 100vw, 1296px\" \/><\/a>\n\t\t\t<\/dt><\/dl><dl class='gallery-item'>\n\t\t\t<dt class='gallery-icon landscape'>\n\t\t\t\t<a href='https:\/\/munkacs-diocese.org\/hu\/2023\/01\/27\/keresztenyek-kozos-fohasza-okumenikus-imaalkalmak-munkacson\/m3_4\/'><img loading=\"lazy\" decoding=\"async\" width=\"2048\" height=\"1365\" src=\"https:\/\/munkacs-diocese.org\/hu\/wp-content\/uploads\/2023\/01\/M3_4.jpg\" class=\"attachment-full size-full\" alt=\"\" srcset=\"https:\/\/munkacs-diocese.org\/hu\/wp-content\/uploads\/2023\/01\/M3_4.jpg 2048w, https:\/\/munkacs-diocese.org\/hu\/wp-content\/uploads\/2023\/01\/M3_4-300x200.jpg 300w, https:\/\/munkacs-diocese.org\/hu\/wp-content\/uploads\/2023\/01\/M3_4-1024x683.jpg 1024w, https:\/\/munkacs-diocese.org\/hu\/wp-content\/uploads\/2023\/01\/M3_4-768x512.jpg 768w, https:\/\/munkacs-diocese.org\/hu\/wp-content\/uploads\/2023\/01\/M3_4-1536x1024.jpg 1536w, https:\/\/munkacs-diocese.org\/hu\/wp-content\/uploads\/2023\/01\/M3_4-1080x720.jpg 1080w\" sizes=\"(max-width: 2048px) 100vw, 2048px\" \/><\/a>\n\t\t\t<\/dt><\/dl><dl class='gallery-item'>\n\t\t\t<dt class='gallery-icon landscape'>\n\t\t\t\t<a href='https:\/\/munkacs-diocese.org\/hu\/2023\/01\/27\/keresztenyek-kozos-fohasza-okumenikus-imaalkalmak-munkacson\/m3_3\/'><img loading=\"lazy\" decoding=\"async\" width=\"2048\" height=\"1365\" src=\"https:\/\/munkacs-diocese.org\/hu\/wp-content\/uploads\/2023\/01\/M3_3.jpg\" class=\"attachment-full size-full\" alt=\"\" srcset=\"https:\/\/munkacs-diocese.org\/hu\/wp-content\/uploads\/2023\/01\/M3_3.jpg 2048w, https:\/\/munkacs-diocese.org\/hu\/wp-content\/uploads\/2023\/01\/M3_3-300x200.jpg 300w, https:\/\/munkacs-diocese.org\/hu\/wp-content\/uploads\/2023\/01\/M3_3-1024x683.jpg 1024w, https:\/\/munkacs-diocese.org\/hu\/wp-content\/uploads\/2023\/01\/M3_3-768x512.jpg 768w, https:\/\/munkacs-diocese.org\/hu\/wp-content\/uploads\/2023\/01\/M3_3-1536x1024.jpg 1536w, https:\/\/munkacs-diocese.org\/hu\/wp-content\/uploads\/2023\/01\/M3_3-1080x720.jpg 1080w\" sizes=\"(max-width: 2048px) 100vw, 2048px\" \/><\/a>\n\t\t\t<\/dt><\/dl><dl class='gallery-item'>\n\t\t\t<dt class='gallery-icon landscape'>\n\t\t\t\t<a href='https:\/\/munkacs-diocese.org\/hu\/2023\/01\/27\/keresztenyek-kozos-fohasza-okumenikus-imaalkalmak-munkacson\/m3_2\/'><img loading=\"lazy\" decoding=\"async\" width=\"2048\" height=\"1365\" src=\"https:\/\/munkacs-diocese.org\/hu\/wp-content\/uploads\/2023\/01\/M3_2.jpg\" class=\"attachment-full size-full\" alt=\"\" srcset=\"https:\/\/munkacs-diocese.org\/hu\/wp-content\/uploads\/2023\/01\/M3_2.jpg 2048w, https:\/\/munkacs-diocese.org\/hu\/wp-content\/uploads\/2023\/01\/M3_2-300x200.jpg 300w, https:\/\/munkacs-diocese.org\/hu\/wp-content\/uploads\/2023\/01\/M3_2-1024x683.jpg 1024w, https:\/\/munkacs-diocese.org\/hu\/wp-content\/uploads\/2023\/01\/M3_2-768x512.jpg 768w, https:\/\/munkacs-diocese.org\/hu\/wp-content\/uploads\/2023\/01\/M3_2-1536x1024.jpg 1536w, https:\/\/munkacs-diocese.org\/hu\/wp-content\/uploads\/2023\/01\/M3_2-1080x720.jpg 1080w\" sizes=\"(max-width: 2048px) 100vw, 2048px\" \/><\/a>\n\t\t\t<\/dt><\/dl><br style=\"clear: both\" \/>\n\t\t<\/div>\n\n<p style=\"text-align: center;\"><em>Im\u00e1ds\u00e1g a Szentl\u00e9lek Elj\u00f6vetele G\u00f6r\u00f6gkatolikus Templomban<\/em><\/p>\n<p style=\"text-align: justify;\">A z\u00e1r\u00f3 alkalmon, amelyet a Reform\u00e1tus templomban rendeztek meg, Fizer Jen\u0151 atya, munk\u00e1csi k\u00e1pl\u00e1n mondott besz\u00e9det, amelyben \u2013 t\u00f6bbek k\u00f6z\u00f6tt \u2013 al\u00e1h\u00fazta, hogy az egys\u00e9g \u00e9rt\u00e9k. \u201eAz emberek k\u00e9szek az \u00e9let\u00fcket adni az \u00e9rt\u00e9kek\u00e9rt. A t\u00e9ny, hogy most itt vagyunk, azt jelenti, hogy az egys\u00e9g sz\u00e1munkra \u00e9rt\u00e9k.\u201d Az evang\u00e9lium szavai a boldogs\u00e1gokra ir\u00e1ny\u00edtott\u00e1k a r\u00e9sztvev\u0151k figyelm\u00e9t, melyek Isten \u00e9letszeml\u00e9let\u00e9t t\u00e1rj\u00e1k el\u00e9nk. \u201eJ\u00e9zus azt mondja, boldogok, akik s\u00edrnak, akik szeg\u00e9nyek&#8230; mert megkapj\u00e1k a Szentlelket, Istennel \u00e9lnek. Boldogok lehet\u00fcnk h\u00e1t akkor is, amikor k\u00fcl\u00f6nb\u00f6z\u0151 neh\u00e9zs\u00e9geket \u00e9l\u00fcnk \u00e1t.\u201d<\/p>\n<p style=\"text-align: justify;\">A kereszt\u00e9nyek egys\u00e9g\u00e9\u00e9rt mondott ima mindenkit egyes\u00edtett, a jelenl\u00e9v\u0151k egy\u00fctt im\u00e1dkoztak, \u00e9nekeltek, k\u00f6ny\u00f6r\u00f6gtek, hallgatt\u00e1k az Ig\u00e9t, \u00e9s egy sz\u00edvvel-l\u00e9lekkel k\u00e9rt\u00e9k a Mindenhat\u00f3 Aty\u00e1t\u00f3l a b\u00e9ke aj\u00e1nd\u00e9k\u00e1t a sz\u00edveikbe, v\u00e1rosaikba \u00e9s az eg\u00e9sz orsz\u00e1gba.<\/p>\n<p style=\"text-align: justify;\">\u201eFontos, hogy egy\u00fctt im\u00e1dkozzunk a kereszt\u00e9nyek egys\u00e9g\u00e9\u00e9rt\u201d \u2013 h\u00fazta al\u00e1 a munk\u00e1csi pl\u00e9b\u00e1nos, Pog\u00e1ny Istv\u00e1n atya.<\/p>\n<p style=\"text-align: justify;\">A k\u00f6z\u00f6s ima most m\u00e1r nemcsak a v\u00e1ros k\u00fcl\u00f6nb\u00f6z\u0151 k\u00f6z\u00f6ss\u00e9geinek k\u00e9pvisel\u0151it egyes\u00edti, hanem a helyi lakosokat is \u00f6sszek\u00f6ti azokkal, akiknek el kellett hagyniuk sz\u00fcl\u0151v\u00e1rosukat. Szinte minden k\u00f6z\u00f6ss\u00e9gben \u00faj arcok l\u00e1that\u00f3k &#8211; az emberek keresik Istent \u00e9s elj\u00f6nnek az istentiszteletre, a szentmis\u00e9re.<\/p>\n\n\t\t<style type=\"text\/css\">\n\t\t\t#gallery-3 {\n\t\t\t\tmargin: auto;\n\t\t\t}\n\t\t\t#gallery-3 .gallery-item {\n\t\t\t\tfloat: left;\n\t\t\t\tmargin-top: 10px;\n\t\t\t\ttext-align: center;\n\t\t\t\twidth: 25%;\n\t\t\t}\n\t\t\t#gallery-3 img {\n\t\t\t\tborder: 2px solid #cfcfcf;\n\t\t\t}\n\t\t\t#gallery-3 .gallery-caption {\n\t\t\t\tmargin-left: 0;\n\t\t\t}\n\t\t\t\/* see gallery_shortcode() in wp-includes\/media.php *\/\n\t\t<\/style>\n\t\t<div id='gallery-3' class='gallery galleryid-9906 gallery-columns-4 gallery-size-full'><dl class='gallery-item'>\n\t\t\t<dt class='gallery-icon landscape'>\n\t\t\t\t<a href='https:\/\/munkacs-diocese.org\/hu\/2023\/01\/27\/keresztenyek-kozos-fohasza-okumenikus-imaalkalmak-munkacson\/m4_1\/'><img loading=\"lazy\" decoding=\"async\" width=\"2048\" height=\"1365\" src=\"https:\/\/munkacs-diocese.org\/hu\/wp-content\/uploads\/2023\/01\/M4_1.jpg\" class=\"attachment-full size-full\" alt=\"\" srcset=\"https:\/\/munkacs-diocese.org\/hu\/wp-content\/uploads\/2023\/01\/M4_1.jpg 2048w, https:\/\/munkacs-diocese.org\/hu\/wp-content\/uploads\/2023\/01\/M4_1-300x200.jpg 300w, https:\/\/munkacs-diocese.org\/hu\/wp-content\/uploads\/2023\/01\/M4_1-1024x683.jpg 1024w, https:\/\/munkacs-diocese.org\/hu\/wp-content\/uploads\/2023\/01\/M4_1-768x512.jpg 768w, https:\/\/munkacs-diocese.org\/hu\/wp-content\/uploads\/2023\/01\/M4_1-1536x1024.jpg 1536w, https:\/\/munkacs-diocese.org\/hu\/wp-content\/uploads\/2023\/01\/M4_1-1080x720.jpg 1080w\" sizes=\"(max-width: 2048px) 100vw, 2048px\" \/><\/a>\n\t\t\t<\/dt><\/dl><dl class='gallery-item'>\n\t\t\t<dt class='gallery-icon landscape'>\n\t\t\t\t<a href='https:\/\/munkacs-diocese.org\/hu\/2023\/01\/27\/keresztenyek-kozos-fohasza-okumenikus-imaalkalmak-munkacson\/m4_3\/'><img loading=\"lazy\" decoding=\"async\" width=\"2048\" height=\"1365\" src=\"https:\/\/munkacs-diocese.org\/hu\/wp-content\/uploads\/2023\/01\/M4_3.jpg\" class=\"attachment-full size-full\" alt=\"\" srcset=\"https:\/\/munkacs-diocese.org\/hu\/wp-content\/uploads\/2023\/01\/M4_3.jpg 2048w, https:\/\/munkacs-diocese.org\/hu\/wp-content\/uploads\/2023\/01\/M4_3-300x200.jpg 300w, https:\/\/munkacs-diocese.org\/hu\/wp-content\/uploads\/2023\/01\/M4_3-1024x683.jpg 1024w, https:\/\/munkacs-diocese.org\/hu\/wp-content\/uploads\/2023\/01\/M4_3-768x512.jpg 768w, https:\/\/munkacs-diocese.org\/hu\/wp-content\/uploads\/2023\/01\/M4_3-1536x1024.jpg 1536w, https:\/\/munkacs-diocese.org\/hu\/wp-content\/uploads\/2023\/01\/M4_3-1080x720.jpg 1080w\" sizes=\"(max-width: 2048px) 100vw, 2048px\" \/><\/a>\n\t\t\t<\/dt><\/dl><dl class='gallery-item'>\n\t\t\t<dt class='gallery-icon landscape'>\n\t\t\t\t<a href='https:\/\/munkacs-diocese.org\/hu\/2023\/01\/27\/keresztenyek-kozos-fohasza-okumenikus-imaalkalmak-munkacson\/m4_4\/'><img loading=\"lazy\" decoding=\"async\" width=\"2048\" height=\"1365\" src=\"https:\/\/munkacs-diocese.org\/hu\/wp-content\/uploads\/2023\/01\/M4_4.jpg\" class=\"attachment-full size-full\" alt=\"\" srcset=\"https:\/\/munkacs-diocese.org\/hu\/wp-content\/uploads\/2023\/01\/M4_4.jpg 2048w, https:\/\/munkacs-diocese.org\/hu\/wp-content\/uploads\/2023\/01\/M4_4-300x200.jpg 300w, https:\/\/munkacs-diocese.org\/hu\/wp-content\/uploads\/2023\/01\/M4_4-1024x683.jpg 1024w, https:\/\/munkacs-diocese.org\/hu\/wp-content\/uploads\/2023\/01\/M4_4-768x512.jpg 768w, https:\/\/munkacs-diocese.org\/hu\/wp-content\/uploads\/2023\/01\/M4_4-1536x1024.jpg 1536w, https:\/\/munkacs-diocese.org\/hu\/wp-content\/uploads\/2023\/01\/M4_4-1080x720.jpg 1080w\" sizes=\"(max-width: 2048px) 100vw, 2048px\" \/><\/a>\n\t\t\t<\/dt><\/dl><dl class='gallery-item'>\n\t\t\t<dt class='gallery-icon landscape'>\n\t\t\t\t<a href='https:\/\/munkacs-diocese.org\/hu\/2023\/01\/27\/keresztenyek-kozos-fohasza-okumenikus-imaalkalmak-munkacson\/m4_2\/'><img loading=\"lazy\" decoding=\"async\" width=\"2048\" height=\"1365\" src=\"https:\/\/munkacs-diocese.org\/hu\/wp-content\/uploads\/2023\/01\/M4_2.jpg\" class=\"attachment-full size-full\" alt=\"\" srcset=\"https:\/\/munkacs-diocese.org\/hu\/wp-content\/uploads\/2023\/01\/M4_2.jpg 2048w, https:\/\/munkacs-diocese.org\/hu\/wp-content\/uploads\/2023\/01\/M4_2-300x200.jpg 300w, https:\/\/munkacs-diocese.org\/hu\/wp-content\/uploads\/2023\/01\/M4_2-1024x683.jpg 1024w, https:\/\/munkacs-diocese.org\/hu\/wp-content\/uploads\/2023\/01\/M4_2-768x512.jpg 768w, https:\/\/munkacs-diocese.org\/hu\/wp-content\/uploads\/2023\/01\/M4_2-1536x1024.jpg 1536w, https:\/\/munkacs-diocese.org\/hu\/wp-content\/uploads\/2023\/01\/M4_2-1080x720.jpg 1080w\" sizes=\"(max-width: 2048px) 100vw, 2048px\" \/><\/a>\n\t\t\t<\/dt><\/dl><br style=\"clear: both\" \/>\n\t\t<\/div>\n\n<p style=\"text-align: center;\"><em>Im\u00e1ds\u00e1gos istentisztelet a reform\u00e1tus templomban<\/em><\/p>\n<p style=\"text-align: justify;\">\u201eMinden \u00e9vben v\u00e1rom ezt a hetet, amikor a munk\u00e1csi templomokban \u00f6kumenikus im\u00e1kat tartanak a kereszt\u00e9nyek egys\u00e9g\u00e9\u00e9rt &#8211; osztotta meg benyom\u00e1sait Viktoria Golis, a Szent M\u00e1rton Egyh\u00e1zk\u00f6zs\u00e9g egyik tagja. \u201eBar\u00e1taimnak, ismer\u0151seimnek \u00e9s koll\u00e9g\u00e1imnak mes\u00e9lek ezekr\u0151l az alkalmakr\u00f3l \u00e9s elh\u00edvom \u0151ket is. Ezek az im\u00e1k az \u00f6r\u00f6m \u00e9s a szeretet \u00e9rz\u00e9s\u00e9vel t\u00f6ltenek el. Megtapasztaljuk Isten nagys\u00e1g\u00e1t, jelenl\u00e9t\u00e9t, azt, ahogyan vezet \u00e9s \u00f6sszek\u00f6t benn\u00fcnket. Nagy sz\u00fcks\u00e9g\u00fcnk van az egys\u00e9gre. Amikor l\u00e1tom a k\u00fcl\u00f6nb\u00f6z\u0151 felekezetekhez tartoz\u00f3 papok egym\u00e1s ir\u00e1nti tisztelet\u00e9t, amikor lelkesen hallgatom pr\u00e9dik\u00e1ci\u00f3ikat, amikor egy\u00fctt im\u00e1dkozom \u00e9s k\u00f6ny\u00f6rg\u00f6k a m\u00e1s felekezet\u0171 h\u00edvekkel, \u00fajra \u00e9s \u00fajra meggy\u0151z\u0151d\u00f6m arr\u00f3l, hogy Isten Egy \u00e9s Hatalmas. Nagyon \u00e9rdekes r\u00e9szt venni egy-egy istentiszteleten, megcsod\u00e1lni a m\u00e1s kereszt\u00e9ny felekezetek sz\u00e9ps\u00e9get, \u00e9rezni, hogy sz\u00edvesen l\u00e1tnak \u00e9s befogadnak. Mindannyian k\u00fcl\u00f6nb\u00f6z\u0151ek vagyunk, de ugyanazokat az \u00e9rt\u00e9keket valljuk, ugyanazok a k\u00e9r\u00e9seink, ugyanahhoz az Istenhez im\u00e1dkozunk, ugyanazt az Istent dics\u0151\u00edtj\u00fck.\u201d<\/p>\n<p><iframe loading=\"lazy\" title=\"\u041c\u043e\u043b\u0438\u0442\u0432\u0430 \u0437\u0430 \u0454\u0434\u043d\u0456\u0441\u0442\u044c \u0445\u0440\u0438\u0441\u0442\u0438\u044f\u043d\" width=\"1080\" height=\"608\" src=\"https:\/\/www.youtube.com\/embed\/-f5V-vTwqKE?feature=oembed\" frameborder=\"0\" allow=\"accelerometer; autoplay; clipboard-write; encrypted-media; gyroscope; picture-in-picture; web-share\" allowfullscreen><\/iframe><\/p>\n<p style=\"text-align: right;\">Fot\u00f3: Tetjana Resetar<\/p>\n<p style=\"text-align: right;\">Vide\u00f3: Veritas<\/p>\n","protected":false},"excerpt":{"rendered":"<p>Id\u00e9n a 2023. janu\u00e1r 18-25. k\u00f6z\u00f6tt meghirdet\u00e9sre ker\u00fcl\u0151 \u00f6kumenikus imah\u00e9t anyag\u00e1t az Egyes\u00fclt \u00c1llamokban m\u0171k\u00f6d\u0151 Minnesotai Egyh\u00e1zak Tan\u00e1csa \u00e1ltal kijel\u00f6lt kereszt\u00e9nyek csoportja v\u00e1lasztotta, melynek mott\u00f3ja: \u201eTanuljatok meg j\u00f3t cselekedni, t\u00f6rekedjetek az igazs\u00e1gra\u201d (Iz 1,17). Egyh\u00e1zmegy\u00e9nkben az imah\u00e9t a Munk\u00e1csi Szent M\u00e1rton Sz\u00e9kesegyh\u00e1zban tartott ima\u00f3r\u00e1val kezd\u0151d\u00f6tt. A k\u00f6z\u00f6s im\u00e1t Lucsok Mikl\u00f3s OP p\u00fcsp\u00f6k, a R\u00f3mai Katolikus [&hellip;]<\/p>\n","protected":false},"author":4,"featured_media":9907,"comment_status":"open","ping_status":"open","sticky":false,"template":"","format":"standard","meta":{"_acf_changed":false,"_et_pb_use_builder":"","_et_pb_old_content":"","_et_gb_content_width":"","footnotes":""},"categories":[10,59],"tags":[],"class_list":["post-9906","post","type-post","status-publish","format-standard","has-post-thumbnail","hentry","category-aktualis-hirek","category-egyhazmegyenk-hirei","et-has-post-format-content","et_post_format-et-post-format-standard"],"acf":[],"_links":{"self":[{"href":"https:\/\/munkacs-diocese.org\/hu\/wp-json\/wp\/v2\/posts\/9906"}],"collection":[{"href":"https:\/\/munkacs-diocese.org\/hu\/wp-json\/wp\/v2\/posts"}],"about":[{"href":"https:\/\/munkacs-diocese.org\/hu\/wp-json\/wp\/v2\/types\/post"}],"author":[{"embeddable":true,"href":"https:\/\/munkacs-diocese.org\/hu\/wp-json\/wp\/v2\/users\/4"}],"replies":[{"embeddable":true,"href":"https:\/\/munkacs-diocese.org\/hu\/wp-json\/wp\/v2\/comments?post=9906"}],"version-history":[{"count":1,"href":"https:\/\/munkacs-diocese.org\/hu\/wp-json\/wp\/v2\/posts\/9906\/revisions"}],"predecessor-version":[{"id":9920,"href":"https:\/\/munkacs-diocese.org\/hu\/wp-json\/wp\/v2\/posts\/9906\/revisions\/9920"}],"wp:featuredmedia":[{"embeddable":true,"href":"https:\/\/munkacs-diocese.org\/hu\/wp-json\/wp\/v2\/media\/9907"}],"wp:attachment":[{"href":"https:\/\/munkacs-diocese.org\/hu\/wp-json\/wp\/v2\/media?parent=9906"}],"wp:term":[{"taxonomy":"category","embeddable":true,"href":"https:\/\/munkacs-diocese.org\/hu\/wp-json\/wp\/v2\/categories?post=9906"},{"taxonomy":"post_tag","embeddable":true,"href":"https:\/\/munkacs-diocese.org\/hu\/wp-json\/wp\/v2\/tags?post=9906"}],"curies":[{"name":"wp","href":"https:\/\/api.w.org\/{rel}","templated":true}]}}