{"id":9835,"date":"2023-01-17T09:35:48","date_gmt":"2023-01-17T08:35:48","guid":{"rendered":"https:\/\/munkacs-diocese.org\/hu\/?p=9835"},"modified":"2023-01-17T09:35:48","modified_gmt":"2023-01-17T08:35:48","slug":"az-evangelium-logikaja-szerint-kell-gondolkodnunk-mi-kis-dolgokat-hajtunk-vegre-a-nagy-dolgok-az-urei-konrad-krajewski-biboros-koszonete","status":"publish","type":"post","link":"https:\/\/munkacs-diocese.org\/hu\/2023\/01\/17\/az-evangelium-logikaja-szerint-kell-gondolkodnunk-mi-kis-dolgokat-hajtunk-vegre-a-nagy-dolgok-az-urei-konrad-krajewski-biboros-koszonete\/","title":{"rendered":"&#8222;Az evang\u00e9lium logik\u00e1ja szerint kell gondolkodnunk. Mi kis dolgokat hajtunk v\u00e9gre, a nagy dolgok az \u00dar\u00e9i.&#8221; &#8211; Konrad Krajewski b\u00edboros k\u00f6sz\u00f6nete"},"content":{"rendered":"<div id=\"fb-root\"><\/div>\n<p style=\"text-align: justify;\">Konrad Krajewski p\u00e1pai alamizsn\u00e1s, a Szeretetszolg\u00e1lat Dikaszt\u00e9rium\u00e1nak prefektusa k\u00f6sz\u00f6netet mondott mindazoknak, akik r\u00e9szt vettek abban a seg\u00e9lyakci\u00f3ban, amelynek keret\u00e9ben pul\u00f3verekkel \u00e9s gener\u00e1torokkal seg\u00edtettek az ukrajnai embereknek t\u00fal\u00e9lni a h\u00e1bor\u00fa s\u00fajtotta orsz\u00e1gban uralkod\u00f3 hideget. Az eredetileg 100 ezer eur\u00f3s c\u00e9llal ind\u00edtott kamp\u00e1ny keret\u00e9ben eddig 250 ezer eur\u00f3 gy\u0171lt \u00f6ssze.<\/p>\n<p style=\"text-align: justify;\">Krajewski b\u00edboros janu\u00e1r 7-\u00e9n k\u00f6zz\u00e9tett nyilatkozat\u00e1ban k\u00f6sz\u00f6netet mondott mindazoknak, akik r\u00e9szt vettek a \u201emegviselt \u00e9s meggy\u00f6t\u00f6rt\u201d, jelenleg \u00e1ram \u00e9s v\u00edz sz\u0171k\u00e9ben \u00e9l\u0151 ukr\u00e1n n\u00e9p megseg\u00edt\u00e9s\u00e9ben. A Szeretetszolg\u00e1lat Dikaszt\u00e9riuma \u00e1ltal t\u00e1mogatott seg\u00e9lyakci\u00f3 r\u00e9szek\u00e9nt termopul\u00f3vereket v\u00e1s\u00e1roltak, amelyeket az Ukrajn\u00e1ban f\u0171t\u00e9s n\u00e9lk\u00fcl \u00e9l\u0151knek adom\u00e1nyoznak.<\/p>\n<p style=\"text-align: justify;\">Krajewski b\u00edboros k\u00f6sz\u00f6netet mondott a ruh\u00e1k gy\u00e1rt\u00f3inak a nagylelk\u0171s\u00e9g\u00fck\u00e9rt, ami\u00e9rt kedvezm\u00e9nyes \u00e1ron adt\u00e1k \u0151ket: \u201eA pul\u00f3vereket, amelyeket magunkkal hoztunk \u2013 k\u00fcl\u00f6nb\u00f6z\u0151 olaszorsz\u00e1gi gy\u00e1rakb\u00f3l sz\u00e1rmaznak \u2013, nagyon j\u00f3 \u00e1ron kaptuk, mert egy ruha k\u00f6r\u00fclbel\u00fcl 30 eur\u00f3ba ker\u00fcl, mi pedig csak 5 eur\u00f3t fizett\u00fcnk. K\u00f6sz\u00f6net a gy\u00e1rt\u00f3knak a nagylelk\u0171s\u00e9g\u00fck\u00e9rt!\u201d<\/p>\n<p style=\"text-align: justify;\">N\u00e9gy teheraut\u00f3nyi ruh\u00e1t k\u00fcldtek Lembergbe, amelyeket a h\u00e1bor\u00fas \u00f6vezetekben osztottak sz\u00e9t. A pul\u00f3vereken k\u00edv\u00fcl elektromos gener\u00e1torokat is v\u00e1s\u00e1roltak. \u201eAz \u00f6n\u00f6knek k\u00f6sz\u00f6nhet\u0151en \u00f6sszegy\u0171lt nagy \u00f6sszegb\u0151l gener\u00e1torokat is tudtunk v\u00e1s\u00e1rolni, amelyek ott az \u00e9letet jelentik, a t\u00fal\u00e9l\u00e9shez nagy sz\u00fcks\u00e9g van r\u00e1juk ebben a neh\u00e9z id\u0151szakban, amikor a h\u0151m\u00e9rs\u00e9klet nulla fok al\u00e1 s\u00fcllyed\u201d \u2013 mondta.<\/p>\n<p style=\"text-align: justify;\">Krajewski b\u00edboros nyilatkozata v\u00e9g\u00e9n megk\u00f6sz\u00f6nte mindazoknak, \u00e9s meg\u00e1ldotta \u0151ket, akik r\u00e9szt vettek az akci\u00f3ban: \u201eK\u00f6sz\u00f6n\u00f6m, ez a kar\u00e1csony val\u00f3ban kereszt\u00e9ny volt \u2013 meg tudtuk osztani m\u00e1sokkal azt, ami a mi\u00e9nk, m\u00e9g ha csak n\u00e9h\u00e1ny fill\u00e9rr\u0151l is van sz\u00f3, de ez sz\u00e1mukra az \u00e9letet jelenti.\u201d<\/p>\n<p><iframe loading=\"lazy\" title=\"Cardinal Konrad Krajewski offers thanks for aid to Ukrainians: &quot;It was truly a Christian Christmas&quot;\" width=\"1080\" height=\"608\" src=\"https:\/\/www.youtube.com\/embed\/Ir1UoYwPfoM?feature=oembed\" frameborder=\"0\" allow=\"accelerometer; autoplay; clipboard-write; encrypted-media; gyroscope; picture-in-picture; web-share\" allowfullscreen><\/iframe><\/p>\n<p style=\"text-align: justify;\">A f\u0171t\u00e9si v\u00e1ls\u00e1g s\u00falyosbodott, miut\u00e1n Oroszorsz\u00e1g fokozta rak\u00e9tacsap\u00e1sait Ukrajna polg\u00e1ri energetikai l\u00e9tes\u00edtm\u00e9nyei ellen, ami orsz\u00e1gszerte \u00e1ramhi\u00e1nyt okozott, \u00e9s s\u00falyosan \u00e9rintette az ukr\u00e1n atomer\u0151m\u0171veket is. November v\u00e9g\u00e9n fordult el\u0151 el\u0151sz\u00f6r, hogy a harcok miatt az orsz\u00e1g mind a tizen\u00f6t atomreaktor\u00e1t le\u00e1ll\u00edtott\u00e1k.<\/p>\n<p style=\"text-align: justify;\">A p\u00e1pa seg\u00edt\u0151 szolg\u00e1lat\u00e1nak vezet\u0151je december 17-\u00e9n indult el Lembergbe az adom\u00e1nyokkal. Lengyelorsz\u00e1gon kereszt\u00fcl utazott. Elmondta, hogy a hat\u00e1ron olykor 8\u201315 \u00f3r\u00e1t is kell v\u00e1rakozni, a kamionok 25\u201330 kilom\u00e9ter hosszan \u00e1llnak, elfoglalj\u00e1k az \u00fat h\u00e1romnegyed\u00e9t, \u00e9s a h\u00f3 is akad\u00e1lyt jelentett. A b\u00edboros diplomata \u00fatlev\u00e9llel utazott, \u00edgy gyors volt az \u00fatlev\u00e9l ellen\u0151rz\u00e9s, \u00e9s a Vatik\u00e1n seg\u00e9lyeket sz\u00e1ll\u00edt\u00f3 aut\u00f3j\u00e1t nagyon kedvesen fogadt\u00e1k. Lembergb\u0151l Zaporizzsj\u00e1ba, Odessz\u00e1ba \u00e9s Harkivba is eljutottak a vatik\u00e1ni adom\u00e1nyok.<\/p>\n<p style=\"text-align: justify;\">\u201e\u00d6r\u00fcl\u00f6k \u2013 mondja Krajewski, felid\u00e9zve az elm\u00falt napok k\u00fcldet\u00e9s\u00e9t \u2013, hogy siker\u00fclt sok gener\u00e1tort \u00e9s sok m\u00e1s dolgot eljuttatnunk a f\u00e9ny, \u00e1ram \u00e9s v\u00edz n\u00e9lk\u00fcl maradt emberekhez. Egy csepp ez, de a csepp a foly\u00f3ba megy, \u00e9s a foly\u00f3b\u00f3l a tengerbe. Az evang\u00e9lium logik\u00e1ja szerint kell gondolkodnunk. Mi kis dolgokat hajtunk v\u00e9gre, a nagy dolgok az \u00dar\u00e9i.\u201d<\/p>\n<p><img loading=\"lazy\" decoding=\"async\" class=\"size-full wp-image-9837 aligncenter\" src=\"https:\/\/munkacs-diocese.org\/hu\/wp-content\/uploads\/2023\/01\/krajevszkij1.jpeg\" alt=\"\" width=\"750\" height=\"422\" srcset=\"https:\/\/munkacs-diocese.org\/hu\/wp-content\/uploads\/2023\/01\/krajevszkij1.jpeg 750w, https:\/\/munkacs-diocese.org\/hu\/wp-content\/uploads\/2023\/01\/krajevszkij1-300x169.jpeg 300w\" sizes=\"(max-width: 750px) 100vw, 750px\" \/><\/p>\n<p style=\"text-align: justify;\">A b\u00edboros besz\u00e9lt arr\u00f3l, milyen \u00e9rz\u00e9sek vannak benne az utaz\u00e1s sor\u00e1n ezen az \u00fatvonalon, ahol m\u00e1r kor\u00e1bban is t\u00f6bbsz\u00f6r j\u00e1rt a h\u00e1bor\u00fa kit\u00f6r\u00e9se \u00f3ta. \u201eEz az \u00fat nem k\u00f6nny\u0171, az emberek nagyon szenvednek\u201d \u2013 mondja. A f\u00e1jdalom mellett azonban az is vigasztalja, milyen sok ember van, akik nem riadnak vissza a seg\u00edts\u00e9gny\u00fajt\u00e1st\u00f3l: \u201eMindennap tal\u00e1lkozom \u00f6nk\u00e9ntesekkel: rendk\u00edv\u00fcliek, csod\u00e1latosak. (&#8230;) Bizony, ahol jelen van a b\u0171n, ott sok kegyelem is van.\u201d<\/p>\n<p style=\"text-align: justify;\">N\u00e9h\u00e1ny nappal ezel\u0151tt \u00faj seg\u00e9lysz\u00e1ll\u00edt\u00f3 teheraut\u00f3 indult Zaporizzsja fel\u00e9. A p\u00e1pai alamizsn\u00e1t ad\u00f3 b\u00edboros a szolidarit\u00e1s \u00faj hull\u00e1m\u00e1r\u00f3l sz\u00e1molt be: a j\u00f3s\u00e1g l\u00e1ncolata ez, amely seg\u00edteni akar a szenved\u0151k\u00f6n.<\/p>\n<p><img loading=\"lazy\" decoding=\"async\" class=\"size-full wp-image-9838 aligncenter\" src=\"https:\/\/munkacs-diocese.org\/hu\/wp-content\/uploads\/2023\/01\/krajevszkij2.jpeg\" alt=\"\" width=\"750\" height=\"422\" srcset=\"https:\/\/munkacs-diocese.org\/hu\/wp-content\/uploads\/2023\/01\/krajevszkij2.jpeg 750w, https:\/\/munkacs-diocese.org\/hu\/wp-content\/uploads\/2023\/01\/krajevszkij2-300x169.jpeg 300w\" sizes=\"(max-width: 750px) 100vw, 750px\" \/><\/p>\n<p style=\"text-align: right;\">Forr\u00e1s: Magyar Kur\u00edr, Vatican News<\/p>\n","protected":false},"excerpt":{"rendered":"<p>Konrad Krajewski p\u00e1pai alamizsn\u00e1s, a Szeretetszolg\u00e1lat Dikaszt\u00e9rium\u00e1nak prefektusa k\u00f6sz\u00f6netet mondott mindazoknak, akik r\u00e9szt vettek abban a seg\u00e9lyakci\u00f3ban, amelynek keret\u00e9ben pul\u00f3verekkel \u00e9s gener\u00e1torokkal seg\u00edtettek az ukrajnai embereknek t\u00fal\u00e9lni a h\u00e1bor\u00fa s\u00fajtotta orsz\u00e1gban uralkod\u00f3 hideget. Az eredetileg 100 ezer eur\u00f3s c\u00e9llal ind\u00edtott kamp\u00e1ny keret\u00e9ben eddig 250 ezer eur\u00f3 gy\u0171lt \u00f6ssze. Krajewski b\u00edboros janu\u00e1r 7-\u00e9n k\u00f6zz\u00e9tett nyilatkozat\u00e1ban k\u00f6sz\u00f6netet [&hellip;]<\/p>\n","protected":false},"author":4,"featured_media":9836,"comment_status":"open","ping_status":"open","sticky":false,"template":"","format":"standard","meta":{"_acf_changed":false,"_et_pb_use_builder":"","_et_pb_old_content":"","_et_gb_content_width":"","footnotes":""},"categories":[10,60],"tags":[],"class_list":["post-9835","post","type-post","status-publish","format-standard","has-post-thumbnail","hentry","category-aktualis-hirek","category-egyeb-egyhazi-hirek","et-has-post-format-content","et_post_format-et-post-format-standard"],"acf":[],"_links":{"self":[{"href":"https:\/\/munkacs-diocese.org\/hu\/wp-json\/wp\/v2\/posts\/9835"}],"collection":[{"href":"https:\/\/munkacs-diocese.org\/hu\/wp-json\/wp\/v2\/posts"}],"about":[{"href":"https:\/\/munkacs-diocese.org\/hu\/wp-json\/wp\/v2\/types\/post"}],"author":[{"embeddable":true,"href":"https:\/\/munkacs-diocese.org\/hu\/wp-json\/wp\/v2\/users\/4"}],"replies":[{"embeddable":true,"href":"https:\/\/munkacs-diocese.org\/hu\/wp-json\/wp\/v2\/comments?post=9835"}],"version-history":[{"count":1,"href":"https:\/\/munkacs-diocese.org\/hu\/wp-json\/wp\/v2\/posts\/9835\/revisions"}],"predecessor-version":[{"id":9839,"href":"https:\/\/munkacs-diocese.org\/hu\/wp-json\/wp\/v2\/posts\/9835\/revisions\/9839"}],"wp:featuredmedia":[{"embeddable":true,"href":"https:\/\/munkacs-diocese.org\/hu\/wp-json\/wp\/v2\/media\/9836"}],"wp:attachment":[{"href":"https:\/\/munkacs-diocese.org\/hu\/wp-json\/wp\/v2\/media?parent=9835"}],"wp:term":[{"taxonomy":"category","embeddable":true,"href":"https:\/\/munkacs-diocese.org\/hu\/wp-json\/wp\/v2\/categories?post=9835"},{"taxonomy":"post_tag","embeddable":true,"href":"https:\/\/munkacs-diocese.org\/hu\/wp-json\/wp\/v2\/tags?post=9835"}],"curies":[{"name":"wp","href":"https:\/\/api.w.org\/{rel}","templated":true}]}}