{"id":98,"date":"2010-11-19T04:34:16","date_gmt":"2010-11-19T02:34:16","guid":{"rendered":"http:\/\/munkacs-diocese.org\/hu\/2010\/11\/19\/aranymise-beregszaszon\/"},"modified":"2010-11-19T04:34:16","modified_gmt":"2010-11-19T02:34:16","slug":"aranymise-beregszaszon","status":"publish","type":"post","link":"https:\/\/munkacs-diocese.org\/hu\/2010\/11\/19\/aranymise-beregszaszon\/","title":{"rendered":"Aranymise Beregsz\u00e1szon"},"content":{"rendered":"<div id=\"fb-root\"><\/div>\n<div align=\"center\"><strong>Aranymise Beregsz\u00e1szon<br \/><\/strong><\/div>\n<p><img loading=\"lazy\" decoding=\"async\" class=\" alignleft size-full wp-image-96\" src=\"https:\/\/munkacs-diocese.org\/hu\/wp-content\/uploads\/2010\/11\/bohan-aranymise-beregszasz-1.jpg\" border=\"0\" alt=\"Boh\u00e1n B\u00e9la atya aranymis\u00e9s\" width=\"120\" height=\"78\" align=\"left\" \/>Augusztus 1-\u00e9n a beregsz\u00e1szi r.k. templomban tartotta Boh\u00e1n B\u00e9la beregsz\u00e1szi pl\u00e9b\u00e1nos aranymis\u00e9j\u00e9t. A papp\u00e1szentel\u00e9s\u00e9nek 50. \u00e9vfordul\u00f3j\u00e1n jelen volt Majnek Antal p\u00fcsp\u00f6k, a Munk\u00e1csi Egyh\u00e1zmegye magyar papjainak egy r\u00e9sze. B\u00e9la atya 1989-ben \u00e9rkezett misszi\u00f3s szolg\u00e1latra Magyarorsz\u00e1gr\u00f3l, az Egri F\u0151egyh\u00e1zmegy\u00e9b\u0151l K\u00e1rp\u00e1talj\u00e1ra. <!--more-->  Els\u0151 \u00e1lland\u00f3 megb\u00edz\u00e1s\u00e1t Rah\u00f3n \u00e9s k\u00f6rny\u00e9k\u00e9n kapta, ahol k\u00f6zel m\u00e1sf\u00e9l esztend\u0151t t\u00f6lt\u00f6tt el, majd pedig ungv\u00e1ri pl\u00e9b\u00e1noss\u00e1 nevezt\u00e9k ki. T\u00edz \u00e9vet szolg\u00e1lt Ungv\u00e1ron \u00e9s k\u00f6rny\u00e9k\u00e9n, majd 2001-ben mint beregsz\u00e1szi pl\u00e9b\u00e1nos folyatta papi szolg\u00e1lat\u00e1t a beregsz\u00e1szi egyh\u00e1zk\u00f6zs\u00e9gben, ahol jelenleg is tev\u00e9kenykedik.<img loading=\"lazy\" decoding=\"async\" class=\" alignright size-full wp-image-97\" src=\"https:\/\/munkacs-diocese.org\/hu\/wp-content\/uploads\/2010\/11\/bohan-aranymise-beregszasz-2.jpg\" border=\"0\" alt=\"Petenko Miron \u00e9s Kvascsuk Andr\u00e1s diak\u00f3nusokkal\" width=\"120\" height=\"78\" align=\"right\" \/><\/p>\n<p>A szentmis\u00e9ben B\u00e9la atya visszaeml\u00e9kezett arra, hogy hogyan \u00e9rkezett a vid\u00e9kre, milyen helyzet fogadta, \u00e9s hogy mennyire nagy szeretettel v\u00e1rt\u00e1k a h\u00edvek a papot. Valamint kiemelte, hogy K\u00e1rp\u00e1talj\u00e1ra ker\u00fcl\u00e9s\u00e9nek imah\u00e1ttere is volt, r\u00e1mutatott arra hogy a J\u00f3isten hogyan igazgatta \u00fatjait papi \u00e9lete sor\u00e1n embereken, esem\u00e9nyeken kereszt\u00fcl.<\/p>\n<p>A szentmise v\u00e9g\u00e9n a p\u00fcsp\u00f6k atya, a paps\u00e1g majd a h\u00edvek aranymis\u00e9s \u00e1ld\u00e1sban r\u00e9szes\u00fcltek, majd az \u00fcnneps\u00e9g a pl\u00e9b\u00e1ni\u00e1n folytat\u00f3dott \u00fcnnepi agap\u00e9 keretein bel\u00fcl.<\/p>\n<div align=\"right\"><strong><em>Beregsz\u00e1szi egyh\u00e1zk\u00f6zs\u00e9g<\/em><\/strong><\/div>\n","protected":false},"excerpt":{"rendered":"<p>Aranymise Beregsz\u00e1szon Augusztus 1-\u00e9n a beregsz\u00e1szi r.k. templomban tartotta Boh\u00e1n B\u00e9la beregsz\u00e1szi pl\u00e9b\u00e1nos aranymis\u00e9j\u00e9t. A papp\u00e1szentel\u00e9s\u00e9nek 50. \u00e9vfordul\u00f3j\u00e1n jelen volt Majnek Antal p\u00fcsp\u00f6k, a Munk\u00e1csi Egyh\u00e1zmegye magyar papjainak egy r\u00e9sze. B\u00e9la atya 1989-ben \u00e9rkezett misszi\u00f3s szolg\u00e1latra Magyarorsz\u00e1gr\u00f3l, az Egri F\u0151egyh\u00e1zmegy\u00e9b\u0151l K\u00e1rp\u00e1talj\u00e1ra.<\/p>\n","protected":false},"author":1,"featured_media":96,"comment_status":"open","ping_status":"open","sticky":false,"template":"","format":"standard","meta":{"_acf_changed":false,"_et_pb_use_builder":"","_et_pb_old_content":"","_et_gb_content_width":"","footnotes":""},"categories":[10],"tags":[],"class_list":["post-98","post","type-post","status-publish","format-standard","has-post-thumbnail","hentry","category-aktualis-hirek","et-has-post-format-content","et_post_format-et-post-format-standard"],"acf":[],"_links":{"self":[{"href":"https:\/\/munkacs-diocese.org\/hu\/wp-json\/wp\/v2\/posts\/98"}],"collection":[{"href":"https:\/\/munkacs-diocese.org\/hu\/wp-json\/wp\/v2\/posts"}],"about":[{"href":"https:\/\/munkacs-diocese.org\/hu\/wp-json\/wp\/v2\/types\/post"}],"author":[{"embeddable":true,"href":"https:\/\/munkacs-diocese.org\/hu\/wp-json\/wp\/v2\/users\/1"}],"replies":[{"embeddable":true,"href":"https:\/\/munkacs-diocese.org\/hu\/wp-json\/wp\/v2\/comments?post=98"}],"version-history":[{"count":0,"href":"https:\/\/munkacs-diocese.org\/hu\/wp-json\/wp\/v2\/posts\/98\/revisions"}],"wp:featuredmedia":[{"embeddable":true,"href":"https:\/\/munkacs-diocese.org\/hu\/wp-json\/wp\/v2\/media\/96"}],"wp:attachment":[{"href":"https:\/\/munkacs-diocese.org\/hu\/wp-json\/wp\/v2\/media?parent=98"}],"wp:term":[{"taxonomy":"category","embeddable":true,"href":"https:\/\/munkacs-diocese.org\/hu\/wp-json\/wp\/v2\/categories?post=98"},{"taxonomy":"post_tag","embeddable":true,"href":"https:\/\/munkacs-diocese.org\/hu\/wp-json\/wp\/v2\/tags?post=98"}],"curies":[{"name":"wp","href":"https:\/\/api.w.org\/{rel}","templated":true}]}}