{"id":9774,"date":"2023-01-09T15:12:02","date_gmt":"2023-01-09T14:12:02","guid":{"rendered":"https:\/\/munkacs-diocese.org\/hu\/?p=9774"},"modified":"2023-01-09T15:12:02","modified_gmt":"2023-01-09T14:12:02","slug":"koza-tomasz-sds-atya-szolyvai-plebanos-varosi-kituntetesben-reszesult","status":"publish","type":"post","link":"https:\/\/munkacs-diocese.org\/hu\/2023\/01\/09\/koza-tomasz-sds-atya-szolyvai-plebanos-varosi-kituntetesben-reszesult\/","title":{"rendered":"Koza Tomasz SDS atya, szolyvai pl\u00e9b\u00e1nos, v\u00e1rosi kit\u00fcntet\u00e9sben r\u00e9szes\u00fclt"},"content":{"rendered":"<div id=\"fb-root\"><\/div>\n<p style=\"text-align: justify;\">2023. janu\u00e1r 6-\u00e1n Szolyva v\u00e1ros \u00f6nkorm\u00e1nyzata vall\u00e1si szervezetek \u00e9s j\u00f3t\u00e9konys\u00e1gi alap\u00edtv\u00e1nyok vezet\u0151it, 10 szem\u00e9lyt r\u00e9szs\u00edtett kit\u00fcntet\u00e9sben, akik az elm\u00falt neh\u00e9z \u00e9vben k\u00fcl\u00f6n\u00f6sen is seg\u00edtett\u00e9k lelki \u00e9s anyagi t\u00e1mogat\u00e1sukkal az arra r\u00e1szorul\u00f3kat.<\/p>\n<p style=\"text-align: justify;\">Az elismer\u0151 okleveleket a v\u00e1ros polg\u00e1rmester asszonya, Szkripinec Miroszlava, valamint Popovics Mihajlo \u00e9s Ruszin Ivan alpolg\u00e1rmesterek adt\u00e1k \u00e1t.<\/p>\n<p><img loading=\"lazy\" decoding=\"async\" class=\"alignnone size-large wp-image-9777\" src=\"https:\/\/munkacs-diocese.org\/hu\/wp-content\/uploads\/2023\/01\/Szolyva_elismero-oklevelek-atadasa-1024x576.jpg\" alt=\"\" width=\"1024\" height=\"576\" srcset=\"https:\/\/munkacs-diocese.org\/hu\/wp-content\/uploads\/2023\/01\/Szolyva_elismero-oklevelek-atadasa-1024x576.jpg 1024w, https:\/\/munkacs-diocese.org\/hu\/wp-content\/uploads\/2023\/01\/Szolyva_elismero-oklevelek-atadasa-300x169.jpg 300w, https:\/\/munkacs-diocese.org\/hu\/wp-content\/uploads\/2023\/01\/Szolyva_elismero-oklevelek-atadasa-768x432.jpg 768w, https:\/\/munkacs-diocese.org\/hu\/wp-content\/uploads\/2023\/01\/Szolyva_elismero-oklevelek-atadasa-1080x608.jpg 1080w, https:\/\/munkacs-diocese.org\/hu\/wp-content\/uploads\/2023\/01\/Szolyva_elismero-oklevelek-atadasa.jpg 1280w\" sizes=\"(max-width: 1024px) 100vw, 1024px\" \/><\/p>\n<p style=\"text-align: justify;\">A kit\u00fcntetettek k\u00f6z\u00f6tt van a Szolyvai Nagyboldogasszony templom pl\u00e9b\u00e1nosa, Koza Tomasz SDS atya is.<\/p>\n<p style=\"text-align: justify;\">Mivel Tam\u00e1s atya lelkip\u00e1sztori feladatai miatt nem tudott r\u00e9szt venni a v\u00e1rosi \u00f6nkorm\u00e1nyzat \u00fcl\u00e9s\u00e9n, a sz\u00e1m\u00e1ra ki\u00e1ll\u00edtott elismer\u0151 oklevelet a pl\u00e9b\u00e1ni\u00e1n adt\u00e1k \u00e1t a vas\u00e1rnapi szentmise ut\u00e1n, 2023. janu\u00e1r 8-\u00e1n.<\/p>\n<p><img loading=\"lazy\" decoding=\"async\" class=\"alignnone  wp-image-9775\" src=\"https:\/\/munkacs-diocese.org\/hu\/wp-content\/uploads\/2023\/01\/Koza-atya-225x300.jpg\" alt=\"\" width=\"392\" height=\"523\" srcset=\"https:\/\/munkacs-diocese.org\/hu\/wp-content\/uploads\/2023\/01\/Koza-atya-225x300.jpg 225w, https:\/\/munkacs-diocese.org\/hu\/wp-content\/uploads\/2023\/01\/Koza-atya-768x1025.jpg 768w, https:\/\/munkacs-diocese.org\/hu\/wp-content\/uploads\/2023\/01\/Koza-atya.jpg 934w\" sizes=\"(max-width: 392px) 100vw, 392px\" \/> <img loading=\"lazy\" decoding=\"async\" class=\"alignnone  wp-image-9776\" src=\"https:\/\/munkacs-diocese.org\/hu\/wp-content\/uploads\/2023\/01\/Szolyva-varos-elismero-oklevele-225x300.jpg\" alt=\"\" width=\"391\" height=\"521\" srcset=\"https:\/\/munkacs-diocese.org\/hu\/wp-content\/uploads\/2023\/01\/Szolyva-varos-elismero-oklevele-225x300.jpg 225w, https:\/\/munkacs-diocese.org\/hu\/wp-content\/uploads\/2023\/01\/Szolyva-varos-elismero-oklevele-768x1024.jpg 768w, https:\/\/munkacs-diocese.org\/hu\/wp-content\/uploads\/2023\/01\/Szolyva-varos-elismero-oklevele.jpg 1080w\" sizes=\"(max-width: 391px) 100vw, 391px\" \/><\/p>\n<p style=\"text-align: justify;\">\u201eEbben az id\u0151szakban, amikor orsz\u00e1gunk rendk\u00edv\u00fcl neh\u00e9z megpr\u00f3b\u00e1ltat\u00e1sokon megy kereszt\u00fcl, a vall\u00e1si k\u00f6z\u00f6ss\u00e9gek nagyon fontos k\u00fcldet\u00e9st teljes\u00edtenek: az anyagi \u00e9s t\u00e1rgyi seg\u00edts\u00e9gny\u00fajt\u00e1son t\u00fal erk\u00f6lcsi t\u00e1mogat\u00e1st adnak a r\u00e1szorul\u00f3knak, kultur\u00e1lis rendezv\u00e9nyeket szerveznek a k\u00f6z\u00f6ss\u00e9g tagjai \u00e9s a bels\u0151 menek\u00fcltek sz\u00e1m\u00e1ra. Mindez rendk\u00edv\u00fcl fontos a v\u00e1ros vezet\u00e9se sz\u00e1m\u00e1ra, \u00e9s szem\u00e9lyesen nekem, mint a k\u00f6z\u00f6ss\u00e9g vezet\u0151j\u00e9nek, mert az egyh\u00e1zak t\u00e1mogat\u00e1sa n\u00e9lk\u00fcl, az \u00d6n\u00f6k szem\u00e9lyes, akt\u00edv karitat\u00edv tev\u00e9kenys\u00e9ge n\u00e9lk\u00fcl sokkal nehezebb lenne \u00e9rdemben reag\u00e1lni a mostani h\u00e1bor\u00fas kih\u00edv\u00e1sokra. Engedj\u00e9k meg, hogy kifejezzem \u0151szinte h\u00e1l\u00e1mat a j\u00f3t\u00e9konys\u00e1gi szervezetek tev\u00e9kenys\u00e9g\u00e9\u00e9rt, az ukrajnai b\u00e9k\u00e9\u00e9rt mondott im\u00e1k\u00e9rt, Szolyva lakosainak ny\u00fajtott t\u00e1mogat\u00e1s\u00e9rt.\u201d \u2013 mondta t\u00f6bbek k\u00f6z\u00f6tt m\u00e9ltat\u00e1s\u00e1ban a polg\u00e1rmester asszony.<\/p>\n<p style=\"text-align: right;\">Forr\u00e1s: www.svaliava.net, https:\/\/www.facebook.com\/SvaliavaTownCouncil<\/p>\n","protected":false},"excerpt":{"rendered":"<p>2023. janu\u00e1r 6-\u00e1n Szolyva v\u00e1ros \u00f6nkorm\u00e1nyzata vall\u00e1si szervezetek \u00e9s j\u00f3t\u00e9konys\u00e1gi alap\u00edtv\u00e1nyok vezet\u0151it, 10 szem\u00e9lyt r\u00e9szs\u00edtett kit\u00fcntet\u00e9sben, akik az elm\u00falt neh\u00e9z \u00e9vben k\u00fcl\u00f6n\u00f6sen is seg\u00edtett\u00e9k lelki \u00e9s anyagi t\u00e1mogat\u00e1sukkal az arra r\u00e1szorul\u00f3kat. Az elismer\u0151 okleveleket a v\u00e1ros polg\u00e1rmester asszonya, Szkripinec Miroszlava, valamint Popovics Mihajlo \u00e9s Ruszin Ivan alpolg\u00e1rmesterek adt\u00e1k \u00e1t. A kit\u00fcntetettek k\u00f6z\u00f6tt van a Szolyvai [&hellip;]<\/p>\n","protected":false},"author":4,"featured_media":9778,"comment_status":"open","ping_status":"open","sticky":false,"template":"","format":"standard","meta":{"_acf_changed":false,"_et_pb_use_builder":"","_et_pb_old_content":"","_et_gb_content_width":"","footnotes":""},"categories":[10,59],"tags":[],"class_list":["post-9774","post","type-post","status-publish","format-standard","has-post-thumbnail","hentry","category-aktualis-hirek","category-egyhazmegyenk-hirei","et-has-post-format-content","et_post_format-et-post-format-standard"],"acf":[],"_links":{"self":[{"href":"https:\/\/munkacs-diocese.org\/hu\/wp-json\/wp\/v2\/posts\/9774"}],"collection":[{"href":"https:\/\/munkacs-diocese.org\/hu\/wp-json\/wp\/v2\/posts"}],"about":[{"href":"https:\/\/munkacs-diocese.org\/hu\/wp-json\/wp\/v2\/types\/post"}],"author":[{"embeddable":true,"href":"https:\/\/munkacs-diocese.org\/hu\/wp-json\/wp\/v2\/users\/4"}],"replies":[{"embeddable":true,"href":"https:\/\/munkacs-diocese.org\/hu\/wp-json\/wp\/v2\/comments?post=9774"}],"version-history":[{"count":2,"href":"https:\/\/munkacs-diocese.org\/hu\/wp-json\/wp\/v2\/posts\/9774\/revisions"}],"predecessor-version":[{"id":9780,"href":"https:\/\/munkacs-diocese.org\/hu\/wp-json\/wp\/v2\/posts\/9774\/revisions\/9780"}],"wp:featuredmedia":[{"embeddable":true,"href":"https:\/\/munkacs-diocese.org\/hu\/wp-json\/wp\/v2\/media\/9778"}],"wp:attachment":[{"href":"https:\/\/munkacs-diocese.org\/hu\/wp-json\/wp\/v2\/media?parent=9774"}],"wp:term":[{"taxonomy":"category","embeddable":true,"href":"https:\/\/munkacs-diocese.org\/hu\/wp-json\/wp\/v2\/categories?post=9774"},{"taxonomy":"post_tag","embeddable":true,"href":"https:\/\/munkacs-diocese.org\/hu\/wp-json\/wp\/v2\/tags?post=9774"}],"curies":[{"name":"wp","href":"https:\/\/api.w.org\/{rel}","templated":true}]}}