{"id":9698,"date":"2023-01-03T08:43:11","date_gmt":"2023-01-03T07:43:11","guid":{"rendered":"https:\/\/munkacs-diocese.org\/hu\/?p=9698"},"modified":"2023-01-03T08:53:23","modified_gmt":"2023-01-03T07:53:23","slug":"cseresznyet-kuldott-lembergbe-xvi-benedekre-emlekezik-mokrzycki-ersek","status":"publish","type":"post","link":"https:\/\/munkacs-diocese.org\/hu\/2023\/01\/03\/cseresznyet-kuldott-lembergbe-xvi-benedekre-emlekezik-mokrzycki-ersek\/","title":{"rendered":"\u201eCsereszny\u00e9t k\u00fcld\u00f6tt Lembergbe\u201d &#8211; XVI. Benedekre eml\u00e9kezik Mokrzycki \u00e9rsek"},"content":{"rendered":"<div id=\"fb-root\"><\/div>\n<p style=\"text-align: justify;\"><strong>2022. december 31-\u00e9n v\u00e9get \u00e9rt XVI. Benedek emeritus p\u00e1pa f\u00f6ldi \u00fatja. Mieczys\u0142aw Mokrzycki, lembergi \u00e9rsek, aki II. J\u00e1nos P\u00e1l hal\u00e1l\u00e1t k\u00f6vet\u0151en, p\u00e1pas\u00e1ga els\u0151 k\u00e9t \u00e9v\u00e9ben Ratzinger p\u00e1pa m\u00e1sodtitk\u00e1ra volt, a Credo ukr\u00e1n katolikus h\u00edrport\u00e1llal megosztotta gondolatait arr\u00f3l, hogyan marad meg eml\u00e9kezet\u00e9ben XVI. Benedek p\u00e1pa \u00e9s milyen volt utols\u00f3 tal\u00e1lkoz\u00e1suk a Vatik\u00e1nban. (Mokrzyckit Benedek p\u00e1pa nevezte ki lembergi \u00e9rsekk\u00e9 \u2013 <em>a ford<\/em>.)<\/strong><\/p>\n<p style=\"text-align: justify;\">\u2212 A II. J\u00e1nos P\u00e1l mellett t\u00f6lt\u00f6tt t\u00edz \u00e9vi munka ut\u00e1n az a szerencse \u00e9rt, hogy XVI. Benedek p\u00e1pa titk\u00e1ra lehettem. Ez egy \u00faj, de csod\u00e1latos \u00e9lm\u00e9ny volt sz\u00e1momra. M\u00e9g akkoriban ismerkedtem meg Ratzinger b\u00edborossal, amikor a Hittani Kongreg\u00e1ci\u00f3 prefektusak\u00e9nt minden p\u00e9nteken elj\u00f6tt audienci\u00e1ra II. J\u00e1nos P\u00e1l p\u00e1p\u00e1hoz. Nagyon szer\u00e9ny \u00e9s finom lelk\u0171 ember volt, tapintatos \u00e9s rendk\u00edv\u00fcl m\u0171velt. Meg kell mondanom, hogy Ratzinger b\u00edboros nagyszer\u0171 teol\u00f3gus volt. J\u00e1nos P\u00e1l p\u00e1pa gyakran mondogatta, hogy nyugodtan aludhat, \u00e9s nem agg\u00f3dik a katolikus egyh\u00e1z hittan\u00edt\u00e1sai miatt, mert ott van Ratzinger b\u00edboros. Benedek p\u00e1pa is nagy tiszteletben tartotta el\u0151dj\u00e9t.<\/p>\n<p style=\"text-align: justify;\">Eml\u00e9kszem, egyszer egy s\u00e9ta k\u00f6zben Benedek p\u00e1pa meg\u00e1llt (a Vatik\u00e1n kertj\u00e9ben) a fatimai Sz\u0171zanya szobra mellett, \u00e9s azt mondta, hogy illene lecser\u00e9lni a r\u00f3zsaf\u00fcz\u00e9rt, mert az m\u00e1r napsz\u00edtta. \u00c9s t\u00fcst\u00e9nt hozz\u00e1tette, hogy a szobrot szeretn\u00e9 megkoron\u00e1zni Sz\u0171z M\u00e1ria ir\u00e1nti h\u00e1l\u00e1ja jel\u00e9\u00fcl, ami\u00e9rt megmentette el\u0151dje \u00e9let\u00e9t. XVI. Benedek p\u00e1pa m\u00e9ly hit\u0171 ember volt, \u00e9s mindennap sok id\u0151t t\u00f6lt\u00f6tt a k\u00e1poln\u00e1ban. Nagyon felel\u0151ss\u00e9gteljes volt, \u00e9s gondosan k\u00e9sz\u00fclt pr\u00e9dik\u00e1ci\u00f3ira \u00e9s besz\u00e9deire.<\/p>\n<p style=\"text-align: justify;\">Nagyon lelkiismeretes volt a tal\u00e1lkoz\u00f3kkal \u00e9s az audienci\u00e1kkal kapcsolatban. Az emberekkel val\u00f3 szem\u00e9lyes kapcsolataiban nagyon k\u00e9szs\u00e9ges volt, \u00e9s tudta, hogyan lehet nagyon r\u00f6vid id\u0151n bel\u00fcl b\u00e1rkivel j\u00f3 kapcsolatot teremteni. Eml\u00e9kszem, a p\u00e1pa \u00e9szrevette, hogy szeretem a csereszny\u00e9t. \u00c9s m\u00e9g akkor is, amikor m\u00e1r nem a Vatik\u00e1nban dolgoztam, j\u00faniusban, a szezon idej\u00e9n k\u00fcld\u00f6tt nekem csereszny\u00e9t Lembergbe. Amikor pedig nem volt r\u00e1 lehet\u0151s\u00e9ge, lev\u00e9lben meg\u00edrta, mennyire sajn\u00e1lja, hogy az id\u00e9n nincs kivel csereszny\u00e9t k\u00fcldenie. Ez a gesztus azt mutatja, hogy m\u00e1sok ir\u00e1nt milyen figyelmes volt, m\u00e9g ilyen apr\u00f3 dologban is. Mindig is \u00e9rdekelte ukrajnai szolg\u00e1latom. Valah\u00e1nyszor a Vatik\u00e1nban j\u00e1rtam, megh\u00edvott eb\u00e9dre, sz\u00edvesen tal\u00e1lkozott velem, \u00e9s mindig \u00e9rdekl\u0151d\u00f6tt minden ir\u00e1nt, ami Ukrajn\u00e1ban t\u00f6rt\u00e9nik.<\/p>\n<p style=\"text-align: justify;\">Utols\u00f3 tal\u00e1lkoz\u00e1sunkra november 13-\u00e1n ker\u00fclt sor. Nagyon egy\u00fctt \u00e9rz\u0151 volt mindny\u00e1junkkal a h\u00e1bor\u00faval kapcsolatban. Biztos\u00edtott afel\u0151l, hogy minden nap im\u00e1dkozik Ukrajn\u00e1\u00e9rt. Tudja, Lembergben van a vil\u00e1gon tal\u00e1n az egyetlen \u00f3lom\u00fcveg ablak XVI. Benedek p\u00e1pa \u00e9s Szent II. J\u00e1nos P\u00e1l k\u00e9p\u00e9vel, ott m\u00e9g egyel\u0151re gl\u00f3ria n\u00e9lk\u00fcl. De szeretn\u00e9m (\u00e9s rem\u00e9lem, hogy \u00edgy is lesz) l\u00e1tni Benedek p\u00e1pa temet\u00e9s\u00e9n a \u201eSanto subito\u201d (m\u00e1ris szent) felirat\u00fa t\u00e1bl\u00e1kat, ahogyan az II. J\u00e1nos P\u00e1l temet\u00e9s\u00e9n t\u00f6rt\u00e9nt, mert Joseph Ratzinger val\u00f3ban szent ember, \u00e9s \u00e9n annakidej\u00e9n, nap, mint nap r\u00e1tekintve, \u0151t figyelve, err\u0151l meg voltam gy\u0151z\u0151dve.<\/p>\n<p><img loading=\"lazy\" decoding=\"async\" class=\"size-full wp-image-9699 aligncenter\" src=\"https:\/\/munkacs-diocese.org\/hu\/wp-content\/uploads\/2023\/01\/Mokshitskii-i-Benedikt.jpg\" alt=\"\" width=\"700\" height=\"475\" srcset=\"https:\/\/munkacs-diocese.org\/hu\/wp-content\/uploads\/2023\/01\/Mokshitskii-i-Benedikt.jpg 700w, https:\/\/munkacs-diocese.org\/hu\/wp-content\/uploads\/2023\/01\/Mokshitskii-i-Benedikt-300x204.jpg 300w\" sizes=\"(max-width: 700px) 100vw, 700px\" \/><\/p>\n<p style=\"text-align: right;\">Vita Jakubowska riportja 2023. janu\u00e1r 01.<\/p>\n<p style=\"text-align: right;\">Ford\u00edtotta: Hid\u00e1sz Ferenc OFM<\/p>\n<p style=\"text-align: right;\">Forr\u00e1s: CREDO: <a href=\"https:\/\/credo.pro\/2023\/01\/336622\">https:\/\/credo.pro\/2023\/01\/336622<\/a><\/p>\n<p>A lembergi \u00e9rsek beiktat\u00e1sa: <a href=\"https:\/\/www.magyarkurir.hu\/hirek\/mieczys-aw-mokrzycki-ersek-beiktatasa-lembergben\">https:\/\/www.magyarkurir.hu\/hirek\/mieczys-aw-mokrzycki-ersek-beiktatasa-lembergben<\/a><\/p>\n<p>Legut\u00f3bbi vele k\u00e9sz\u00fclt interj\u00fa: <a href=\"https:\/\/www.magyarkurir.hu\/nezopont\/mieczys-aw-mokrzycki-lembergi-ersek-az-oroszok-elott-megtisztulas-es-megteres-hosszu-utja-all\">https:\/\/www.magyarkurir.hu\/nezopont\/mieczys-aw-mokrzycki-lembergi-ersek-az-oroszok-elott-megtisztulas-es-megteres-hosszu-utja-all<\/a><\/p>\n","protected":false},"excerpt":{"rendered":"<p>2022. december 31-\u00e9n v\u00e9get \u00e9rt XVI. Benedek emeritus p\u00e1pa f\u00f6ldi \u00fatja. Mieczys\u0142aw Mokrzycki, lembergi \u00e9rsek, aki II. J\u00e1nos P\u00e1l hal\u00e1l\u00e1t k\u00f6vet\u0151en, p\u00e1pas\u00e1ga els\u0151 k\u00e9t \u00e9v\u00e9ben Ratzinger p\u00e1pa m\u00e1sodtitk\u00e1ra volt, a Credo ukr\u00e1n katolikus h\u00edrport\u00e1llal megosztotta gondolatait arr\u00f3l, hogyan marad meg eml\u00e9kezet\u00e9ben XVI. Benedek p\u00e1pa \u00e9s milyen volt utols\u00f3 tal\u00e1lkoz\u00e1suk a Vatik\u00e1nban. (Mokrzyckit Benedek p\u00e1pa nevezte [&hellip;]<\/p>\n","protected":false},"author":4,"featured_media":9700,"comment_status":"open","ping_status":"open","sticky":false,"template":"","format":"standard","meta":{"_acf_changed":false,"_et_pb_use_builder":"","_et_pb_old_content":"","_et_gb_content_width":"","footnotes":""},"categories":[10,60],"tags":[],"class_list":["post-9698","post","type-post","status-publish","format-standard","has-post-thumbnail","hentry","category-aktualis-hirek","category-egyeb-egyhazi-hirek","et-has-post-format-content","et_post_format-et-post-format-standard"],"acf":[],"_links":{"self":[{"href":"https:\/\/munkacs-diocese.org\/hu\/wp-json\/wp\/v2\/posts\/9698"}],"collection":[{"href":"https:\/\/munkacs-diocese.org\/hu\/wp-json\/wp\/v2\/posts"}],"about":[{"href":"https:\/\/munkacs-diocese.org\/hu\/wp-json\/wp\/v2\/types\/post"}],"author":[{"embeddable":true,"href":"https:\/\/munkacs-diocese.org\/hu\/wp-json\/wp\/v2\/users\/4"}],"replies":[{"embeddable":true,"href":"https:\/\/munkacs-diocese.org\/hu\/wp-json\/wp\/v2\/comments?post=9698"}],"version-history":[{"count":3,"href":"https:\/\/munkacs-diocese.org\/hu\/wp-json\/wp\/v2\/posts\/9698\/revisions"}],"predecessor-version":[{"id":9703,"href":"https:\/\/munkacs-diocese.org\/hu\/wp-json\/wp\/v2\/posts\/9698\/revisions\/9703"}],"wp:featuredmedia":[{"embeddable":true,"href":"https:\/\/munkacs-diocese.org\/hu\/wp-json\/wp\/v2\/media\/9700"}],"wp:attachment":[{"href":"https:\/\/munkacs-diocese.org\/hu\/wp-json\/wp\/v2\/media?parent=9698"}],"wp:term":[{"taxonomy":"category","embeddable":true,"href":"https:\/\/munkacs-diocese.org\/hu\/wp-json\/wp\/v2\/categories?post=9698"},{"taxonomy":"post_tag","embeddable":true,"href":"https:\/\/munkacs-diocese.org\/hu\/wp-json\/wp\/v2\/tags?post=9698"}],"curies":[{"name":"wp","href":"https:\/\/api.w.org\/{rel}","templated":true}]}}