{"id":9540,"date":"2022-12-07T14:50:08","date_gmt":"2022-12-07T13:50:08","guid":{"rendered":"https:\/\/munkacs-diocese.org\/hu\/?p=9540"},"modified":"2022-12-07T14:50:08","modified_gmt":"2022-12-07T13:50:08","slug":"csodas-talalkozasok","status":"publish","type":"post","link":"https:\/\/munkacs-diocese.org\/hu\/2022\/12\/07\/csodas-talalkozasok\/","title":{"rendered":"CSOD\u00c1S TAL\u00c1LKOZ\u00c1SOK"},"content":{"rendered":"<div id=\"fb-root\"><\/div>\n<p style=\"text-align: justify;\">A most zajl\u00f3 adventi id\u0151szak sok v\u00e1rakoz\u00e1st tartogat. Mindenekel\u0151tt J\u00e9zus elj\u00f6vetel\u00e9t v\u00e1rjuk, de december elej\u00e9n a gyerekek v\u00e1rj\u00e1k a Mikul\u00e1s elj\u00f6vetel\u00e9t is. Vas\u00e1rnapt\u00f3l kezdve tal\u00e1lkozhatott \u00e9s \u00e1t\u00e9lhette a vele val\u00f3 csod\u00e1s tal\u00e1lkoz\u00e1s izgalm\u00e1t \u00e9s \u00f6r\u00f6m\u00e9t egyh\u00e1zmegy\u00e9nk pl\u00e9b\u00e1ni\u00e1inak apraja \u00e9s nagyja. Szent Mikl\u00f3s \u00fcnnepe kicsiket \u00e9s nagyokat \u00e9vr\u0151l-\u00e9vre az aj\u00e1nd\u00e9koz\u00f3 szeretet, a felebar\u00e1taink melletti k\u00f6zels\u00e9g, az irgalmass\u00e1g p\u00e9ld\u00e1j\u00e1ra tan\u00edt. Mindh\u00e1romra nagy sz\u00fcks\u00e9g\u00fcnk van\u2026<\/p>\n<p>&nbsp;<\/p>\n<div style=\"width: 1080px;\" class=\"wp-video\"><!--[if lt IE 9]><script>document.createElement('video');<\/script><![endif]-->\n<video class=\"wp-video-shortcode\" id=\"video-9540-1\" width=\"1080\" height=\"608\" preload=\"metadata\" controls=\"controls\"><source type=\"video\/mp4\" src=\"https:\/\/munkacs-diocese.org\/hu\/wp-content\/uploads\/2022\/12\/Szent-Miklos-unnepe-az-egyhazmegyeben.mp4?_=1\" \/><a href=\"https:\/\/munkacs-diocese.org\/hu\/wp-content\/uploads\/2022\/12\/Szent-Miklos-unnepe-az-egyhazmegyeben.mp4\">https:\/\/munkacs-diocese.org\/hu\/wp-content\/uploads\/2022\/12\/Szent-Miklos-unnepe-az-egyhazmegyeben.mp4<\/a><\/video><\/div>\n","protected":false},"excerpt":{"rendered":"<p>A most zajl\u00f3 adventi id\u0151szak sok v\u00e1rakoz\u00e1st tartogat. Mindenekel\u0151tt J\u00e9zus elj\u00f6vetel\u00e9t v\u00e1rjuk, de december elej\u00e9n a gyerekek v\u00e1rj\u00e1k a Mikul\u00e1s elj\u00f6vetel\u00e9t is. Vas\u00e1rnapt\u00f3l kezdve tal\u00e1lkozhatott \u00e9s \u00e1t\u00e9lhette a vele val\u00f3 csod\u00e1s tal\u00e1lkoz\u00e1s izgalm\u00e1t \u00e9s \u00f6r\u00f6m\u00e9t egyh\u00e1zmegy\u00e9nk pl\u00e9b\u00e1ni\u00e1inak apraja \u00e9s nagyja. Szent Mikl\u00f3s \u00fcnnepe kicsiket \u00e9s nagyokat \u00e9vr\u0151l-\u00e9vre az aj\u00e1nd\u00e9koz\u00f3 szeretet, a felebar\u00e1taink melletti k\u00f6zels\u00e9g, az [&hellip;]<\/p>\n","protected":false},"author":4,"featured_media":9542,"comment_status":"open","ping_status":"open","sticky":false,"template":"","format":"standard","meta":{"_acf_changed":false,"_et_pb_use_builder":"","_et_pb_old_content":"","_et_gb_content_width":"","footnotes":""},"categories":[10,59],"tags":[],"class_list":["post-9540","post","type-post","status-publish","format-standard","has-post-thumbnail","hentry","category-aktualis-hirek","category-egyhazmegyenk-hirei","et-has-post-format-content","et_post_format-et-post-format-standard"],"acf":[],"_links":{"self":[{"href":"https:\/\/munkacs-diocese.org\/hu\/wp-json\/wp\/v2\/posts\/9540"}],"collection":[{"href":"https:\/\/munkacs-diocese.org\/hu\/wp-json\/wp\/v2\/posts"}],"about":[{"href":"https:\/\/munkacs-diocese.org\/hu\/wp-json\/wp\/v2\/types\/post"}],"author":[{"embeddable":true,"href":"https:\/\/munkacs-diocese.org\/hu\/wp-json\/wp\/v2\/users\/4"}],"replies":[{"embeddable":true,"href":"https:\/\/munkacs-diocese.org\/hu\/wp-json\/wp\/v2\/comments?post=9540"}],"version-history":[{"count":2,"href":"https:\/\/munkacs-diocese.org\/hu\/wp-json\/wp\/v2\/posts\/9540\/revisions"}],"predecessor-version":[{"id":9544,"href":"https:\/\/munkacs-diocese.org\/hu\/wp-json\/wp\/v2\/posts\/9540\/revisions\/9544"}],"wp:featuredmedia":[{"embeddable":true,"href":"https:\/\/munkacs-diocese.org\/hu\/wp-json\/wp\/v2\/media\/9542"}],"wp:attachment":[{"href":"https:\/\/munkacs-diocese.org\/hu\/wp-json\/wp\/v2\/media?parent=9540"}],"wp:term":[{"taxonomy":"category","embeddable":true,"href":"https:\/\/munkacs-diocese.org\/hu\/wp-json\/wp\/v2\/categories?post=9540"},{"taxonomy":"post_tag","embeddable":true,"href":"https:\/\/munkacs-diocese.org\/hu\/wp-json\/wp\/v2\/tags?post=9540"}],"curies":[{"name":"wp","href":"https:\/\/api.w.org\/{rel}","templated":true}]}}