{"id":9505,"date":"2022-12-01T15:53:40","date_gmt":"2022-12-01T14:53:40","guid":{"rendered":"https:\/\/munkacs-diocese.org\/hu\/?p=9505"},"modified":"2022-12-01T16:08:34","modified_gmt":"2022-12-01T15:08:34","slug":"nemzetek-kozotti-osszefogas-a-magyar-es-a-szlovak-karitasz-kozos-segelyszallitmanya","status":"publish","type":"post","link":"https:\/\/munkacs-diocese.org\/hu\/2022\/12\/01\/nemzetek-kozotti-osszefogas-a-magyar-es-a-szlovak-karitasz-kozos-segelyszallitmanya\/","title":{"rendered":"NEMZETEK K\u00d6Z\u00d6TTI \u00d6SSZEFOG\u00c1S &#8211; a Magyar \u00e9s a Szlov\u00e1k Karit\u00e1sz k\u00f6z\u00f6s seg\u00e9lysz\u00e1ll\u00edtm\u00e1nya"},"content":{"rendered":"<div id=\"fb-root\"><\/div>\n<p style=\"text-align: justify;\">K\u00f6zel \u00f6t milli\u00f3 forint \u00e9rt\u00e9k\u0171 seg\u00e9lysz\u00e1ll\u00edtm\u00e1ny \u00e9rkezett november 30-\u00e1n a Munk\u00e1csi Egyh\u00e1zmegyei Karit\u00e1sz k\u00f6zpontj\u00e1ba. Az adom\u00e1nyok \u00f6ssze\u00e1ll\u00edt\u00e1s\u00e1ban &#8211; a helyi ig\u00e9nyek alapj\u00e1n &#8211; szorosan egy\u00fcttm\u0171k\u00f6d\u00f6tt a h\u00e1rom szervezet vezet\u0151s\u00e9ge. A seg\u00e9lysz\u00e1ll\u00edtm\u00e1ny az Egyh\u00e1zmegyei Karit\u00e1sz ter\u00fclet\u00e9n, valamint Ukrajna m\u00e1s r\u00e9szein \u00e9l\u0151 emberek egyre nehezebb mindennapjait t\u00e1mogatja.<\/p>\n<p style=\"text-align: justify;\">2022. okt\u00f3ber\u00e9ben, S\u00e1rospatakon tal\u00e1lkoztak Szlov\u00e1kia, Ukrajna \u00e9s Magyarorsz\u00e1g karit\u00e1sz szervezetei, ahol meg\u00e1llapodtak az ukrajnai h\u00e1bor\u00faval kapcsolatos egy\u00fcttm\u0171k\u00f6d\u00e9sr\u0151l. Ennek eredm\u00e9nyek\u00e9nt \u00e9rkezett szerd\u00e1n Munk\u00e1csra a Magyar \u00e9s a Szlov\u00e1k Karit\u00e1sz k\u00f6z\u00f6s seg\u00e9lysz\u00e1ll\u00edtm\u00e1nya, amelyben \u00e9dess\u00e9g, tart\u00f3s \u00e9lelmiszer, t\u00e9szta, konzerv, higi\u00e9niai term\u00e9kek, pelenka, gyermek\u00e1pol\u00e1shoz sz\u00fcks\u00e9ges eszk\u00f6z\u00f6k, valamint a h\u00e1bor\u00fa mostani szakasz\u00e1ban nagyon fontos, meleget \u00e9s f\u00e9nyt ad\u00f3 eszk\u00f6z\u00f6k: f\u0171t\u0151berendez\u00e9s, gener\u00e1torok, l\u00e1mp\u00e1k \u00e9s fabrikett voltak.<\/p>\n<p><img loading=\"lazy\" decoding=\"async\" class=\"alignnone wp-image-9506\" src=\"https:\/\/munkacs-diocese.org\/hu\/wp-content\/uploads\/2022\/12\/karitasz1-300x149.jpg\" alt=\"\" width=\"394\" height=\"196\" srcset=\"https:\/\/munkacs-diocese.org\/hu\/wp-content\/uploads\/2022\/12\/karitasz1-300x149.jpg 300w, https:\/\/munkacs-diocese.org\/hu\/wp-content\/uploads\/2022\/12\/karitasz1-768x381.jpg 768w, https:\/\/munkacs-diocese.org\/hu\/wp-content\/uploads\/2022\/12\/karitasz1.jpg 772w\" sizes=\"(max-width: 394px) 100vw, 394px\" \/> <img loading=\"lazy\" decoding=\"async\" class=\"alignnone wp-image-9507\" src=\"https:\/\/munkacs-diocese.org\/hu\/wp-content\/uploads\/2022\/12\/karitasz2-300x167.jpg\" alt=\"\" width=\"350\" height=\"195\" srcset=\"https:\/\/munkacs-diocese.org\/hu\/wp-content\/uploads\/2022\/12\/karitasz2-300x167.jpg 300w, https:\/\/munkacs-diocese.org\/hu\/wp-content\/uploads\/2022\/12\/karitasz2-768x428.jpg 768w, https:\/\/munkacs-diocese.org\/hu\/wp-content\/uploads\/2022\/12\/karitasz2.jpg 800w\" sizes=\"(max-width: 350px) 100vw, 350px\" \/><\/p>\n<p style=\"text-align: justify;\">Az \u00e1tad\u00e1s helysz\u00edn\u00e9n jelen volt Lucsok P. Mikl\u00f3s, a Munk\u00e1csi Egyh\u00e1zmegye apostoli adminisztr\u00e1tora, \u00c9csy G\u00e1bor, a Magyar Katolikus Karit\u00e1sz orsz\u00e1gos igazgat\u00f3ja, Miroslav Dzurech, a Szlov\u00e1k Karit\u00e1sz f\u0151titk\u00e1ra, Pavol Vilcek, a Szepesi Egyh\u00e1zmegyei Karit\u00e1sz igazgat\u00f3ja, Feh\u00e9r Ferenc, a Munk\u00e1csi Egyh\u00e1zmegyei Karit\u00e1sz igazgat\u00f3ja, valamint a jelenl\u00e9v\u0151 nemzetek karit\u00e1szainak munkat\u00e1rsai.<\/p>\n<p><img loading=\"lazy\" decoding=\"async\" class=\"alignnone size-full wp-image-9509\" src=\"https:\/\/munkacs-diocese.org\/hu\/wp-content\/uploads\/2022\/12\/karitasz4.jpg\" alt=\"\" width=\"753\" height=\"469\" srcset=\"https:\/\/munkacs-diocese.org\/hu\/wp-content\/uploads\/2022\/12\/karitasz4.jpg 753w, https:\/\/munkacs-diocese.org\/hu\/wp-content\/uploads\/2022\/12\/karitasz4-300x187.jpg 300w, https:\/\/munkacs-diocese.org\/hu\/wp-content\/uploads\/2022\/12\/karitasz4-400x250.jpg 400w\" sizes=\"(max-width: 753px) 100vw, 753px\" \/><\/p>\n<p style=\"text-align: justify;\">Lucsok Mikl\u00f3s p\u00fcsp\u00f6k kiemelte az \u00f6sszefog\u00e1st \u00e9s a p\u00fcsp\u00f6kkar nev\u00e9ben k\u00f6sz\u00f6net\u00e9t fejezte ki: \u201eNagy k\u00f6sz\u00f6net, hogy kinyitott\u00e1tok a sz\u00edveteket arra, hogy seg\u00edtsetek azokon, akik m\u00e1r t\u00edz h\u00f3napja h\u00e1bor\u00faban \u00e9lnek. Ezen a v\u00e1ls\u00e1gon csak egy\u00fctt tudunk \u00e1tmenni, ha egym\u00e1st seg\u00edtj\u00fck. \u00c9n, mint K\u00e1rp\u00e1talja p\u00fcsp\u00f6ke nagyon sok seg\u00edts\u00e9get, szeretet \u00e9s j\u00f3t tapasztalok \u00e1ltalatok. Ez\u00e9rt magam, \u00e9s az eg\u00e9sz p\u00fcsp\u00f6ki kar nev\u00e9ben nagy k\u00f6sz\u00f6netet mondok a seg\u00edts\u00e9g\u00e9rt, mind a karit\u00e1sz vezet\u0151knek, mind a szlov\u00e1k \u00e9s magyar n\u00e9pnek.\u201d<\/p>\n<p style=\"text-align: justify;\">A magyar karit\u00e1sz igazgat\u00f3ja t\u00f6bbek k\u00f6z\u00f6tt a tart\u00f3s \u00e9s hossz\u00fat\u00e1v\u00fa seg\u00edts\u00e9gny\u00fajt\u00e1s ir\u00e1nti rem\u00e9ny\u00e9t fejezte ki: \u201eRem\u00e9lj\u00fck, hogy a j\u00f6v\u0151ben is tov\u00e1bb tudjuk seg\u00edteni a K\u00e1rp\u00e1talj\u00e1n \u00e9l\u0151 magyars\u00e1got, valamint az itt \u00e9l\u0151 r\u00e1szorul\u00f3 embereket.\u201d \u2013 mondta.<\/p>\n<p style=\"text-align: justify;\">\u201eRem\u00e9lem, hogy ez az egy\u00fcttm\u0171k\u00f6d\u00e9s nem csak ebb\u0151l az egy napb\u00f3l fog \u00e1llni, hanem a szlov\u00e1k h\u00edvek seg\u00edts\u00e9g\u00e9vel lesz folytat\u00e1sa is. Hiszek abban \u00e9s b\u00edzom benne, hogy az eddig \u00e9rkezett seg\u00edts\u00e9get m\u00e9g t\u00f6bb k\u00f6veti \u00e9s t\u00f6bbek k\u00f6z\u00f6tt lelkileg is tudjuk seg\u00edteni az itt \u00e9l\u0151 testv\u00e9reinket.\u201d \u2013 tette hozz\u00e1 a szlov\u00e1k karit\u00e1sz f\u0151titk\u00e1ra.<\/p>\n<p style=\"text-align: justify;\">\u201eA szeg\u00e9nyeken kereszt\u00fcl J\u00e9zus j\u00f6n hozz\u00e1nk, a menek\u00fclteken kereszt\u00fcl tudunk Istenhez fordulni. Az\u00e1ltal, hogy az emberek Szlov\u00e1ki\u00e1ban is seg\u00edtenek, a szlov\u00e1k h\u00edvek \u00edgy tudj\u00e1k megmutatni az irgalmass\u00e1g \u00fatj\u00e1t, amit a szeg\u00e9nyek\u00e9rt \u00e9s a sz\u00fcks\u00e9get szenved\u0151k\u00e9rt v\u00e1llalnak.\u201d &#8211; hangs\u00falyozta Szepesi Egyh\u00e1zmegyei Karit\u00e1sz igazgat\u00f3ja.<\/p>\n<p><img loading=\"lazy\" decoding=\"async\" class=\"alignnone wp-image-9510\" src=\"https:\/\/munkacs-diocese.org\/hu\/wp-content\/uploads\/2022\/12\/karitasz5-300x200.jpg\" alt=\"\" width=\"362\" height=\"241\" srcset=\"https:\/\/munkacs-diocese.org\/hu\/wp-content\/uploads\/2022\/12\/karitasz5-300x200.jpg 300w, https:\/\/munkacs-diocese.org\/hu\/wp-content\/uploads\/2022\/12\/karitasz5.jpg 679w\" sizes=\"(max-width: 362px) 100vw, 362px\" \/> <img loading=\"lazy\" decoding=\"async\" class=\"alignnone wp-image-9508\" src=\"https:\/\/munkacs-diocese.org\/hu\/wp-content\/uploads\/2022\/12\/karitasz3-300x179.jpg\" alt=\"\" width=\"407\" height=\"243\" srcset=\"https:\/\/munkacs-diocese.org\/hu\/wp-content\/uploads\/2022\/12\/karitasz3-300x179.jpg 300w, https:\/\/munkacs-diocese.org\/hu\/wp-content\/uploads\/2022\/12\/karitasz3-768x459.jpg 768w, https:\/\/munkacs-diocese.org\/hu\/wp-content\/uploads\/2022\/12\/karitasz3-627x376.jpg 627w, https:\/\/munkacs-diocese.org\/hu\/wp-content\/uploads\/2022\/12\/karitasz3-440x264.jpg 440w, https:\/\/munkacs-diocese.org\/hu\/wp-content\/uploads\/2022\/12\/karitasz3.jpg 777w\" sizes=\"(max-width: 407px) 100vw, 407px\" \/><\/p>\n<p style=\"text-align: justify;\">\u201eA mai nap szimbolikus nap, amikor a szlov\u00e1k \u00e9s magyar karit\u00e1sz egy\u00fcttm\u0171k\u00f6d\u00e9s\u00e9b\u0151l adom\u00e1nyt kaptunk n\u00e9gy mikrobusszal. Ugyanakkor a h\u00e1bor\u00fa elej\u00e9t\u0151l nagyon sokat seg\u00edtett minket mind a k\u00e9t szervezet. Elmondhatom, hogy n\u00e9lk\u00fcl\u00fck sokkal kevesebbet tudtunk volna ny\u00fajtani az embereknek ebben a h\u00e1bor\u00fas helyzetben&#8230; Az els\u0151 h\u00f3napokban rengeteg t\u00e1mogat\u00e1s \u00e9rkezett, de mindig f\u00e9lt\u00fcnk att\u00f3l, hogy ez a seg\u00edts\u00e9g cs\u00f6kkeni fog \u00e9s azt\u00e1n v\u00e9gleg megsz\u0171nik. A t\u00e9l be\u00e1llt\u00e1val rendk\u00edv\u00fcl fontos, hogy folytat\u00f3djon a t\u00e1mogat\u00e1s. A folyamatos \u00e1ramkimarad\u00e1sok \u00e9s a hozz\u00e1juk p\u00e1rosul\u00f3 v\u00edz &#8211; \u00e9s f\u0171t\u00e9shi\u00e1ny rendk\u00edv\u00fcl megnehez\u00edtett\u00e9k az elm\u00falt k\u00e9t h\u00e9tben az \u00e9letet itt Ukrajn\u00e1ban \u00e9s K\u00e1rp\u00e1talj\u00e1n is&#8230;\u201d &#8211; er\u0151s\u00edtette meg a Munk\u00e1csi Egyh\u00e1zmegye Karit\u00e1sz igazgat\u00f3ja.<\/p>\n<p style=\"text-align: justify;\">Az adom\u00e1ny a szlov\u00e1k \u00e9s a magyar f\u00e9l r\u00e9sz\u00e9r\u0151l nem az els\u0151, \u00e9s nem az is az utols\u00f3 sz\u00e1ll\u00edtm\u00e1ny, a karit\u00e1sz szervezetek a j\u00f6v\u0151ben is folytatj\u00e1k a n\u00e9lk\u00fcl\u00f6z\u0151 \u00e9s neh\u00e9z k\u00f6r\u00fclm\u00e9nyek k\u00f6z\u00f6tt \u00e9l\u0151k t\u00e1mogat\u00e1s\u00e1t.<\/p>\n<p style=\"text-align: right;\">Forr\u00e1s: karitasz.hu, charita.sk, hirado.hu alapj\u00e1n<\/p>\n<p style=\"text-align: right;\">Fot\u00f3: Mer\u00e9nyi Zita\/Magyar Kur\u00edr<\/p>\n","protected":false},"excerpt":{"rendered":"<p>K\u00f6zel \u00f6t milli\u00f3 forint \u00e9rt\u00e9k\u0171 seg\u00e9lysz\u00e1ll\u00edtm\u00e1ny \u00e9rkezett november 30-\u00e1n a Munk\u00e1csi Egyh\u00e1zmegyei Karit\u00e1sz k\u00f6zpontj\u00e1ba. Az adom\u00e1nyok \u00f6ssze\u00e1ll\u00edt\u00e1s\u00e1ban &#8211; a helyi ig\u00e9nyek alapj\u00e1n &#8211; szorosan egy\u00fcttm\u0171k\u00f6d\u00f6tt a h\u00e1rom szervezet vezet\u0151s\u00e9ge. A seg\u00e9lysz\u00e1ll\u00edtm\u00e1ny az Egyh\u00e1zmegyei Karit\u00e1sz ter\u00fclet\u00e9n, valamint Ukrajna m\u00e1s r\u00e9szein \u00e9l\u0151 emberek egyre nehezebb mindennapjait t\u00e1mogatja. 2022. okt\u00f3ber\u00e9ben, S\u00e1rospatakon tal\u00e1lkoztak Szlov\u00e1kia, Ukrajna \u00e9s Magyarorsz\u00e1g karit\u00e1sz szervezetei, [&hellip;]<\/p>\n","protected":false},"author":4,"featured_media":9516,"comment_status":"open","ping_status":"open","sticky":false,"template":"","format":"standard","meta":{"_acf_changed":false,"_et_pb_use_builder":"","_et_pb_old_content":"","_et_gb_content_width":"","footnotes":""},"categories":[10,59,2],"tags":[],"class_list":["post-9505","post","type-post","status-publish","format-standard","has-post-thumbnail","hentry","category-aktualis-hirek","category-egyhazmegyenk-hirei","category-hirek","et-has-post-format-content","et_post_format-et-post-format-standard"],"acf":[],"_links":{"self":[{"href":"https:\/\/munkacs-diocese.org\/hu\/wp-json\/wp\/v2\/posts\/9505"}],"collection":[{"href":"https:\/\/munkacs-diocese.org\/hu\/wp-json\/wp\/v2\/posts"}],"about":[{"href":"https:\/\/munkacs-diocese.org\/hu\/wp-json\/wp\/v2\/types\/post"}],"author":[{"embeddable":true,"href":"https:\/\/munkacs-diocese.org\/hu\/wp-json\/wp\/v2\/users\/4"}],"replies":[{"embeddable":true,"href":"https:\/\/munkacs-diocese.org\/hu\/wp-json\/wp\/v2\/comments?post=9505"}],"version-history":[{"count":2,"href":"https:\/\/munkacs-diocese.org\/hu\/wp-json\/wp\/v2\/posts\/9505\/revisions"}],"predecessor-version":[{"id":9513,"href":"https:\/\/munkacs-diocese.org\/hu\/wp-json\/wp\/v2\/posts\/9505\/revisions\/9513"}],"wp:featuredmedia":[{"embeddable":true,"href":"https:\/\/munkacs-diocese.org\/hu\/wp-json\/wp\/v2\/media\/9516"}],"wp:attachment":[{"href":"https:\/\/munkacs-diocese.org\/hu\/wp-json\/wp\/v2\/media?parent=9505"}],"wp:term":[{"taxonomy":"category","embeddable":true,"href":"https:\/\/munkacs-diocese.org\/hu\/wp-json\/wp\/v2\/categories?post=9505"},{"taxonomy":"post_tag","embeddable":true,"href":"https:\/\/munkacs-diocese.org\/hu\/wp-json\/wp\/v2\/tags?post=9505"}],"curies":[{"name":"wp","href":"https:\/\/api.w.org\/{rel}","templated":true}]}}