{"id":9458,"date":"2022-11-26T16:17:54","date_gmt":"2022-11-26T15:17:54","guid":{"rendered":"https:\/\/munkacs-diocese.org\/hu\/?p=9458"},"modified":"2022-11-29T10:08:25","modified_gmt":"2022-11-29T09:08:25","slug":"az-ukrajnai-romai-katolikus-egyhaz-puspokeinek-nyilatkozata-az-irgalmassag-evenek-kezdete-alkalmabol","status":"publish","type":"post","link":"https:\/\/munkacs-diocese.org\/hu\/2022\/11\/26\/az-ukrajnai-romai-katolikus-egyhaz-puspokeinek-nyilatkozata-az-irgalmassag-evenek-kezdete-alkalmabol\/","title":{"rendered":"AZ UKRAJNAI R\u00d3MAI KATOLIKUS EGYH\u00c1Z P\u00dcSP\u00d6KEINEK NYILATKOZATA AZ IRGALMASS\u00c1G \u00c9V\u00c9NEK KEZDETE ALKALM\u00c1B\u00d3L"},"content":{"rendered":"<div id=\"fb-root\"><\/div>\n<p style=\"text-align: justify;\"><strong>Tisztelend\u0151 Aty\u00e1k \u00e9s Megszentelt \u00e9letet \u00e9l\u0151 Szem\u00e9lyek!<\/strong><\/p>\n<p style=\"text-align: justify;\"><strong>Krisztusban <\/strong><strong>Kedves Testv\u00e9rek!<\/strong><\/p>\n<p style=\"text-align: justify;\">Az \u00faj liturgikus \u00e9v kezdet\u00e9n, advent els\u0151 vas\u00e1rnapj\u00e1n Isten irgalm\u00e1r\u00f3l sz\u00f3l\u00f3 \u00fczenettel fordulunk hozz\u00e1tok. Haz\u00e1nk neh\u00e9z id\u0151szakot \u00e9l. Nektek, h\u00edv\u0151knek \u00e9s minden j\u00f3akarat\u00fa embernek c\u00edmezz\u00fck level\u00fcnket, hogy a tragikus katonai esem\u00e9nyek \u00e9s azok k\u00f6vetkezm\u00e9nyei k\u00f6zepette ne feledkezz\u00fcnk meg, \u00e9s ne vesz\u00edts\u00fck el az irgalmass\u00e1got. Ez\u00e9rt d\u00f6nt\u00f6tt\u00fcnk \u00fagy, hogy megh\u00edrdetj\u00fck az Irgalmass\u00e1g \u00c9v\u00e9t. A h\u00e1bor\u00fa okozta sebek \u00e9s a puszt\u00edt\u00e1s akkora m\u00e9ret\u0171, hogy sok \u00e9vbe telik, m\u00edg azok begy\u00f3gyulnak \u00e9s \u00fajra\u00e9p\u00fcl, ami elpusztult.<\/p>\n<p style=\"text-align: justify;\">Meggy\u0151z\u0151d\u00e9s\u00fcnk, hogy az \u00dar irgalmass\u00e1g\u00e1nak miszt\u00e9rium\u00e1r\u00f3l val\u00f3 elm\u00e9lked\u00e9s seg\u00edt \u00fajra felismer\u00fcnk ennek az isteni tulajdons\u00e1gnak a nagys\u00e1g\u00e1t \u00e9s erej\u00e9t, valamint felkelti lelk\u00fcnkben a v\u00e1gyat, hogy kegyelmet mer\u00edts\u00fcnk a Szeretet Forr\u00e1s\u00e1b\u00f3l, amely az \u0150 v\u00e9gtelen irgalmass\u00e1g\u00e1ban nyilv\u00e1nul meg.<\/p>\n<p style=\"text-align: justify;\">Er\u0151re van sz\u00fcks\u00e9g\u00fcnk ahhoz, hogy \u00e9lj\u00fcnk, hogy szeress\u00fcnk, hogy megv\u00e9dj\u00fck haz\u00e1nkat, hogy munk\u00e1nkkal m\u00e1sokat szolg\u00e1ljunk. Sz\u00fcks\u00e9g\u00fcnk van a b\u00e9k\u00e9re a sz\u00edv\u00fcnkben \u00e9s a t\u00f6rhetetlen rem\u00e9nyre. Er\u0151s hitre van sz\u00fcks\u00e9g\u00fcnk, amely form\u00e1lja d\u00f6nt\u00e9seinket \u00e9s tetteinket. Ma az orosz-ukr\u00e1n h\u00e1bor\u00fa borzalmait \u00e9lj\u00fck \u00e1t, \u00e9s \u00e9rezz\u00fck azon emberek tetteinek k\u00f6vetkezm\u00e9nyeit, akik Isten irgalm\u00e1t nem ismerve az\u00e9rt j\u00f6ttek f\u00f6ld\u00fcnkre, hogy gyilkoljanak \u00e9s puszt\u00edtsanak. Mennyi gonoszs\u00e1got, er\u0151szakot, hazugs\u00e1got, aljass\u00e1got \u00e9s cinizmust hordoz mag\u00e1ban az ellens\u00e9g. Mindez az Istent elutas\u00edt\u00f3, \u00fcres l\u00e9lek hidegs\u00e9g\u00e9re utal. De fenn\u00e1ll a vesz\u00e9lye annak is, hogy kih\u0171l a sz\u00edv\u00fcnk \u00e9s alkalmatlann\u00e1 v\u00e1lik az \u00e9letre az \u00f6nz\u0151s\u00e9g, a k\u00f6z\u00f6mb\u00f6ss\u00e9g, a k\u00e9ts\u00e9gbees\u00e9s, a f\u00e1radts\u00e1g, a gy\u0171l\u00f6let vagy a cs\u00fcgged\u00e9s miatt.<\/p>\n<p style=\"text-align: justify;\">Az \u00darhoz kell j\u00f6nn\u00fcnk, aki h\u00edv minket: &#8222;J\u00f6jjetek hozz\u00e1m mindny\u00e1jan, akik megf\u00e1radtatok \u00e9s meg vagytok terhelve&#8230;&#8221;. ( Mt 11, 28.) Szavai egy\u00e9rtelm\u0171ek \u00e9s kifejez\u0151ek, ahogyan az \u0150 szent jelenl\u00e9te is az Egyh\u00e1zban. J\u00e9zus itt maradt vel\u00fcnk, \u00e9s \u0150 szavai \u00e9s szents\u00e9gei \u00e1ltal gy\u00f3gy\u00edtja sebeinket, csillap\u00edtja szomjas lelk\u00fcnket, \u00e9s ad nek\u00fcnk b\u00e9kess\u00e9get. Az \u00darban fel\u00e9led a sz\u00edv\u00fcnk, \u00e9s van er\u0151nk a szeretet \u00fatj\u00e1n j\u00e1rni. \u0150benne tapasztaljuk meg az irgalmass\u00e1got, ami er\u0151t ad ahhoz, hogy mi is irgalmasok legy\u00fcnk, mert az irgalmass\u00e1g az ember legjobb megnyilv\u00e1nul\u00e1sa. A gy\u00f3n\u00e1s szents\u00e9g\u00e9ben k\u00fcl\u00f6n\u00f6sen meg\u00e9rintj\u00fck Isten irgalm\u00e1t. Igyekezz\u00fcnk teh\u00e1t gyakran gy\u00f3nni, legal\u00e1bb havonta egyszer, hogy a megszentel\u0151 kegyelemben legy\u00fcnk! K\u00f6zeledj\u00fcnk Isten olt\u00e1r\u00e1hoz, ahol J\u00e9zus t\u00e1pl\u00e1l minket test\u00e9vel, \u00e9s oltja lelk\u00fcnk szomj\u00e1t v\u00e9r\u00e9vel! Miut\u00e1n megkaptuk az Urat a szent\u00e1ldoz\u00e1sban, besz\u00e9lj\u00fcnk hozz\u00e1, dics\u0151\u00edts\u00fck \u0150t! Az im\u00e1ban, a Mindenhat\u00f3 jelenl\u00e9t\u00e9t felismerve b\u00edzzuk r\u00e1 minden \u00fcgy\u00fcnket! Legy\u00fcnk Vele a Szents\u00e9gim\u00e1d\u00e1s r\u00f6vid vagy hossz\u00fa ideje alatt, ak\u00e1r a pl\u00e9b\u00e1niai k\u00f6z\u00f6ss\u00e9gben, ak\u00e1r szem\u00e9lyesen! Bizalommal, szeretettel, tisztelettel, h\u00e1l\u00e1val \u00e9s al\u00e1zattal engesztelj\u00fck az \u00dar Irgalmas Sz\u00edv\u00e9t mindaz\u00e9rt a mell\u0151z\u00e9s\u00e9rt \u00e9s elutas\u00edt\u00e1s\u00e9rt, amit a b\u0171n\u00f6s\u00f6k okoztak neki!\u00a0 Az \u00darb\u00f3l mer\u00edts\u00fcnk lelki er\u0151t!\u00a0 B\u00edzzuk r\u00e1 magunkat, szeretteinket, b\u00edzzuk r\u00e1 k\u00fcl\u00f6n\u00f6sen azokat, akik elt\u00e1volodtak \u00e9s elvesz\u00edtett\u00e9k a hit\u00fcket! B\u00edzzuk r\u00e1 Ukrajn\u00e1t \u00e9s az eg\u00e9sz vil\u00e1got!<\/p>\n<p style=\"text-align: justify;\"><strong>Kedves Testv\u00e9rek!<\/strong><\/p>\n<p style=\"text-align: justify;\">II. J\u00e1nos P\u00e1l p\u00e1pa &#8222;Dives in misericordia&#8221; c\u00edm\u0171 enciklik\u00e1j\u00e1ban tal\u00e1lunk egy olyan kijelent\u00e9st, amelyben Krisztus arra tan\u00edt benn\u00fcnket, hogy az ember nemcsak mag\u00e1t\u00f3l Istent\u0151l tapasztal irgalmat, hanem arra is hivatott, hogy irgalmat gyakoroljon m\u00e1sokkal (l\u00e1sd DM 14).<\/p>\n<p style=\"text-align: justify;\">A vil\u00e1gnak sz\u00fcks\u00e9ge van irgalomra, Isten irgalm\u00e1ra. Isten kegyelm\u00e9t csak akkor tudjuk tov\u00e1bbadni, ha mi magunk is mer\u00edt\u00fcnk bel\u0151le. Els\u0151sz\u00f6r legy\u00fcnk tudat\u00e1ban annak, hogy csak Istenben van er\u0151nk \u00e9s hatalmunk, majd tudatos\u00edtsuk, hogy arra vagyunk hivatottak, hogy ezt az irgalmass\u00e1got szavainkkal \u00e9s tetteinkkel terjessz\u00fck. Mindenki a maga hely\u00e9n, k\u00e9pess\u00e9geinek \u00e9s adotts\u00e1gainak megfelel\u0151en. Korunkban nagy kih\u00edv\u00e1sokkal kell szemben\u00e9zn\u00fcnk, a sz\u00fcks\u00e9g k\u00fcl\u00f6nb\u00f6z\u0151 form\u00e1ival. Er\u0151fesz\u00edt\u00e9seket kell tenn\u00fcnk, \u00e9s keresn\u00fcnk kell a lehet\u0151s\u00e9geket, hogy a lehet\u0151 legjobb, legk\u00e9pzettebb \u00e9s legistenibb m\u00f3don v\u00e1laszoljunk r\u00e1juk. K\u00e9rj\u00fck az Urat, hogy b\u00e1tran \u00e9s al\u00e1zattal vegy\u00fck \u00e9szre m\u00e1sok sz\u00fcks\u00e9gleteit, mert az irgalom elleni b\u0171n a vaks\u00e1g \u00e9s a k\u00f6z\u00f6ny. \u00d6n\u00e1ll\u00f3an vagy szervezetten lehet\u0151s\u00e9geinkhez m\u00e9rten v\u00e1laszoljunk m\u00e1sok ig\u00e9nyeire!<\/p>\n<p style=\"text-align: justify;\">K\u00fcl\u00f6n\u00f6sen szeretn\u00e9nk felh\u00edvni a figyelmet a katon\u00e1kra, akik \u00e9let\u00fck \u00e9s eg\u00e9szs\u00e9g\u00fck \u00e1r\u00e1n v\u00e9dik haz\u00e1nkat. Im\u00e1dkozzunk \u00e9rt\u00fck, bar\u00e1tkozzunk vel\u00fck t\u00fcrelemmel \u00e9s \u00e9rz\u00e9kenys\u00e9ggel, k\u00fcl\u00f6n\u00f6sen akkor, amikor a h\u00e1bor\u00fa sebei \u00e9rezhet\u0151v\u00e9 v\u00e1lnak, \u00e9s seg\u00edts\u00fcnk enyh\u00edteni a fronton l\u00e9v\u0151k l\u00e9tfontoss\u00e1g\u00fa sz\u00fcks\u00e9gleteit. Eml\u00e9kezz\u00fcnk meg r\u00f3luk &#8211; mind az \u00e9l\u0151kr\u0151l, mind a holtakr\u00f3l &#8211; a szentmis\u00e9ben a h\u00edvek k\u00f6ny\u00f6rg\u00e9s\u00e9ben! Vigasztaljuk azokat, akik rokonaikat, bar\u00e1taikat \u00e9s ismer\u0151seiket elvesz\u00edtett\u00e9k a h\u00e1bor\u00faban! Nyissuk meg otthonaink ajtaj\u00e1t az \u00e1rv\u00e1k el\u0151tt! Ne feledkezz\u00fcnk meg azokr\u00f3l az id\u0151s emberekr\u0151l sem, akiket a h\u00e1bor\u00fa &#8211; lerombolva otthonaikat &#8211; el\u0171z\u00f6tt sz\u00fcl\u0151v\u00e1rosukb\u00f3l vagy falujukb\u00f3l! A bels\u0151 menek\u00fcltek sz\u00e1m\u00e1ra legy\u00fcnk szomsz\u00e9dok, \u00e9rezz\u00e9k sz\u00edv\u00fcnk j\u00f3s\u00e1g\u00e1t, hogy egy m\u00e1sik lak\u00f3hely, egy ismeretlen k\u00f6rnyezet ne legyen keser\u0171 \u00e9s elviselhetetlen sz\u00e1mukra.<\/p>\n<p style=\"text-align: justify;\">K\u00e9rj\u00fck az Urat, hogy nek\u00fcnk &#8211; akiknek megadatott, hogy Ukrajn\u00e1ban \u00e9lj\u00fcnk ebben a h\u00e1bor\u00fas id\u0151szakban &#8211; adjon v\u00e1gyat, b\u00f6lcsess\u00e9get, b\u00e1tors\u00e1got \u00e9s er\u0151t, hogy az \u0150 irgalmass\u00e1g\u00e1nak tan\u00fai legy\u00fcnk! K\u00e9rj\u00fck, hogy az irgalmass\u00e1g cselekedetei \u00e1ltal m\u00e1sok is igyekezzenek megismerni J\u00e9zus Sz\u00edv\u00e9nek irgalmass\u00e1gt\u00f3l \u00e1rad\u00f3 szeretet\u00e9t!<\/p>\n<p style=\"text-align: justify;\">\u0150szint\u00e9n meg\u00e1ldjuk minden kezdem\u00e9nyez\u00e9seteket, ami az Isteni Irgalmass\u00e1g \u00c9v\u00e9nek gy\u00fcm\u00f6lcs\u00f6z\u0151 \u00e9s akt\u00edv megtapasztal\u00e1s\u00e1ra ir\u00e1nyul: az Atya, a Fi\u00fa \u00e9s a Szentl\u00e9lek nev\u00e9ben. \u00c1men.<\/p>\n<p style=\"text-align: right;\">2022. november 25.<\/p>\n<p style=\"text-align: right;\"><strong>Az ukrajnai r\u00f3mai katolikus egyh\u00e1z p\u00fcsp\u00f6kei<\/strong><\/p>\n","protected":false},"excerpt":{"rendered":"<p>Tisztelend\u0151 Aty\u00e1k \u00e9s Megszentelt \u00e9letet \u00e9l\u0151 Szem\u00e9lyek! Krisztusban Kedves Testv\u00e9rek! Az \u00faj liturgikus \u00e9v kezdet\u00e9n, advent els\u0151 vas\u00e1rnapj\u00e1n Isten irgalm\u00e1r\u00f3l sz\u00f3l\u00f3 \u00fczenettel fordulunk hozz\u00e1tok. Haz\u00e1nk neh\u00e9z id\u0151szakot \u00e9l. Nektek, h\u00edv\u0151knek \u00e9s minden j\u00f3akarat\u00fa embernek c\u00edmezz\u00fck level\u00fcnket, hogy a tragikus katonai esem\u00e9nyek \u00e9s azok k\u00f6vetkezm\u00e9nyei k\u00f6zepette ne feledkezz\u00fcnk meg, \u00e9s ne vesz\u00edts\u00fck el az irgalmass\u00e1got. Ez\u00e9rt [&hellip;]<\/p>\n","protected":false},"author":1,"featured_media":8408,"comment_status":"open","ping_status":"open","sticky":false,"template":"","format":"standard","meta":{"_acf_changed":false,"_et_pb_use_builder":"","_et_pb_old_content":"","_et_gb_content_width":"","footnotes":""},"categories":[10,60],"tags":[],"class_list":["post-9458","post","type-post","status-publish","format-standard","has-post-thumbnail","hentry","category-aktualis-hirek","category-egyeb-egyhazi-hirek","et-has-post-format-content","et_post_format-et-post-format-standard"],"acf":[],"_links":{"self":[{"href":"https:\/\/munkacs-diocese.org\/hu\/wp-json\/wp\/v2\/posts\/9458"}],"collection":[{"href":"https:\/\/munkacs-diocese.org\/hu\/wp-json\/wp\/v2\/posts"}],"about":[{"href":"https:\/\/munkacs-diocese.org\/hu\/wp-json\/wp\/v2\/types\/post"}],"author":[{"embeddable":true,"href":"https:\/\/munkacs-diocese.org\/hu\/wp-json\/wp\/v2\/users\/1"}],"replies":[{"embeddable":true,"href":"https:\/\/munkacs-diocese.org\/hu\/wp-json\/wp\/v2\/comments?post=9458"}],"version-history":[{"count":5,"href":"https:\/\/munkacs-diocese.org\/hu\/wp-json\/wp\/v2\/posts\/9458\/revisions"}],"predecessor-version":[{"id":9464,"href":"https:\/\/munkacs-diocese.org\/hu\/wp-json\/wp\/v2\/posts\/9458\/revisions\/9464"}],"wp:featuredmedia":[{"embeddable":true,"href":"https:\/\/munkacs-diocese.org\/hu\/wp-json\/wp\/v2\/media\/8408"}],"wp:attachment":[{"href":"https:\/\/munkacs-diocese.org\/hu\/wp-json\/wp\/v2\/media?parent=9458"}],"wp:term":[{"taxonomy":"category","embeddable":true,"href":"https:\/\/munkacs-diocese.org\/hu\/wp-json\/wp\/v2\/categories?post=9458"},{"taxonomy":"post_tag","embeddable":true,"href":"https:\/\/munkacs-diocese.org\/hu\/wp-json\/wp\/v2\/tags?post=9458"}],"curies":[{"name":"wp","href":"https:\/\/api.w.org\/{rel}","templated":true}]}}