{"id":9356,"date":"2022-11-10T16:15:32","date_gmt":"2022-11-10T15:15:32","guid":{"rendered":"https:\/\/munkacs-diocese.org\/hu\/?p=9356"},"modified":"2022-11-10T16:15:32","modified_gmt":"2022-11-10T15:15:32","slug":"az-ukrajnai-apostoli-nuncius-a-papa-szavai-szavak-a-haboru-ellen","status":"publish","type":"post","link":"https:\/\/munkacs-diocese.org\/hu\/2022\/11\/10\/az-ukrajnai-apostoli-nuncius-a-papa-szavai-szavak-a-haboru-ellen\/","title":{"rendered":"AZ UKRAJNAI APOSTOLI NUNCIUS: A P\u00c1PA SZAVAI &#8211; SZAVAK A H\u00c1BOR\u00da ELLEN"},"content":{"rendered":"<div id=\"fb-root\"><\/div>\n<p style=\"text-align: justify;\">Visvaldas Kulbokas \u00e9rsek megosztotta gondolatait Ferenc p\u00e1pa b\u00e9kefelh\u00edv\u00e1sair\u00f3l, a h\u00e1bor\u00fa el\u00edt\u00e9l\u00e9s\u00e9r\u0151l, valamint az egyh\u00e1znak a szenved\u0151 emberek t\u00e1mogat\u00e1s\u00e1ra tett er\u0151fesz\u00edt\u00e9seir\u0151l.<\/p>\n<p style=\"text-align: justify;\">Az ukrajnai apostoli nuncius, Visvaldas Kulbokas \u00e9rsek 2021 szeptember\u00e9ben kezdte meg szolg\u00e1lat\u00e1t. Diplom\u00e1ciai misszi\u00f3j\u00e1nak nagy r\u00e9sze a h\u00e1bor\u00fa idej\u00e9re esett. A Szentsz\u00e9k k\u00e9pvisel\u0151je a Kijev elleni orosz offenz\u00edva idej\u00e9n sem hagyta el a nunciat\u00far\u00e1t. A Vatican Newsnak november 8-\u00e1n adott interj\u00faj\u00e1ban megosztotta gondolatait arr\u00f3l, hogyan \u00e9rtelmezi Ferenc p\u00e1pa felh\u00edv\u00e1sait, \u00e9s egy\u00e9rtelm\u0171 tan\u00fak\u00e9nt meger\u0151s\u00edtette az egyh\u00e1z Ukrajn\u00e1ban v\u00e9gzett azon er\u0151fesz\u00edt\u00e9seit, amelyeket a h\u00e1bor\u00fa k\u00f6vetkezm\u00e9nyei \u00e1ltal \u00e9rintett emberek megseg\u00edt\u00e9s\u00e9\u00e9rt tesz.<\/p>\n<p style=\"text-align: justify;\"><strong>Eminenci\u00e1s uram, a bahreini rep\u00fcl\u0151\u00fat sor\u00e1n a p\u00e1pa nyomat\u00e9kosan r\u00e1mutatott <\/strong><strong>arra, hogy a h\u00e1bor\u00faknak <\/strong><strong>s\u00fcrg\u0151sen v\u00e9get kell vetni,<\/strong><strong> \u00e9s nyomat\u00e9kosan k\u00e9r<\/strong><strong>te a b\u00e9ke el\u0151mozd\u00edt\u00e1s\u00e1t \u00e9s a fegyverkereskedelem <\/strong><strong>besz\u00fcntet\u00e9s\u00e9t. Hogyan \u00e9rt\u00e9keli ezt a <\/strong><strong>felh\u00edv\u00e1st?<\/strong><\/p>\n<p style=\"text-align: justify;\">\u00dagy gondolom, nagyon fontos hangs\u00falyozni a Szentatya f\u0151 sz\u00e1nd\u00e9k\u00e1t. El\u0151sz\u00f6r is, nem hagyhatjuk figyelmen k\u00edv\u00fcl azt, hogy a p\u00e1pa kikhez, milyen hallgat\u00f3s\u00e1ghoz sz\u00f3l. Nyilv\u00e1nval\u00f3an mindenkit megsz\u00f3l\u00edt, de most p\u00e9ld\u00e1ul Dosztojevszkijt, az orosz kult\u00far\u00e1t eml\u00edtette, \u00e9s ez\u00e9rt nyilv\u00e1nval\u00f3, hogy sz\u00edve m\u00e9ly\u00e9n els\u0151sorban az orosz hallgat\u00f3s\u00e1ghoz pr\u00f3b\u00e1lt sz\u00f3lni. A m\u00e1sodik szempont, ami sz\u00e1momra nagyon fontosnak t\u0171nik, hogy a Szentatya teljesen f\u00fcggetlen hangon besz\u00e9l, ez\u00e9rt igyekezett olyan szavakat haszn\u00e1lni, amelyek mindenki ir\u00e1nt ugyanazt a szeretetet mutatj\u00e1k. Megism\u00e9telte a szeretet, nagy tisztelet, nagy szeretet szavakat, \u00e9s ezzel azt fejezte ki, hogy f\u00fcggetlen, \u00e9s teljes m\u00e9rt\u00e9kben a h\u00e1bor\u00fa ellen van. Azt\u00e1n van m\u00e9g egy harmadik szempont, amelyet szeretn\u00e9k hangs\u00falyozni. A Szentatya nemcsak a katolikus egyh\u00e1z fejek\u00e9nt sz\u00f3lalt fel. Amikor a b\u00e9k\u00e9r\u0151l besz\u00e9lt, \u00fagy besz\u00e9lt, mint egy ember, mint egy olyan szem\u00e9ly, aki hisz a t\u00falvil\u00e1gban. A p\u00e1pa teh\u00e1t emberk\u00e9nt sz\u00f3l mindazokhoz, akik hisznek a t\u00falvil\u00e1gi \u00e9letben, legyenek azok kereszt\u00e9nyek, muzulm\u00e1nok, hinduk vagy buddhist\u00e1k. Mert a t\u00falvil\u00e1gon mindannyian tal\u00e1lkozni fogunk, \u00e9s ha valaki h\u00e1bor\u00fat provok\u00e1l, a h\u00e1bor\u00fa olyan lesz, mint egy \u00edt\u00e9let. A h\u00e1bor\u00faval el\u00edt\u00e9llek, elveszem az \u00e9leted. A modern h\u00e1bor\u00fakkal ak\u00e1r nyolcmilli\u00e1rd ember \u00e9let\u00e9t is vesz\u00e9lyeztetj\u00fck. \u00cdgy, amikor majd a t\u00falvil\u00e1gon tal\u00e1lkozunk ezekkel az \u00e1ldozatokkal, megk\u00e9rdezik t\u0151l\u00fcnk: mi\u00e9rt \u00edt\u00e9lt\u00e9l el engem, mi\u00e9rt tetted magad Isten hely\u00e9re? Ez\u00e9rt azt mondom, hogy az Egyh\u00e1z k\u00fcldet\u00e9se, minden h\u00edv\u0151 k\u00fcldet\u00e9se az, hogy a Szentatya szavait im\u00e1ds\u00e1ggal k\u00eds\u00e9rj\u00fck, hogy a sz\u00f3 ne maradjon \u00fcres, hanem gy\u00fcm\u00f6lcs\u00f6t teremjen.<\/p>\n<p style=\"text-align: justify;\"><strong>Tegnap, Szvjatoszlav Sevcsuk <\/strong><strong>\u00e9rsek tal\u00e1lkozott a Ferenc p\u00e1p\u00e1val <\/strong><strong>a Vatik\u00e1n<\/strong><strong>ban. Tan\u00fabizonys\u00e1got tett az ukr\u00e1n egyh\u00e1z kiterjedt tev\u00e9kenys\u00e9g\u00e9r\u0151l, amelyet a h\u00e1bor\u00fa h\u00f3napjaiban<\/strong><strong> v\u00e9gez. Azt mondta, hogy minden katedr\u00e1lis \u00e9s minden k\u00f6z\u00f6ss\u00e9gi h\u00e1z <\/strong><strong>\u201emened\u00e9khelly\u00e9&#8221; v\u00e1lt. Mit tud err\u0151l mondani?<\/strong><\/p>\n<p style=\"text-align: justify;\">Saj\u00e1t szememmel l\u00e1ttam, hogy sok templom humanit\u00e1rius seg\u00e9lyek eloszt\u00e1si pontj\u00e1v\u00e1 v\u00e1lt, amelyek egy r\u00e9sze k\u00f6zvetlen\u00fcl a Szentaty\u00e1t\u00f3l, valamint sz\u00e1mos j\u00f3t\u00e9konys\u00e1gi szervezett\u0151l, katolikus \u00e9s nem katolikus szervezetekt\u0151l \u00e9rkezik. Ebben sz\u00e1mos egyh\u00e1zmegye, egyh\u00e1zk\u00f6zs\u00e9g \u00e9s pl\u00e9b\u00e1nia k\u00f6zvetlen\u00fcl vesz r\u00e9szt, \u00e9s n\u00e9ha a templomok helyis\u00e9geit, egyh\u00e1zi \u00e9p\u00fcleteket haszn\u00e1lj\u00e1k a humanit\u00e1rius seg\u00e9lyek t\u00e1rol\u00e1s\u00e1ra \u00e9s sz\u00e9toszt\u00e1s\u00e1ra. Arr\u00f3l nem is besz\u00e9lve, hogy a k\u00fcl\u00f6nb\u00f6z\u0151 templomok pinc\u00e9i, alagsorai mened\u00e9khelly\u00e9 v\u00e1ltak a v\u00e1rosr\u00e9szek lak\u00f3i sz\u00e1m\u00e1ra. Sz\u00e1mos egyh\u00e1zk\u00f6zs\u00e9g tudja, hogy a nagyv\u00e1rosokt\u00f3l t\u00e1voli ter\u00fcleteken nincs \u00e1ram, az embereknek nincs lehet\u0151s\u00e9g\u00fck kenyeret s\u00fctni, n\u00e9ha v\u00edzhi\u00e1ny van. Ez\u00e9rt sz\u00e1mos mobil konyh\u00e1t is l\u00e9trehoztak. Az \u00e1llam is ny\u00fajt ilyen jelleg\u0171 seg\u00edts\u00e9get, \u00e9s ezeken k\u00edv\u00fcl sz\u00e1mos \u00f6nk\u00e9ntes csoport is m\u0171k\u00f6dik. Lehetetlen felsorolni az \u00f6sszes tev\u00e9kenys\u00e9get, de nagyon sok van bel\u0151l\u00fck, mert az ig\u00e9nyek \u00f3ri\u00e1siak.<\/p>\n<p style=\"text-align: justify;\"><strong>Azaz az egyh\u00e1z val\u00f3ban a frontvonalon van, k\u00f6zel az emberekhez. Hogyan seg\u00edthet\u00fcnk <\/strong><strong>azokon, akiket a bomb\u00e1z\u00e1sok<\/strong><strong> k\u00f6zelr\u0151l is \u00e9rintenek?<\/strong><\/p>\n<p style=\"text-align: justify;\">Nyilv\u00e1nval\u00f3, hogy a legsz\u00fcks\u00e9gesebb a b\u00e9ke. Am\u00edg nem lesz b\u00e9ke, addig nagyon sok m\u00e1s sz\u00fcks\u00e9glet lesz. Az egyik a v\u00edz, a villany. Sok szoci\u00e1lis k\u00f6zpont, lelkip\u00e1sztori k\u00f6zpont, szeg\u00e9nyeget seg\u00edt\u0151 k\u00f6zpont, valamint \u00e1rvah\u00e1zak pr\u00f3b\u00e1lnak gondoskodni a sz\u00fcks\u00e9ges dolgokr\u00f3l, hogy legyen egy minim\u00e1lis \u00e1ram, minim\u00e1lis v\u00edz&#8230; Fontos seg\u00edts\u00e9g lenne m\u00e1s orsz\u00e1gok gyermekeinek befogad\u00e1sa. A gyerekek sokat szenvednek, mert a sz\u00fcleik nem tudnak k\u00fclf\u00f6ldre menni. Sz\u00e1mos egy\u00e9b sz\u00fcks\u00e9glet is van: sz\u00e1ll\u00edt\u00e1s, kisbuszok, mert a k\u00fcl\u00f6nb\u00f6z\u0151 szoci\u00e1lis \u00e9s karitat\u00edv k\u00f6zpontok megpr\u00f3b\u00e1lnak vizet \u00e9s alapvet\u0151 sz\u00fcks\u00e9gleteket sz\u00e1ll\u00edtani a legink\u00e1bb \u00e9rintett ter\u00fcletekre, ahol nincs lehet\u0151s\u00e9g keny\u00e9rs\u00fct\u00e9sre \u00e9s f\u0151z\u00e9sre, vagy az \u00e9lelmiszerek megv\u00e1s\u00e1rl\u00e1s\u00e1ra. Egy m\u00e1sik sz\u00fcks\u00e9glet az \u00fczemanyag. Most nem templomok vagy k\u00f6z\u00f6ss\u00e9gi h\u00e1zak \u00e9p\u00edt\u00e9s\u00e9r\u0151l van sz\u00f3, hanem az alapvet\u0151 dolgok biztos\u00edt\u00e1s\u00e1r\u00f3l: keny\u00e9r, v\u00edz, \u00e1ram, f\u0171t\u00e9s.<\/p>\n<p style=\"text-align: justify;\"><strong>Mi a helyzet a f\u0151v\u00e1rosban?<\/strong><\/p>\n<p style=\"text-align: justify;\">Vannak olyan lak\u00f3t\u00f6mb\u00f6k, amelyek jobban \u00e9rintettek, ahol a nap nagy r\u00e9sz\u00e9ben nincs \u00e1ramszolg\u00e1ltat\u00e1s. \u00c1ltal\u00e1ban \u00e9jszaka egy kicsit t\u00f6bb a lehet\u0151s\u00e9g, mert cs\u00f6kken az \u00e1ramfogyaszt\u00e1s. Sokan mondt\u00e1k m\u00e1r nekem, hogy egyre kevesebb lehet\u0151s\u00e9g van keny\u00e9rs\u00fct\u00e9sre. P\u00e9ld\u00e1ul Kijevben, ha a helyzet romlik, a keny\u00e9rrel is gond lesz, mert legal\u00e1bb minim\u00e1lis energi\u00e1ra van sz\u00fcks\u00e9g az alapvet\u0151 \u00e9lelmiszerek el\u0151\u00e1ll\u00edt\u00e1s\u00e1hoz. Nyilv\u00e1nval\u00f3, hogy ha a humanit\u00e1rius helyzet tov\u00e1bb romlik, a helyzet elviselhetetlenn\u00e9 v\u00e1lhat, mert a k\u00f6z\u00fczemi szolg\u00e1ltat\u00e1sok teljesen le\u00e1llhatnak. A polg\u00e1ri hat\u00f3s\u00e1gok is azt mondj\u00e1k, hogy ha ez megt\u00f6rt\u00e9nik, evaku\u00e1lniuk kell a lakoss\u00e1got, ami azt jelenti, hogy minden eshet\u0151s\u00e9gre fel kell k\u00e9sz\u00fcln\u00fcnk.<\/p>\n<p style=\"text-align: justify;\"><strong>A p\u00e1pa sz\u00edve mindig azokkal van, akik a vil\u00e1g k\u00fcl\u00f6nb\u00f6z\u0151 r\u00e9sz\u00e9n a legt\u00f6bbet szenvednek. <\/strong><strong>Ezekben a h\u00e1bor\u00fas h\u00f3napokban folyamatosan az ukr\u00e1nok trag\u00e9di\u00e1j\u00e1ra eml\u00e9keztet. Hogyan \u00e9rz\u00e9kelik az emberek Ferenc p\u00e1pa szolidarit\u00e1s\u00e1t?<\/strong><\/p>\n<p style=\"text-align: justify;\">Ferenc p\u00e1pa hangj\u00e1t k\u00e9ts\u00e9gtelen\u00fcl meghallj\u00e1k, mert az a k\u00f6zels\u00e9g tiszta hangja. Szeretn\u00e9m hangs\u00falyozni, amit els\u0151sorban a foglyok anyja \u00e9s feles\u00e9ge mondtak nekem. Azt mondt\u00e1k: h\u00e1l\u00e1sak vagyunk ez\u00e9rt a szolid\u00e1ris figyelem\u00e9rt. Kev\u00e9s ember van, akihez fordulhatunk, \u00e9s e kevesek k\u00f6z\u00f6tt van Ferenc p\u00e1pa, akire r\u00e1b\u00edzhatjuk a beb\u00f6rt\u00f6nz\u00f6tt vagy elt\u0171nt szeretteink szabadon bocs\u00e1t\u00e1s\u00e1ra vonatkoz\u00f3 k\u00e9r\u00e9seinket. A p\u00e1pa k\u00f6zels\u00e9ge teh\u00e1t nagyon meg\u00e9rint benn\u00fcnket.<\/p>\n","protected":false},"excerpt":{"rendered":"<p>Visvaldas Kulbokas \u00e9rsek megosztotta gondolatait Ferenc p\u00e1pa b\u00e9kefelh\u00edv\u00e1sair\u00f3l, a h\u00e1bor\u00fa el\u00edt\u00e9l\u00e9s\u00e9r\u0151l, valamint az egyh\u00e1znak a szenved\u0151 emberek t\u00e1mogat\u00e1s\u00e1ra tett er\u0151fesz\u00edt\u00e9seir\u0151l. Az ukrajnai apostoli nuncius, Visvaldas Kulbokas \u00e9rsek 2021 szeptember\u00e9ben kezdte meg szolg\u00e1lat\u00e1t. Diplom\u00e1ciai misszi\u00f3j\u00e1nak nagy r\u00e9sze a h\u00e1bor\u00fa idej\u00e9re esett. A Szentsz\u00e9k k\u00e9pvisel\u0151je a Kijev elleni orosz offenz\u00edva idej\u00e9n sem hagyta el a nunciat\u00far\u00e1t. A [&hellip;]<\/p>\n","protected":false},"author":4,"featured_media":9357,"comment_status":"open","ping_status":"open","sticky":false,"template":"","format":"standard","meta":{"_acf_changed":false,"_et_pb_use_builder":"","_et_pb_old_content":"","_et_gb_content_width":"","footnotes":""},"categories":[10,60],"tags":[],"class_list":["post-9356","post","type-post","status-publish","format-standard","has-post-thumbnail","hentry","category-aktualis-hirek","category-egyeb-egyhazi-hirek","et-has-post-format-content","et_post_format-et-post-format-standard"],"acf":[],"_links":{"self":[{"href":"https:\/\/munkacs-diocese.org\/hu\/wp-json\/wp\/v2\/posts\/9356"}],"collection":[{"href":"https:\/\/munkacs-diocese.org\/hu\/wp-json\/wp\/v2\/posts"}],"about":[{"href":"https:\/\/munkacs-diocese.org\/hu\/wp-json\/wp\/v2\/types\/post"}],"author":[{"embeddable":true,"href":"https:\/\/munkacs-diocese.org\/hu\/wp-json\/wp\/v2\/users\/4"}],"replies":[{"embeddable":true,"href":"https:\/\/munkacs-diocese.org\/hu\/wp-json\/wp\/v2\/comments?post=9356"}],"version-history":[{"count":1,"href":"https:\/\/munkacs-diocese.org\/hu\/wp-json\/wp\/v2\/posts\/9356\/revisions"}],"predecessor-version":[{"id":9358,"href":"https:\/\/munkacs-diocese.org\/hu\/wp-json\/wp\/v2\/posts\/9356\/revisions\/9358"}],"wp:featuredmedia":[{"embeddable":true,"href":"https:\/\/munkacs-diocese.org\/hu\/wp-json\/wp\/v2\/media\/9357"}],"wp:attachment":[{"href":"https:\/\/munkacs-diocese.org\/hu\/wp-json\/wp\/v2\/media?parent=9356"}],"wp:term":[{"taxonomy":"category","embeddable":true,"href":"https:\/\/munkacs-diocese.org\/hu\/wp-json\/wp\/v2\/categories?post=9356"},{"taxonomy":"post_tag","embeddable":true,"href":"https:\/\/munkacs-diocese.org\/hu\/wp-json\/wp\/v2\/tags?post=9356"}],"curies":[{"name":"wp","href":"https:\/\/api.w.org\/{rel}","templated":true}]}}