{"id":9280,"date":"2022-10-31T15:46:35","date_gmt":"2022-10-31T14:46:35","guid":{"rendered":"https:\/\/munkacs-diocese.org\/hu\/?p=9280"},"modified":"2022-10-31T15:46:35","modified_gmt":"2022-10-31T14:46:35","slug":"mindannyian-meg-vagyunk-hivva-az-eletszentsegre","status":"publish","type":"post","link":"https:\/\/munkacs-diocese.org\/hu\/2022\/10\/31\/mindannyian-meg-vagyunk-hivva-az-eletszentsegre\/","title":{"rendered":"MINDANNYIAN MEG VAGYUNK H\u00cdVVA AZ \u00c9LETSZENTS\u00c9GRE"},"content":{"rendered":"<div id=\"fb-root\"><\/div>\n<p style=\"text-align: justify;\">Meg\u00e9rkeztem az Ungv\u00e1r melletti kis faluba, \u0150rdarm\u00e1ba. Nem el\u0151sz\u00f6r j\u00e1rtam itt, m\u00e9gis az volt az \u00e9rz\u00e9sem, hogy ma d\u00e9lut\u00e1n valami k\u00fcl\u00f6n\u00f6s izgalom \u00fcl ki a kicsiny templomba \u00e9rkez\u0151 gyerekek arc\u00e1ra. Okt\u00f3ber 29. van. A szit\u00e1l\u00f3 k\u00f6d m\u00e1r a november eleji id\u0151t id\u00e9zi. K\u00f6zeledik Mindenszentek \u00fcnnepe\u2026<\/p>\n<p style=\"text-align: justify;\">\u00a0 \u00a0 \u00a0 \u00a0 \u00a0 \u00a0 <img loading=\"lazy\" decoding=\"async\" class=\"alignnone  wp-image-9281\" src=\"https:\/\/munkacs-diocese.org\/hu\/wp-content\/uploads\/2022\/10\/Ordarma_templom-225x300.jpg\" alt=\"\" width=\"346\" height=\"462\" srcset=\"https:\/\/munkacs-diocese.org\/hu\/wp-content\/uploads\/2022\/10\/Ordarma_templom-225x300.jpg 225w, https:\/\/munkacs-diocese.org\/hu\/wp-content\/uploads\/2022\/10\/Ordarma_templom-768x1024.jpg 768w, https:\/\/munkacs-diocese.org\/hu\/wp-content\/uploads\/2022\/10\/Ordarma_templom-1152x1536.jpg 1152w, https:\/\/munkacs-diocese.org\/hu\/wp-content\/uploads\/2022\/10\/Ordarma_templom-1536x2048.jpg 1536w, https:\/\/munkacs-diocese.org\/hu\/wp-content\/uploads\/2022\/10\/Ordarma_templom-1080x1440.jpg 1080w, https:\/\/munkacs-diocese.org\/hu\/wp-content\/uploads\/2022\/10\/Ordarma_templom-scaled.jpg 1920w\" sizes=\"(max-width: 346px) 100vw, 346px\" \/> <img loading=\"lazy\" decoding=\"async\" class=\"alignnone  wp-image-9291\" src=\"https:\/\/munkacs-diocese.org\/hu\/wp-content\/uploads\/2022\/10\/Ordarma-mise-226x300.jpg\" alt=\"\" width=\"349\" height=\"463\" srcset=\"https:\/\/munkacs-diocese.org\/hu\/wp-content\/uploads\/2022\/10\/Ordarma-mise-226x300.jpg 226w, https:\/\/munkacs-diocese.org\/hu\/wp-content\/uploads\/2022\/10\/Ordarma-mise-771x1024.jpg 771w, https:\/\/munkacs-diocese.org\/hu\/wp-content\/uploads\/2022\/10\/Ordarma-mise-768x1020.jpg 768w, https:\/\/munkacs-diocese.org\/hu\/wp-content\/uploads\/2022\/10\/Ordarma-mise-1157x1536.jpg 1157w, https:\/\/munkacs-diocese.org\/hu\/wp-content\/uploads\/2022\/10\/Ordarma-mise-1080x1434.jpg 1080w, https:\/\/munkacs-diocese.org\/hu\/wp-content\/uploads\/2022\/10\/Ordarma-mise.jpg 1542w\" sizes=\"(max-width: 349px) 100vw, 349px\" \/><\/p>\n<p style=\"text-align: justify;\">A falu pl\u00e9b\u00e1ni\u00e1j\u00e1nak kis k\u00f6z\u00f6ss\u00e9ge m\u00e1r erre az \u00fcnnepre k\u00e9sz\u00fcl. Imm\u00e1ron negyedik \u00e9ve, hogy megszervezik a gyerekeknek a \u201eMindenszentek \u00fcnnep\u00e9t&#8221;. Erre az alkalomra elh\u00edvt\u00e1k a Cirill \u00e9s Met\u00f3d g\u00f6r\u00f6g katolikus egyh\u00e1zk\u00f6zs\u00e9gb\u0151l \u00e9s az Ungv\u00e1ri Szent Gy\u00f6rgy \u00e9s Szenth\u00e1roms\u00e1g egyh\u00e1zk\u00f6zs\u00e9gb\u0151l is a gyerekeket. Az \u00fcnnep a templomban tartott szentmis\u00e9vel kezd\u0151d\u00f6tt. Azut\u00e1n egy\u00fctt \u00e1tvonultunk a M\u0171vel\u0151d\u00e9si H\u00e1zba, mivel a pl\u00e9b\u00e1nia ideiglenes otthonk\u00e9nt szolg\u00e1l a bels\u0151 menek\u00fcltek sz\u00e1m\u00e1ra.<\/p>\n<p style=\"text-align: justify;\"><img loading=\"lazy\" decoding=\"async\" class=\"alignnone size-large wp-image-9292\" src=\"https:\/\/munkacs-diocese.org\/hu\/wp-content\/uploads\/2022\/10\/Ordarma_csoportkep2-1024x768.jpg\" alt=\"\" width=\"1024\" height=\"768\" srcset=\"https:\/\/munkacs-diocese.org\/hu\/wp-content\/uploads\/2022\/10\/Ordarma_csoportkep2-1024x768.jpg 1024w, https:\/\/munkacs-diocese.org\/hu\/wp-content\/uploads\/2022\/10\/Ordarma_csoportkep2-300x225.jpg 300w, https:\/\/munkacs-diocese.org\/hu\/wp-content\/uploads\/2022\/10\/Ordarma_csoportkep2-768x576.jpg 768w, https:\/\/munkacs-diocese.org\/hu\/wp-content\/uploads\/2022\/10\/Ordarma_csoportkep2-1536x1152.jpg 1536w, https:\/\/munkacs-diocese.org\/hu\/wp-content\/uploads\/2022\/10\/Ordarma_csoportkep2-2048x1536.jpg 2048w, https:\/\/munkacs-diocese.org\/hu\/wp-content\/uploads\/2022\/10\/Ordarma_csoportkep2-1080x810.jpg 1080w\" sizes=\"(max-width: 1024px) 100vw, 1024px\" \/>Ott felt\u00e1rult el\u0151ttem a kicsiny arcok izgalm\u00e1nak rejt\u00e9je. A szemem el\u0151tt \u201eszentek\u201d alakjai kezdtek megelevenedni az \u00d3sz\u00f6vets\u00e9gt\u0151l kezdve eg\u00e9szen a XXI. sz\u00e1zadig. A program egy r\u00f6vid kisfilmmel kezd\u0151d\u00f6tt, amely egyszer\u0171en \u00e9s \u00e9rthet\u0151en bemutatta a gyerekeknek, hogy kik a szentek. Ezut\u00e1n a gyerekek izgalommal, de \u00fcnnep\u00e9lyes komolys\u00e1ggal bemutatt\u00e1k jelmezeiket \u00e9s besz\u00e9ltek arr\u00f3l a szentr\u0151l, akit megeleven\u00edtettek. M\u00f3zes, Szent Ter\u00e9z, Szent Domonkos, Szent M\u00e1ria Magdolna, Szent Borb\u00e1la, Szent R\u00f3bert, Szent Gianna \u00e9s m\u00e9g sorolhatn\u00e1nk\u2026 Term\u00e9szetesen az aj\u00e1nd\u00e9k sem maradt el: finom m\u00e9zeskal\u00e1cs angyalt \u00e9s kis szentk\u00e9peket kaptak. A d\u00e9lut\u00e1n m\u00e1sodik r\u00e9sze \u00f6nfeledt k\u00f6z\u00f6s j\u00e1t\u00e9kkal, sz\u00f3rakoz\u00e1ssal \u00e9s a szorgos feln\u0151tt kezek k\u00e9sz\u00edtette finom falatok elfogyaszt\u00e1s\u00e1val telt. A v\u00e9g\u00e9re m\u00e9g egy rajzfilm is belef\u00e9rt a programba.<\/p>\n<p style=\"text-align: justify;\">\u00a0 \u00a0 \u00a0 \u00a0 \u00a0 \u00a0 \u00a0 \u00a0 \u00a0 \u00a0 \u00a0<img loading=\"lazy\" decoding=\"async\" class=\"alignnone size-medium wp-image-9282\" src=\"https:\/\/munkacs-diocese.org\/hu\/wp-content\/uploads\/2022\/10\/Ordarma_jelmez4-225x300.jpg\" alt=\"\" width=\"225\" height=\"300\" srcset=\"https:\/\/munkacs-diocese.org\/hu\/wp-content\/uploads\/2022\/10\/Ordarma_jelmez4-225x300.jpg 225w, https:\/\/munkacs-diocese.org\/hu\/wp-content\/uploads\/2022\/10\/Ordarma_jelmez4-768x1024.jpg 768w, https:\/\/munkacs-diocese.org\/hu\/wp-content\/uploads\/2022\/10\/Ordarma_jelmez4-1152x1536.jpg 1152w, https:\/\/munkacs-diocese.org\/hu\/wp-content\/uploads\/2022\/10\/Ordarma_jelmez4-1536x2048.jpg 1536w, https:\/\/munkacs-diocese.org\/hu\/wp-content\/uploads\/2022\/10\/Ordarma_jelmez4-1080x1440.jpg 1080w, https:\/\/munkacs-diocese.org\/hu\/wp-content\/uploads\/2022\/10\/Ordarma_jelmez4-scaled.jpg 1920w\" sizes=\"(max-width: 225px) 100vw, 225px\" \/> <img loading=\"lazy\" decoding=\"async\" class=\"alignnone size-medium wp-image-9286\" src=\"https:\/\/munkacs-diocese.org\/hu\/wp-content\/uploads\/2022\/10\/Ordarma_Mozes-225x300.jpg\" alt=\"\" width=\"225\" height=\"300\" srcset=\"https:\/\/munkacs-diocese.org\/hu\/wp-content\/uploads\/2022\/10\/Ordarma_Mozes-225x300.jpg 225w, https:\/\/munkacs-diocese.org\/hu\/wp-content\/uploads\/2022\/10\/Ordarma_Mozes-768x1024.jpg 768w, https:\/\/munkacs-diocese.org\/hu\/wp-content\/uploads\/2022\/10\/Ordarma_Mozes-1152x1536.jpg 1152w, https:\/\/munkacs-diocese.org\/hu\/wp-content\/uploads\/2022\/10\/Ordarma_Mozes-1536x2048.jpg 1536w, https:\/\/munkacs-diocese.org\/hu\/wp-content\/uploads\/2022\/10\/Ordarma_Mozes-1080x1440.jpg 1080w, https:\/\/munkacs-diocese.org\/hu\/wp-content\/uploads\/2022\/10\/Ordarma_Mozes-scaled.jpg 1920w\" sizes=\"(max-width: 225px) 100vw, 225px\" \/> <img loading=\"lazy\" decoding=\"async\" class=\"alignnone size-medium wp-image-9287\" src=\"https:\/\/munkacs-diocese.org\/hu\/wp-content\/uploads\/2022\/10\/Ordarma_jelmez-225x300.jpg\" alt=\"\" width=\"225\" height=\"300\" srcset=\"https:\/\/munkacs-diocese.org\/hu\/wp-content\/uploads\/2022\/10\/Ordarma_jelmez-225x300.jpg 225w, https:\/\/munkacs-diocese.org\/hu\/wp-content\/uploads\/2022\/10\/Ordarma_jelmez-768x1024.jpg 768w, https:\/\/munkacs-diocese.org\/hu\/wp-content\/uploads\/2022\/10\/Ordarma_jelmez-1152x1536.jpg 1152w, https:\/\/munkacs-diocese.org\/hu\/wp-content\/uploads\/2022\/10\/Ordarma_jelmez-1536x2048.jpg 1536w, https:\/\/munkacs-diocese.org\/hu\/wp-content\/uploads\/2022\/10\/Ordarma_jelmez-1080x1440.jpg 1080w, https:\/\/munkacs-diocese.org\/hu\/wp-content\/uploads\/2022\/10\/Ordarma_jelmez-scaled.jpg 1920w\" sizes=\"(max-width: 225px) 100vw, 225px\" \/><\/p>\n<p>\u00a0 \u00a0 \u00a0 \u00a0 \u00a0 \u00a0<img loading=\"lazy\" decoding=\"async\" class=\"alignnone size-medium wp-image-9284\" src=\"https:\/\/munkacs-diocese.org\/hu\/wp-content\/uploads\/2022\/10\/Ordarma_jelmez3-225x300.jpg\" alt=\"\" width=\"225\" height=\"300\" srcset=\"https:\/\/munkacs-diocese.org\/hu\/wp-content\/uploads\/2022\/10\/Ordarma_jelmez3-225x300.jpg 225w, https:\/\/munkacs-diocese.org\/hu\/wp-content\/uploads\/2022\/10\/Ordarma_jelmez3-768x1024.jpg 768w, https:\/\/munkacs-diocese.org\/hu\/wp-content\/uploads\/2022\/10\/Ordarma_jelmez3-1152x1536.jpg 1152w, https:\/\/munkacs-diocese.org\/hu\/wp-content\/uploads\/2022\/10\/Ordarma_jelmez3-1536x2048.jpg 1536w, https:\/\/munkacs-diocese.org\/hu\/wp-content\/uploads\/2022\/10\/Ordarma_jelmez3-1080x1440.jpg 1080w, https:\/\/munkacs-diocese.org\/hu\/wp-content\/uploads\/2022\/10\/Ordarma_jelmez3-scaled.jpg 1920w\" sizes=\"(max-width: 225px) 100vw, 225px\" \/>\u00a0<img loading=\"lazy\" decoding=\"async\" class=\"alignnone size-medium wp-image-9285\" src=\"https:\/\/munkacs-diocese.org\/hu\/wp-content\/uploads\/2022\/10\/Ordarma_jelmez2-300x225.jpg\" alt=\"\" width=\"300\" height=\"225\" srcset=\"https:\/\/munkacs-diocese.org\/hu\/wp-content\/uploads\/2022\/10\/Ordarma_jelmez2-300x225.jpg 300w, https:\/\/munkacs-diocese.org\/hu\/wp-content\/uploads\/2022\/10\/Ordarma_jelmez2-1024x768.jpg 1024w, https:\/\/munkacs-diocese.org\/hu\/wp-content\/uploads\/2022\/10\/Ordarma_jelmez2-768x576.jpg 768w, https:\/\/munkacs-diocese.org\/hu\/wp-content\/uploads\/2022\/10\/Ordarma_jelmez2-1536x1152.jpg 1536w, https:\/\/munkacs-diocese.org\/hu\/wp-content\/uploads\/2022\/10\/Ordarma_jelmez2-2048x1536.jpg 2048w, https:\/\/munkacs-diocese.org\/hu\/wp-content\/uploads\/2022\/10\/Ordarma_jelmez2-1080x810.jpg 1080w\" sizes=\"(max-width: 300px) 100vw, 300px\" \/> <img loading=\"lazy\" decoding=\"async\" class=\"alignnone size-medium wp-image-9283\" src=\"https:\/\/munkacs-diocese.org\/hu\/wp-content\/uploads\/2022\/10\/Ordarma_ajandek-225x300.jpg\" alt=\"\" width=\"225\" height=\"300\" srcset=\"https:\/\/munkacs-diocese.org\/hu\/wp-content\/uploads\/2022\/10\/Ordarma_ajandek-225x300.jpg 225w, https:\/\/munkacs-diocese.org\/hu\/wp-content\/uploads\/2022\/10\/Ordarma_ajandek-768x1024.jpg 768w, https:\/\/munkacs-diocese.org\/hu\/wp-content\/uploads\/2022\/10\/Ordarma_ajandek-1152x1536.jpg 1152w, https:\/\/munkacs-diocese.org\/hu\/wp-content\/uploads\/2022\/10\/Ordarma_ajandek-1536x2048.jpg 1536w, https:\/\/munkacs-diocese.org\/hu\/wp-content\/uploads\/2022\/10\/Ordarma_ajandek-1080x1440.jpg 1080w, https:\/\/munkacs-diocese.org\/hu\/wp-content\/uploads\/2022\/10\/Ordarma_ajandek-scaled.jpg 1920w\" sizes=\"(max-width: 225px) 100vw, 225px\" \/><\/p>\n<p style=\"text-align: justify;\">\u00a0\u201eH\u00e1l\u00e1t adunk Istennek a lehet\u0151s\u00e9g\u00e9rt, hogy megtarthattuk ezt a gyermek\u00fcnnepet.\u201d &#8211; \u00edrt\u00e1k a pl\u00e9b\u00e1nia Facebook-oldal\u00e1n. \u201eN\u00e9lk\u00fcletek nem lett volna ez a csod\u00e1latos nap, amelyre a gyerekek sok\u00e1ig eml\u00e9kezni fognak. Legy\u00fcnk b\u00fcszk\u00e9k gyermekeinkre &#8211; csod\u00e1latosak! J\u00e1rjunk j\u00f3 p\u00e9ld\u00e1val el\u0151tt\u00fck, b\u00e1tor\u00edtsuk \u0151ket arra, hogy j\u00f3 \u00e9s helyes dolgokat tegyenek, mert \u0151k azok, akik megteremtik a j\u00f6v\u0151t.&#8221;<\/p>\n","protected":false},"excerpt":{"rendered":"<p>Meg\u00e9rkeztem az Ungv\u00e1r melletti kis faluba, \u0150rdarm\u00e1ba. Nem el\u0151sz\u00f6r j\u00e1rtam itt, m\u00e9gis az volt az \u00e9rz\u00e9sem, hogy ma d\u00e9lut\u00e1n valami k\u00fcl\u00f6n\u00f6s izgalom \u00fcl ki a kicsiny templomba \u00e9rkez\u0151 gyerekek arc\u00e1ra. Okt\u00f3ber 29. van. A szit\u00e1l\u00f3 k\u00f6d m\u00e1r a november eleji id\u0151t id\u00e9zi. K\u00f6zeledik Mindenszentek \u00fcnnepe\u2026 \u00a0 \u00a0 \u00a0 \u00a0 \u00a0 \u00a0 A falu pl\u00e9b\u00e1ni\u00e1j\u00e1nak kis [&hellip;]<\/p>\n","protected":false},"author":4,"featured_media":9290,"comment_status":"open","ping_status":"open","sticky":false,"template":"","format":"standard","meta":{"_acf_changed":false,"_et_pb_use_builder":"","_et_pb_old_content":"","_et_gb_content_width":"","footnotes":""},"categories":[59,2],"tags":[],"class_list":["post-9280","post","type-post","status-publish","format-standard","has-post-thumbnail","hentry","category-egyhazmegyenk-hirei","category-hirek","et-has-post-format-content","et_post_format-et-post-format-standard"],"acf":[],"_links":{"self":[{"href":"https:\/\/munkacs-diocese.org\/hu\/wp-json\/wp\/v2\/posts\/9280"}],"collection":[{"href":"https:\/\/munkacs-diocese.org\/hu\/wp-json\/wp\/v2\/posts"}],"about":[{"href":"https:\/\/munkacs-diocese.org\/hu\/wp-json\/wp\/v2\/types\/post"}],"author":[{"embeddable":true,"href":"https:\/\/munkacs-diocese.org\/hu\/wp-json\/wp\/v2\/users\/4"}],"replies":[{"embeddable":true,"href":"https:\/\/munkacs-diocese.org\/hu\/wp-json\/wp\/v2\/comments?post=9280"}],"version-history":[{"count":1,"href":"https:\/\/munkacs-diocese.org\/hu\/wp-json\/wp\/v2\/posts\/9280\/revisions"}],"predecessor-version":[{"id":9293,"href":"https:\/\/munkacs-diocese.org\/hu\/wp-json\/wp\/v2\/posts\/9280\/revisions\/9293"}],"wp:featuredmedia":[{"embeddable":true,"href":"https:\/\/munkacs-diocese.org\/hu\/wp-json\/wp\/v2\/media\/9290"}],"wp:attachment":[{"href":"https:\/\/munkacs-diocese.org\/hu\/wp-json\/wp\/v2\/media?parent=9280"}],"wp:term":[{"taxonomy":"category","embeddable":true,"href":"https:\/\/munkacs-diocese.org\/hu\/wp-json\/wp\/v2\/categories?post=9280"},{"taxonomy":"post_tag","embeddable":true,"href":"https:\/\/munkacs-diocese.org\/hu\/wp-json\/wp\/v2\/tags?post=9280"}],"curies":[{"name":"wp","href":"https:\/\/api.w.org\/{rel}","templated":true}]}}