{"id":9128,"date":"2022-10-11T14:24:02","date_gmt":"2022-10-11T12:24:02","guid":{"rendered":"https:\/\/munkacs-diocese.org\/hu\/?p=9128"},"modified":"2022-10-11T14:28:19","modified_gmt":"2022-10-11T12:28:19","slug":"szent-xxiii-janos-papa-emleknapja-a-ii-vatikani-zsinat-megnyitasanak-60-evforduloja","status":"publish","type":"post","link":"https:\/\/munkacs-diocese.org\/hu\/2022\/10\/11\/szent-xxiii-janos-papa-emleknapja-a-ii-vatikani-zsinat-megnyitasanak-60-evforduloja\/","title":{"rendered":"SZENT XXIII. J\u00c1NOS P\u00c1PA EML\u00c9KNAPJA \u2013 A II. VATIK\u00c1NI ZSINAT MEGNYIT\u00c1S\u00c1NAK 60. \u00c9VFORDUL\u00d3JA"},"content":{"rendered":"<div id=\"fb-root\"><\/div>\n<p style=\"text-align: justify;\"><img loading=\"lazy\" decoding=\"async\" class=\"alignleft wp-image-9130 size-medium\" src=\"https:\/\/munkacs-diocese.org\/hu\/wp-content\/uploads\/2022\/10\/janos-papa-03-200x300.jpg\" alt=\"\" width=\"200\" height=\"300\" srcset=\"https:\/\/munkacs-diocese.org\/hu\/wp-content\/uploads\/2022\/10\/janos-papa-03-200x300.jpg 200w, https:\/\/munkacs-diocese.org\/hu\/wp-content\/uploads\/2022\/10\/janos-papa-03.jpg 532w\" sizes=\"(max-width: 200px) 100vw, 200px\" \/>Okt\u00f3ber 11. Szent XXIII. J\u00e1nos p\u00e1pa eml\u00e9knapja. Az \u0151 nev\u00e9hez f\u0171z\u0151dik a II. Vatik\u00e1ni Zsinat \u00f6sszeh\u00edv\u00e1sa, amelynek ma \u00fcnnepelj\u00fck 60. \u00e9vfordul\u00f3j\u00e1t. 60 \u00e9vvel ezel\u0151tt, 1962. okt\u00f3ber 11-\u00e9n nyitotta meg Roncalli p\u00e1pa a zsinatot. Ferenc p\u00e1pa erre eml\u00e9kezve ma szentmis\u00e9t mutat be d\u00e9lut\u00e1n 5 \u00f3rakor.<\/p>\n<p style=\"text-align: justify;\">Hatvan \u00e9vvel ezel\u0151tt kezd\u0151d\u00f6tt teh\u00e1t a 20. sz\u00e1zad legfontosabb egyh\u00e1zt\u00f6rt\u00e9neti esem\u00e9nye, a 23. egyetemes zsinat, amely k\u00f6zel h\u00e1romezer r\u00e9szvev\u0151j\u00e9vel a legn\u00e9pesebb volt a zsinatok eddigi t\u00f6rt\u00e9net\u00e9ben.<\/p>\n<p style=\"text-align: justify;\">Megeml\u00e9kezv\u00e9n az \u00e9vfordul\u00f3r\u00f3l, k\u00e9t r\u00f6vid r\u00e9szletet id\u00e9z\u00fcnk a p\u00e1pa akkori szavaib\u00f3l, majd egy jezsuita szerzetes toll\u00e1b\u00f3l olvashatunk n\u00e9h\u00e1ny gondolatot. A megfogalmazott gondolatok, k\u00f6lt\u0151i k\u00e9rd\u00e9sek itt \u00e9s most minket is megsz\u00f3l\u00edtanak.<\/p>\n<p style=\"text-align: justify;\">\u201eK\u00f6zel h\u00fasz \u00e9vsz\u00e1zad ut\u00e1n az emberis\u00e9g el\u0151tt \u00e1ll\u00f3 nagyon s\u00falyos helyzetek \u00e9s probl\u00e9m\u00e1k nem v\u00e1ltoznak. Krisztus mindig k\u00f6zponti helyet foglal el a t\u00f6rt\u00e9nelemben \u00e9s az \u00e9letben: az emberek vagy hozz\u00e1 \u00e9s az \u0151 Egyh\u00e1z\u00e1hoz ragaszkodnak, \u00e9s \u00edgy \u00e9lvezik a vil\u00e1goss\u00e1got, a j\u00f3s\u00e1got, az igazs\u00e1gos rendet \u00e9s a b\u00e9ke j\u00f3s\u00e1g\u00e1t, vagy n\u00e9lk\u00fcle \u00e9lnek, ellene harcolnak, tudatosan k\u00edv\u00fcl maradnak az Egyh\u00e1zon, \u00e9s emiatt z\u0171rzavar van k\u00f6z\u00f6tt\u00fck. A k\u00f6lcs\u00f6n\u00f6s kapcsolatok megnehez\u00fclnek, v\u00e9res h\u00e1bor\u00fak vesz\u00e9lye fenyeget.\u201d (R\u00e9szlet a p\u00e1pa 60 \u00e9vvel ezel\u0151tti nyit\u00f3 besz\u00e9d\u00e9b\u0151l)<\/p>\n<p style=\"text-align: justify;\">\u201eTov\u00e1bbra is szeress\u00fck teh\u00e1t egym\u00e1st, szeress\u00fck \u00fagy egym\u00e1st, tekints\u00fcnk \u00fagy egym\u00e1sra a tal\u00e1lkoz\u00e1sban, hogy megragadjuk azt, ami egyes\u00edt benn\u00fcnket, s f\u00e9lretegy\u00fck mindazt \u2013 ha van is ilyen \u2013 ami egy kis neh\u00e9zs\u00e9get okozhatna nek\u00fcnk.\u201d<\/p>\n<p style=\"text-align: justify;\">(R\u00e9szlet a p\u00e1pa aznap esti, a Szent P\u00e9ter t\u00e9ren \u00f6sszegy\u0171lt t\u00f6meghez int\u00e9zett szavaib\u00f3l)<\/p>\n<p><img loading=\"lazy\" decoding=\"async\" class=\"aligncenter size-full wp-image-9131\" src=\"https:\/\/munkacs-diocese.org\/hu\/wp-content\/uploads\/2022\/10\/janos-papa-01.jpg\" alt=\"\" width=\"794\" height=\"600\" srcset=\"https:\/\/munkacs-diocese.org\/hu\/wp-content\/uploads\/2022\/10\/janos-papa-01.jpg 794w, https:\/\/munkacs-diocese.org\/hu\/wp-content\/uploads\/2022\/10\/janos-papa-01-300x227.jpg 300w, https:\/\/munkacs-diocese.org\/hu\/wp-content\/uploads\/2022\/10\/janos-papa-01-768x580.jpg 768w\" sizes=\"(max-width: 794px) 100vw, 794px\" \/><\/p>\n<p style=\"text-align: justify;\">\u00a0\u201eTud-e az egyh\u00e1z p\u00e1rbesz\u00e9dbe l\u00e9pni a korral, amelyben \u00e9l? K\u00e9pes-e a jelenbe \u00e9s el\u0151re n\u00e9zni?\u201d<\/p>\n<p style=\"text-align: justify;\">A zsinat seg\u00edtett felfedezni, hogy mi Krisztus Egyh\u00e1z\u00e1nak a legm\u00e9lyebb identit\u00e1sa: egy n\u00e9p, amely\u00a0\u201e<em>szents\u00e9ge, azaz jele \u00e9s eszk\u00f6ze az Istennel val\u00f3 bens\u0151s\u00e9ges egyes\u00fcl\u00e9snek \u00e9s az eg\u00e9sz emberi nem egys\u00e9g\u00e9nek<\/em>\u201d\u00a0(Lumen Gentium 1),\u00a0\u201e<em>az Atya, a Fi\u00fa \u00e9s a Szentl\u00e9lek egys\u00e9g\u00e9b\u0151l eggy\u00e9 v\u00e1lt n\u00e9p<\/em>\u201d\u00a0(LG 4).\u00a0Korunk kih\u00edv\u00e1sa az, hogy ezt a val\u00f3s\u00e1got meg\u00e9lt tapasztalatt\u00e1, \u00e9s ez\u00e1ltal \u00e1tadhat\u00f3v\u00e1 tegy\u00fck.<\/p>\n<p style=\"text-align: justify;\">Akkor eml\u00e9kez\u00fcnk meg m\u00e9lt\u00f3n a zsinat \u00e9vfordul\u00f3j\u00e1r\u00f3l, ha komolyan vessz\u00fck a kommuni\u00f3 egyh\u00e1ztant\u2026 Erre v\u00e1r az emberis\u00e9g csal\u00e1dja: hogy az egyh\u00e1zban Isten sz\u00e9ps\u00e9g\u00e9t l\u00e1ssa visszat\u00fckr\u00f6z\u0151dni.\u201d<\/p>\n<p style=\"text-align: justify;\">(R\u00e9szlet Paolo Monaco SJ atya gondolataib\u00f3l)<\/p>\n<p><img loading=\"lazy\" decoding=\"async\" class=\"aligncenter size-full wp-image-9132\" src=\"https:\/\/munkacs-diocese.org\/hu\/wp-content\/uploads\/2022\/10\/janos-papa-04.jpg\" alt=\"\" width=\"800\" height=\"467\" srcset=\"https:\/\/munkacs-diocese.org\/hu\/wp-content\/uploads\/2022\/10\/janos-papa-04.jpg 800w, https:\/\/munkacs-diocese.org\/hu\/wp-content\/uploads\/2022\/10\/janos-papa-04-300x175.jpg 300w, https:\/\/munkacs-diocese.org\/hu\/wp-content\/uploads\/2022\/10\/janos-papa-04-768x448.jpg 768w\" sizes=\"(max-width: 800px) 100vw, 800px\" \/><\/p>\n","protected":false},"excerpt":{"rendered":"<p>Okt\u00f3ber 11. Szent XXIII. J\u00e1nos p\u00e1pa eml\u00e9knapja. Az \u0151 nev\u00e9hez f\u0171z\u0151dik a II. Vatik\u00e1ni Zsinat \u00f6sszeh\u00edv\u00e1sa, amelynek ma \u00fcnnepelj\u00fck 60. \u00e9vfordul\u00f3j\u00e1t. 60 \u00e9vvel ezel\u0151tt, 1962. okt\u00f3ber 11-\u00e9n nyitotta meg Roncalli p\u00e1pa a zsinatot. Ferenc p\u00e1pa erre eml\u00e9kezve ma szentmis\u00e9t mutat be d\u00e9lut\u00e1n 5 \u00f3rakor. Hatvan \u00e9vvel ezel\u0151tt kezd\u0151d\u00f6tt teh\u00e1t a 20. sz\u00e1zad legfontosabb egyh\u00e1zt\u00f6rt\u00e9neti esem\u00e9nye, [&hellip;]<\/p>\n","protected":false},"author":1,"featured_media":9129,"comment_status":"open","ping_status":"open","sticky":false,"template":"","format":"standard","meta":{"_acf_changed":false,"_et_pb_use_builder":"","_et_pb_old_content":"","_et_gb_content_width":"","footnotes":""},"categories":[60],"tags":[],"class_list":["post-9128","post","type-post","status-publish","format-standard","has-post-thumbnail","hentry","category-egyeb-egyhazi-hirek","et-has-post-format-content","et_post_format-et-post-format-standard"],"acf":[],"_links":{"self":[{"href":"https:\/\/munkacs-diocese.org\/hu\/wp-json\/wp\/v2\/posts\/9128"}],"collection":[{"href":"https:\/\/munkacs-diocese.org\/hu\/wp-json\/wp\/v2\/posts"}],"about":[{"href":"https:\/\/munkacs-diocese.org\/hu\/wp-json\/wp\/v2\/types\/post"}],"author":[{"embeddable":true,"href":"https:\/\/munkacs-diocese.org\/hu\/wp-json\/wp\/v2\/users\/1"}],"replies":[{"embeddable":true,"href":"https:\/\/munkacs-diocese.org\/hu\/wp-json\/wp\/v2\/comments?post=9128"}],"version-history":[{"count":3,"href":"https:\/\/munkacs-diocese.org\/hu\/wp-json\/wp\/v2\/posts\/9128\/revisions"}],"predecessor-version":[{"id":9135,"href":"https:\/\/munkacs-diocese.org\/hu\/wp-json\/wp\/v2\/posts\/9128\/revisions\/9135"}],"wp:featuredmedia":[{"embeddable":true,"href":"https:\/\/munkacs-diocese.org\/hu\/wp-json\/wp\/v2\/media\/9129"}],"wp:attachment":[{"href":"https:\/\/munkacs-diocese.org\/hu\/wp-json\/wp\/v2\/media?parent=9128"}],"wp:term":[{"taxonomy":"category","embeddable":true,"href":"https:\/\/munkacs-diocese.org\/hu\/wp-json\/wp\/v2\/categories?post=9128"},{"taxonomy":"post_tag","embeddable":true,"href":"https:\/\/munkacs-diocese.org\/hu\/wp-json\/wp\/v2\/tags?post=9128"}],"curies":[{"name":"wp","href":"https:\/\/api.w.org\/{rel}","templated":true}]}}