{"id":903,"date":"2013-07-11T21:05:52","date_gmt":"2013-07-11T18:05:52","guid":{"rendered":"http:\/\/munkacs-diocese.org\/hu\/2013\/07\/11\/ukrajna-romai-katolikus-puespoeki-karanak-koerlevele-a-volinyi-tragedia-70-evfordulojara\/"},"modified":"2013-07-11T21:05:52","modified_gmt":"2013-07-11T18:05:52","slug":"ukrajna-romai-katolikus-puespoeki-karanak-koerlevele-a-volinyi-tragedia-70-evfordulojara","status":"publish","type":"post","link":"https:\/\/munkacs-diocese.org\/hu\/2013\/07\/11\/ukrajna-romai-katolikus-puespoeki-karanak-koerlevele-a-volinyi-tragedia-70-evfordulojara\/","title":{"rendered":"UKRAJNA R\u00d3MAI-KATOLIKUS P\u00dcSP\u00d6KI KAR\u00c1NAK K\u00d6RLEVELE A VOLINYI TRAG\u00c9DIA 70. \u00c9VFORDUL\u00d3J\u00c1RA"},"content":{"rendered":"<div id=\"fb-root\"><\/div>\n<p style=\"text-align: center;\"><strong>UKRAJNA R\u00d3MAI-KATOLIKUS P\u00dcSP\u00d6KI KAR\u00c1NAK K\u00d6RLEVELE A VOLINYI TRAG\u00c9DIA 70. \u00c9VFORDUL\u00d3J\u00c1RA<\/strong> <br \/> (\u00f6sszefoglal\u00e1s)<\/p>\n<p><img loading=\"lazy\" decoding=\"async\" class=\" alignleft size-full wp-image-902\" style=\"float: left;\" src=\"https:\/\/munkacs-diocese.org\/hu\/wp-content\/uploads\/2013\/07\/ea6fe219-f498-476c-b1e8-d508cae88da3.file_.jpg\" alt=\"\" height=\"84\" width=\"154\" srcset=\"https:\/\/munkacs-diocese.org\/hu\/wp-content\/uploads\/2013\/07\/ea6fe219-f498-476c-b1e8-d508cae88da3.file_.jpg 663w, https:\/\/munkacs-diocese.org\/hu\/wp-content\/uploads\/2013\/07\/ea6fe219-f498-476c-b1e8-d508cae88da3.file_-300x165.jpg 300w\" sizes=\"(max-width: 154px) 100vw, 154px\" \/>Krisztusban kedves Testv\u00e9rek!<\/p>\n<p>Az emberek, t\u00e1rsadalmi csoportok vagy nemzetek \u00e9let\u00e9ben gyakran tal\u00e1lkozunk a m\u00faltnak neh\u00e9z \u00e9s b\u0171n\u00f6kt\u0151l terhes eml\u00e9keivel, mik\u00f6zben szebb j\u00f6v\u0151r\u0151l \u00e1lmodunk. Ilyenkor megk\u00eds\u00e9rt a gondolat, hogy tekints\u00fck \u00fagy a m\u00faltra, mintha nem is l\u00e9tezne. Az \u00e9rett szem\u00e9lyis\u00e9g egyik ismertet\u0151jele azonban \u00e9ppen az, hogy felel\u0151ss\u00e9get v\u00e1llal minden\u00e9rt, amit tett, \u00e9s amit maga ut\u00e1n hagyott. <!--more--> <\/p>\n<p>1. Isten megv\u00e1lt\u00e1sra vonatkoz\u00f3 terve<\/p>\n<p>A rossz ravaszul viszi v\u00e9ghez terv\u00e9t, mellyel t\u00f6nkre akarja tenni az embert, \u00e9s sikeresen cs\u00e1b\u00edtja rosszra az \u00fajabb gener\u00e1ci\u00f3kat, amikor gy\u0171l\u00f6letet, bossz\u00fav\u00e1gyat \u00e9breszt benn\u00fck, hogy rosszal fizessenek a rossz\u00e9rt. Krisztus azonban arra h\u00edv mindenkit, hogy \u00e1lljunk ellen a rossznak, ne vess\u00fck al\u00e1 magunknak neki, uralkodjunk vad \u00f6szt\u00f6neinken, s vess\u00fck el a megtorl\u00e1st. Csak az ilyen hozz\u00e1\u00e1ll\u00e1s egyeztethet\u0151 \u00f6ssze a kiengesztel\u0151d\u00e9s kereszt\u00e9ny \u00e9rtelm\u00e9vel, \u00e9s a megbocs\u00e1t\u00e1sr\u00f3l sz\u00f3l\u00f3 evang\u00e9liumi tan\u00edt\u00e1ssal.<br \/>Isten mindenre eml\u00e9kszik az ember \u00e9let\u00e9vel kapcsolatban: a felebar\u00e1ti szeretetre, a j\u00f3s\u00e1gra, az \u00e9letszents\u00e9gre, az irgalmass\u00e1gra, de az \u00e1ltala elk\u00f6vetett b\u0171nre, rosszra is. Isten mindig a teljes embert l\u00e1tja, cselekedeteivel egy\u00fctt. A Bibli\u00e1ban szerepelnek \u201e\u00e9gbeki\u00e1lt\u00f3 b\u0171n\u00f6k\u201d, melyek elk\u00f6vet\u00e9s\u00e9vel Isten alapvet\u0151 parancsait \u00e9s tan\u00edt\u00e1s\u00e1t tagadj\u00e1k meg; ezek k\u00f6z\u00e9 tartozik a gyilkoss\u00e1g, vagyis az emberi \u00e9let sz\u00e1nd\u00e9kos \u00e9s \u00f6nk\u00e9nyes kiolt\u00e1sa.<\/p>\n<p>2. A rossz titka<\/p>\n<p>A rosszr\u00f3l \u00e9s annak titk\u00e1r\u00f3l sz\u00f3l\u00f3 igazs\u00e1got a 70 \u00e9ve t\u00f6rt\u00e9nt \u00fan. volinyi m\u00e9sz\u00e1rl\u00e1s k\u00f6zeled\u0151 \u00e9vfordul\u00f3ja kapcs\u00e1n id\u00e9zz\u00fck most fel. A tragikus esem\u00e9ny a V\u00e9res Vas\u00e1rnappal kezd\u0151d\u00f6tt 1943. j\u00falius 11-\u00e9n, amikor az ukr\u00e1n nacionalist\u00e1k fegyveres osztagai lerohant\u00e1k Voliny lengyel telep\u00fcl\u00e9seit \u00e9s falvait, megt\u00e1madva a templomokban \u00e9s k\u00e1poln\u00e1kban \u00f6sszegy\u0171lt r\u00f3mai katolikus h\u00edveket, \u00e9s az otthon maradottakat is. K\u00e9s\u0151bb a v\u00e9rengz\u00e9sek \u00e1tterjedtek eg\u00e9sz Volinyra, s Lemberg, Ternopil \u00e9s Ivano-Frankovszk megy\u00e9ket is el\u00e9rt\u00e9k. T\u00edzezreket gyilkoltak meg \u00e1rtatlanul, t\u00f6bbek k\u00f6zt gyerekeket, n\u0151ket, id\u0151seket. Sz\u00e1mos r\u00f3mai katolikus papot \u00e9s szerzetesn\u0151v\u00e9rt is meg\u00f6ltek, s t\u00edzn\u00e9l t\u00f6bb g\u00f6r\u00f6g katolikus \u00e9s pravoszl\u00e1v pap szenvedett amiatt, mert el\u00edt\u00e9lt\u00e9k a b\u0171nt\u00e9nyt. Nem csak lengyelek haltak meg, hanem zsid\u00f3k, \u00f6rm\u00e9nyek, csehek \u00e9s sok ukr\u00e1n is, k\u00fcl\u00f6n\u00f6sen azok, akik h\u0151siesen v\u00e9dt\u00e9k a rokonaikat \u00e9s a szomsz\u00e9daikat.<br \/>El kell ismern\u00fcnk, hogy a lengyelek is szerveztek \u00f6nv\u00e9delmi \u00e9s megtorl\u00f3 akci\u00f3kat, melyekben sok \u00e1rtatlan ukr\u00e1n halt meg. Ezeket a tetteket azonban \u2013 barb\u00e1rs\u00e1gukat \u00e9s az \u00e1ldozatok sz\u00e1m\u00e1t illet\u0151en \u2013 \u00f6ssze sem lehet hasonl\u00edtani a vel\u00fck t\u00f6rt\u00e9ntekkel. Hozz\u00e1 kell tenn\u00fcnk, hogy a r\u00f3mai katolikus egyh\u00e1z megpr\u00f3b\u00e1lt g\u00e1tat vetni a megtorl\u00e1snak, a g\u00f6r\u00f6g katolikus egyh\u00e1zt\u00f3l seg\u00edts\u00e9get k\u00e9rve, pozit\u00edv eredm\u00e9ny n\u00e9lk\u00fcl.<br \/>Nem a mi dolgunk ezeknek a tragikus esem\u00e9nyeknek t\u00f6rt\u00e9nelmi meg\u00edt\u00e9l\u00e9se. Csup\u00e1n arra t\u00f6reksz\u00fcnk, hogy ennek kapcs\u00e1n a jelen nemzed\u00e9k is elgondolkozzon. Emellett gondoljunk arra is, hogy az eredeti b\u0171n \u00e9s az \u00e9vsz\u00e1zadok sor\u00e1n elk\u00f6vetett sz\u00e1mos b\u0171n \u00f6sszef\u00fcggenek a megv\u00e1lt\u00e1s titk\u00e1val, mely megszabad\u00edtja az embert a gonoszt\u00f3l, lehet\u0151s\u00e9get ad a b\u0171nb\u00e1natra \u00e9s a kiengesztel\u0151d\u00e9sre Krisztusban. Mert J\u00e9zus az\u00e9rt halt meg a kereszten \u00e9s az\u00e9rt t\u00e1madt fel, hogy juhainak \u201e\u00e9let\u00fck legyen, \u00e9s b\u0151s\u00e9gben legyen\u201d (v\u00f6. Jn 10, 10). Megv\u00e1ltani valakit ugyanis azt jelenti, mint megtiszt\u00edtani, megszabad\u00edtani a gonoszt\u00f3l, s lehet\u0151v\u00e9 tenni, hogy \u00e9lvezze a Szentl\u00e9lek gy\u00fcm\u00f6lcseit. Minden embernek lehet\u0151s\u00e9ge van a megt\u00e9r\u00e9sre, hogy megtal\u00e1lja lelkiismeret\u00e9nek nyugalm\u00e1t, \u00e9s mind a h\u00f3h\u00e9r, mind az \u00e1ldozat sz\u00e1m\u00e1ra l\u00e9tezik az \u00fcdv\u00f6ss\u00e9g rem\u00e9nye. Ez neh\u00e9z, de milyen rendk\u00edv\u00fcli igazs\u00e1ga hit\u00fcnknek! Hiszen a Rossz titka k\u00f6zel \u00e1ll a Megv\u00e1lt\u00e1s titk\u00e1hoz!<\/p>\n<p>3. A kiengesztel\u0151d\u00e9sre val\u00f3 megh\u00edv\u00e1s<\/p>\n<p>Az ukrajnai katolikus egyh\u00e1z \u00fajj\u00e1sz\u00fclet\u00e9se minden h\u00edv\u0151 sz\u00e1m\u00e1ra aj\u00e1nd\u00e9k, hiszen lehet\u0151s\u00e9get ad arra, hogy kiengesztel\u0151dj\u00fcnk az Istennel \u00e9s az emberekkel. A megt\u00e9r\u00e9ssel, a b\u0171nbocs\u00e1nat szents\u00e9g\u00e9vel, a rossz elutas\u00edt\u00e1s\u00e1val \u201e(\u00fajra) \u00fcdv\u00f6ss\u00e9g k\u00f6sz\u00f6nt e h\u00e1zra\u2026 Az Emberfia ugyanis az\u00e9rt j\u00f6tt, hogy megkeresse \u00e9s megmentse, ami elveszett.\u201d (Lk 19, 9-10).<br \/>Krisztus lelkiismeretvizsg\u00e1latra h\u00edv minket, de nem az\u00e9rt, hogy felszakadjanak a r\u00e9gi sebek, \u00e9s m\u00e9g egyszer \u00e1t\u00e9lj\u00fck a f\u00e1jdalmas m\u00faltat, hanem az\u00e9rt, hogy igazs\u00e1gban \u00e1llhassunk Isten el\u0151tt.<br \/>A lelkiismeretvizsg\u00e1lat sohasem k\u00f6nny\u0171. K\u00fcl\u00f6n\u00f6sen is neh\u00e9z, ha sz\u00fcleink, nagysz\u00fcleink, szomsz\u00e9daink vagy t\u00e1voli rokonaink f\u00e1jdalmas \u00e9s sz\u00e9gyenteljes m\u00faltbeli b\u0171n\u00e9vel kell elsz\u00e1molnunk. Amikor tudatos\u00edtjuk \u00e9s nev\u00e9n nevezz\u00fck a b\u0171nt, az mindig a kiengesztel\u0151d\u00e9s kezdet\u00e9t jelenti. Ehhez al\u00e1zatra \u00e9s bizonyos \u00e1ldozatra van sz\u00fcks\u00e9g, de en\u00e9lk\u00fcl nem lehets\u00e9ges a kiengesztel\u0151d\u00e9s!<br \/>Minden p\u00e1rbesz\u00e9d felt\u00e9tele a b\u00e9ke, amihez a legr\u00f6videbb \u00fat a megbocs\u00e1t\u00e1s \u00e9s a kiengesztel\u0151d\u00e9s. Ez\u00e9rt meg kell szabadulnunk a s\u00e9rtetts\u00e9gt\u0151l \u00e9s az el\u0151\u00edt\u00e9letekt\u0151l, melyeket gyakran mesters\u00e9gesen gerjesztenek, azut\u00e1n pedig \u2013 helytelen\u00fcl \u2013 gener\u00e1ci\u00f3kon kereszt\u00fcl \u201e\u00e1polj\u00e1k\u201d azt.<\/p>\n<p>4. Nem kollekt\u00edv b\u0171n\u00f6ss\u00e9g!<\/p>\n<p>Az emberi szem\u00e9ly szabad. Semmilyen t\u00e1rsadalmi rendszer nem foszthatja meg \u0151t ett\u0151l a szabads\u00e1gt\u00f3l, mint ahogy az elk\u00f6vetett b\u0171n miatti felel\u0151ss\u00e9gt\u0151l sem. A b\u0171n els\u0151sorban a b\u0171n\u00f6sre van hat\u00e1ssal, t\u00f6nkreteszi az Istennel val\u00f3 kapcsolat\u00e1t, gyeng\u00edti akarat\u00e1t \u00e9s elhom\u00e1lyos\u00edtja \u00e9rtelm\u00e9t. <br \/>Senki \u00e9s semmi nem hagyhatja j\u00f3v\u00e1 a rosszat. Egyetlen politikai program vagy a n\u00e9p boldogul\u00e1s\u00e1ra vonatkoz\u00f3 \u00edg\u00e9ret sem lehet magyar\u00e1zat \u00e1rtatlan emberek legyilkol\u00e1s\u00e1ra \u00e9s a t\u00f6meges b\u0171ncselekm\u00e9nyekre. A gyilkoss\u00e1g ugyanis Isten akarat\u00e1nak semmibev\u00e9tele.<br \/>A felel\u0151ss\u00e9g azt jelenti, hogy v\u00e1llaljuk az emberi szabads\u00e1g k\u00f6vetkezm\u00e9nyeit. Nem besz\u00e9lhet\u00fcnk kollekt\u00edv felel\u0151ss\u00e9gv\u00e1llal\u00e1sr\u00f3l, mert a t\u00f6meg nem hordoz felel\u0151ss\u00e9get, ez\u00e9rt nem is lehet el\u00edt\u00e9lni. Saj\u00e1t felel\u0151ss\u00e9g\u00fcnket sem h\u00e1r\u00edthatjuk m\u00e1sokra. A felel\u0151ss\u00e9get v\u00e1llal\u00f3 ember bizonyos \u00e9rtelemben mindig mag\u00e1nyos lesz. M\u00e1sok csak a k\u00f6vetkezm\u00e9nyek visel\u00e9s\u00e9ben lehetnek seg\u00edts\u00e9g\u00e9re, s az erk\u00f6lcsi teher visel\u00e9s\u00e9nek terh\u00e9t tudj\u00e1k megk\u00f6nny\u00edteni sz\u00e1m\u00e1ra.<br \/>Isten mindig \u00fagy viszonyul az emberhez, mint szabad l\u00e9nyhez, aki k\u00e9pes arra, hogy v\u00e1lasszon a rossz \u00e9s a j\u00f3 k\u00f6z\u00f6tt, ellen\u00e1lljon a k\u00eds\u00e9rt\u00e9snek, s tudatosan felel\u0151ss\u00e9get v\u00e1llaljon tettei\u00e9rt.<\/p>\n<p>5. \u201eHelyes volna-e Isten sz\u00edne el\u0151tt, ha ink\u00e1bb hallgatn\u00e1nk r\u00e1tok, mint Istenre?\u201d <br \/>&nbsp;&nbsp;&nbsp;&nbsp; (ApCsel 4,19)<\/p>\n<p>Mind a vall\u00e1si, mind a t\u00e1rsadalmi t\u00e9ren a kiengesztel\u0151d\u00e9s alapvet\u0151 felt\u00e9tele a b\u0171nb\u00e1nat, valamint az, hogy a j\u00f3ra t\u00f6rekv\u00e9s mellett d\u00f6nt\u00fcnk. Ez a folyamat nem a lelkiismeretvizsg\u00e1lattal, vagyis a m\u00falttal val\u00f3 lesz\u00e1mol\u00e1ssal \u00e9r v\u00e9get. A jelenbe hozza a J\u00f3t, amely k\u00f6z\u00f6s j\u00f6v\u0151t tud \u00e9p\u00edteni, \u00e9s amely egyben gy\u0151zelem a Rossz felett.<\/p>\n<p>6. Felh\u00edv\u00e1s im\u00e1ds\u00e1gra<\/p>\n<p>Krisztus Egyh\u00e1z\u00e1nak most \u00e9l\u0151 tagjai k\u00f6telesek im\u00e1dkozni azok\u00e9rt, akik elk\u00f6lt\u00f6ztek ebb\u0151l a vil\u00e1gb\u00f3l. K\u00fcl\u00f6n\u00f6sen azok\u00e9rt, akik a gy\u0171l\u00f6let, a hatalomv\u00e1gy \u00e1ldozatai lettek, a v\u00e9rtan\u00fak\u00e9rt, akiket a templomban im\u00e1ds\u00e1g k\u00f6zben gyilkoltak meg, az \u00e1rtatlan gyermekek\u00e9rt, v\u00e9dtelen asszonyok\u00e9rt, meglett f\u00e9rfiak\u00e9rt \u00e9s id\u0151sek\u00e9rt. A szentek k\u00f6z\u00f6ss\u00e9g\u00e9nek titk\u00e1ban sz\u00fcntelen\u00fcl Istenre kell b\u00edznunk az \u0151 szenved\u00e9ssel megjel\u00f6lt \u00e9let\u00fcket, hogy a Mindenhat\u00f3 fogadja orsz\u00e1g\u00e1ba \u00e9s jutalmazza meg \u0151ket az \u00f6r\u00f6k boldogs\u00e1ggal, \u00e9s \u2013 az \u0151 k\u00f6zbenj\u00e1r\u00e1sukra \u2013 adja b\u0151s\u00e9ges kegyelm\u00e9t a m\u00e9g zar\u00e1ndok\u00fatjukat j\u00e1r\u00f3knak, akik a kiengesztel\u0151d\u00e9st \u00e9s a rem\u00e9nyt keresik.<br \/>\u00c9ppen ez\u00e9rt a lucki r\u00f3mai katolikus sz\u00e9kesegyh\u00e1zban j\u00falius 14-\u00e9n, a V\u00e9res Vas\u00e1rnap jelk\u00e9pes \u00e9vfordul\u00f3j\u00e1n szeretn\u00e9nk m\u00e9g egyszer Istenre b\u00edzni az \u0151r\u00fclt ideol\u00f3gia \u00e1ldozatait. H\u00edvunk \u00e9s v\u00e1runk az im\u00e1ra mindenkit, aki hisz Krisztusban \u00e9s rem\u00e9ny\u00e9t a megv\u00e1lt\u00e1s igazs\u00e1g\u00e1ba veti. Mindazokat, akik \u00fagy \u00e9rzik, hogy ez a tragikus esem\u00e9ny foltot ejtett lelkiismeret\u00fck\u00f6n, eml\u00e9keztetj\u00fck a kiengesztel\u0151d\u00e9s igazs\u00e1g\u00e1ra \u00e9s az \u00dar im\u00e1j\u00e1nak szavaira: \u201eMi Aty\u00e1nk (\u2026) bocs\u00e1sd meg v\u00e9tkeinket, mik\u00e9ppen mi is megbocs\u00e1tunk az ellen\u00fcnk v\u00e9tkez\u0151knek\u201d.<br \/>V\u00e9gezet\u00fcl gondolatainkban \u00e9s im\u00e1inkban t\u00e9rj\u00fcnk vissza Boldog II. J\u00e1nos P\u00e1l p\u00e1pa \u00fczenet\u00e9hez, melyet ukrajnai apostoli l\u00e1togat\u00e1sa sor\u00e1n mondott nek\u00fcnk: \u201eA kapott \u00e9s adott megbocs\u00e1t\u00e1s j\u00f3t\u00e9kony balzsamk\u00e9nt \u00e1radjon sz\u00e9t minden sz\u00edvben. A t\u00f6rt\u00e9nelmi eml\u00e9kezet megtiszt\u00edt\u00e1s\u00e1nak k\u00f6sz\u00f6nhet\u0151en mindenki legyen k\u00e9sz arra, hogy azt helyezze el\u0151t\u00e9rbe, ami \u00f6sszek\u00f6t, nem pedig azt, ami elv\u00e1laszt minket egym\u00e1st\u00f3l, hogy egy\u00fctt \u00e9p\u00edts\u00fck a j\u00f6v\u0151t, amely a k\u00f6lcs\u00f6n\u00f6s tiszteleten, a testv\u00e9ri egy\u00fcttm\u0171k\u00f6d\u00e9sen \u00e9s az igaz szolidarit\u00e1son alapszik (Lemberg, 2001. j\u00fanius 26.)<\/p>\n<p>Az Ukrajnai R\u00f3mai Katolikus P\u00fcsp\u00f6ki Konferencia<br \/>\u00e9rsekei \u00e9s p\u00fcsp\u00f6kei<\/p>\n<p>Lemberg, 2013. j\u00fanius 24.<br \/>Keresztel\u0151 Szent J\u00e1nos sz\u00fclet\u00e9s\u00e9nek \u00fcnnep\u00e9n<br \/>N. 17\/2013<\/p>\n<p>A fenti p\u00e1sztorlevelet 2013. j\u00fanius 30-\u00e1n, \u00e9vk\u00f6zi 13. vas\u00e1rnap minden szentmis\u00e9n fel kell olvasni.<\/p>\n","protected":false},"excerpt":{"rendered":"<p>UKRAJNA R\u00d3MAI-KATOLIKUS P\u00dcSP\u00d6KI KAR\u00c1NAK K\u00d6RLEVELE A VOLINYI TRAG\u00c9DIA 70. \u00c9VFORDUL\u00d3J\u00c1RA (\u00f6sszefoglal\u00e1s) Krisztusban kedves Testv\u00e9rek! Az emberek, t\u00e1rsadalmi csoportok vagy nemzetek \u00e9let\u00e9ben gyakran tal\u00e1lkozunk a m\u00faltnak neh\u00e9z \u00e9s b\u0171n\u00f6kt\u0151l terhes eml\u00e9keivel, mik\u00f6zben szebb j\u00f6v\u0151r\u0151l \u00e1lmodunk. Ilyenkor megk\u00eds\u00e9rt a gondolat, hogy tekints\u00fck \u00fagy a m\u00faltra, mintha nem is l\u00e9tezne. Az \u00e9rett szem\u00e9lyis\u00e9g egyik ismertet\u0151jele azonban \u00e9ppen az, [&hellip;]<\/p>\n","protected":false},"author":1,"featured_media":902,"comment_status":"open","ping_status":"open","sticky":false,"template":"","format":"standard","meta":{"_acf_changed":false,"_et_pb_use_builder":"","_et_pb_old_content":"","_et_gb_content_width":"","footnotes":""},"categories":[10],"tags":[],"class_list":["post-903","post","type-post","status-publish","format-standard","has-post-thumbnail","hentry","category-aktualis-hirek","et-has-post-format-content","et_post_format-et-post-format-standard"],"acf":[],"_links":{"self":[{"href":"https:\/\/munkacs-diocese.org\/hu\/wp-json\/wp\/v2\/posts\/903"}],"collection":[{"href":"https:\/\/munkacs-diocese.org\/hu\/wp-json\/wp\/v2\/posts"}],"about":[{"href":"https:\/\/munkacs-diocese.org\/hu\/wp-json\/wp\/v2\/types\/post"}],"author":[{"embeddable":true,"href":"https:\/\/munkacs-diocese.org\/hu\/wp-json\/wp\/v2\/users\/1"}],"replies":[{"embeddable":true,"href":"https:\/\/munkacs-diocese.org\/hu\/wp-json\/wp\/v2\/comments?post=903"}],"version-history":[{"count":0,"href":"https:\/\/munkacs-diocese.org\/hu\/wp-json\/wp\/v2\/posts\/903\/revisions"}],"wp:featuredmedia":[{"embeddable":true,"href":"https:\/\/munkacs-diocese.org\/hu\/wp-json\/wp\/v2\/media\/902"}],"wp:attachment":[{"href":"https:\/\/munkacs-diocese.org\/hu\/wp-json\/wp\/v2\/media?parent=903"}],"wp:term":[{"taxonomy":"category","embeddable":true,"href":"https:\/\/munkacs-diocese.org\/hu\/wp-json\/wp\/v2\/categories?post=903"},{"taxonomy":"post_tag","embeddable":true,"href":"https:\/\/munkacs-diocese.org\/hu\/wp-json\/wp\/v2\/tags?post=903"}],"curies":[{"name":"wp","href":"https:\/\/api.w.org\/{rel}","templated":true}]}}