{"id":888,"date":"2013-04-30T14:50:13","date_gmt":"2013-04-30T11:50:13","guid":{"rendered":"http:\/\/munkacs-diocese.org\/hu\/2013\/04\/30\/ukrajna-romai-katolikus-puespoekeinek-nyilt-levele-a-volini-tragedia-70-evfordulojahoz-kapcsolodo-megemlekezesrl\/"},"modified":"2013-04-30T14:50:13","modified_gmt":"2013-04-30T11:50:13","slug":"ukrajna-romai-katolikus-puespoekeinek-nyilt-levele-a-volini-tragedia-70-evfordulojahoz-kapcsolodo-megemlekezesrl","status":"publish","type":"post","link":"https:\/\/munkacs-diocese.org\/hu\/2013\/04\/30\/ukrajna-romai-katolikus-puespoekeinek-nyilt-levele-a-volini-tragedia-70-evfordulojahoz-kapcsolodo-megemlekezesrl\/","title":{"rendered":"Ukrajna r\u00f3mai-katolikus p\u00fcsp\u00f6keinek ny\u00edlt levele a Volini Trag\u00e9dia 70. \u00e9vfordul\u00f3j\u00e1hoz kapcsol\u00f3d\u00f3 megeml\u00e9kez\u00e9sr\u0151l"},"content":{"rendered":"<div id=\"fb-root\"><\/div>\n<p style=\"text-align: center;\"><strong>Ukrajna r\u00f3mai-katolikus p\u00fcsp\u00f6keinek ny\u00edlt levele a Volini Trag\u00e9dia 70. \u00e9vfordul\u00f3j\u00e1hoz kapcsol\u00f3d\u00f3 megeml\u00e9kez\u00e9sr\u0151l<\/strong><\/p>\n<p><img loading=\"lazy\" decoding=\"async\" style=\"float: left;\" src=\"http:\/\/www.catholic-media.org\/ua\/images\/stories\/osoby\/mokrzycki_podpis.gif\" height=\"111\" width=\"108\" \/>A Volini Trag\u00e9dia 70. \u00e9vfordul\u00f3j\u00e1r\u00f3l val\u00f3 idei megeml\u00e9kez\u00e9s az orsz\u00e1gunkban v\u00e9gbement dr\u00e1mai esem\u00e9nyekre eml\u00e9keztetnek benn\u00fcnket. A t\u00f6rt\u00e9n\u00e9szek adatai szerint akkoriban k\u00f6zel 60-70 ezer ember hunyt el Volinyban, t\u00f6bbnyire lengyelek.<br \/>Az Egyh\u00e1z evang\u00e9liumi egys\u00e9g\u00e9t hangs\u00falyozva a&nbsp; r\u00f3mai-katolikus p\u00fcsp\u00f6k\u00f6k v\u00e1gyva v\u00e1gytak arra, hogy egy k\u00f6z\u00f6s pasztor\u00e1lis levelet \u00edrjanak a g\u00f6r\u00f6gkatolikus p\u00fcsp\u00f6k\u00f6kkel. N\u00e9h\u00e1ny h\u00f3nap alatt k\u00f6z\u00f6sen dolgoztak a sz\u00f6veg\u00e9n. Ennek ellen\u00e9re a g\u00f6r\u00f6gkatolikusok m\u00e9gis \u00fagy d\u00f6nt\u00f6ttek, hogy egy k\u00fcl\u00f6n levelet tesznek k\u00f6zz\u00e9, mell\u0151zv\u00e9n a r\u00f3mai-katolikus oldal javaslatait. Tal\u00e1n m\u00e9g korai megtenni ezt a k\u00f6z\u00f6s l\u00e9p\u00e9st. <!--more--> <br \/>Ebben a helyzetben az Ukrajnai R\u00f3mai-Katolikus Egyh\u00e1z p\u00fcsp\u00f6kei a Berdicsivi p\u00fcsp\u00f6ks\u00e9gen megtartott plen\u00e1ris \u00fcl\u00e9sen j\u00f6ttek \u00f6ssze, hogy bemutass\u00e1k a Volini Trag\u00e9di\u00e1nak szentelt pasztor\u00e1lis levelet. J\u00fanius 30-\u00e1n Ukrajna minden r\u00f3mai-katolikus templom\u00e1ban felolvass\u00e1k ezt az \u00fczenetet. &nbsp;<br \/>Rem\u00e9lj\u00fck, hogy a kialakult helyzet ellen\u00e9re az Ukrajnai G\u00f6r\u00f6g-Katolikus Egyh\u00e1z r\u00e9szt vesz a vall\u00e1sos szertart\u00e1sokon, melyeket a R\u00f3mai-Katolikus Egyh\u00e1z szervez, \u00e9s \u00edgy Krisztus tan\u00edtv\u00e1nyaihoz m\u00e9lt\u00f3n ez \u00e9v j\u00falius 14-\u00e9n egy\u00fctt im\u00e1dkozhatunk Luckban, valamint m\u00e1s telep\u00fcl\u00e9seken megtartott b\u0171nb\u00e1nati szentmis\u00e9ken, melyeket a 70 \u00e9ve elk\u00f6vetett b\u0171ntettek\u00e9rt \u00e9s a Volini Trag\u00e9dia \u00e1ldozatai\u00e9rt mutatnak be.<\/p>\n<p style=\"text-align: right;\"><em>Ukrajna R\u00f3mai-katolikus Egyh\u00e1z\u00e1nak \u00e9rsekei \u00e9s p\u00fcsp\u00f6kei<\/em><\/p>\n","protected":false},"excerpt":{"rendered":"<p>Ukrajna r\u00f3mai-katolikus p\u00fcsp\u00f6keinek ny\u00edlt levele a Volini Trag\u00e9dia 70. \u00e9vfordul\u00f3j\u00e1hoz kapcsol\u00f3d\u00f3 megeml\u00e9kez\u00e9sr\u0151l A Volini Trag\u00e9dia 70. \u00e9vfordul\u00f3j\u00e1r\u00f3l val\u00f3 idei megeml\u00e9kez\u00e9s az orsz\u00e1gunkban v\u00e9gbement dr\u00e1mai esem\u00e9nyekre eml\u00e9keztetnek benn\u00fcnket. A t\u00f6rt\u00e9n\u00e9szek adatai szerint akkoriban k\u00f6zel 60-70 ezer ember hunyt el Volinyban, t\u00f6bbnyire lengyelek.Az Egyh\u00e1z evang\u00e9liumi egys\u00e9g\u00e9t hangs\u00falyozva a&nbsp; r\u00f3mai-katolikus p\u00fcsp\u00f6k\u00f6k v\u00e1gyva v\u00e1gytak arra, hogy egy k\u00f6z\u00f6s pasztor\u00e1lis [&hellip;]<\/p>\n","protected":false},"author":1,"featured_media":0,"comment_status":"open","ping_status":"open","sticky":false,"template":"","format":"standard","meta":{"_acf_changed":false,"_et_pb_use_builder":"","_et_pb_old_content":"","_et_gb_content_width":"","footnotes":""},"categories":[10],"tags":[],"class_list":["post-888","post","type-post","status-publish","format-standard","hentry","category-aktualis-hirek","et-doesnt-have-format-content","et_post_format-et-post-format-standard"],"acf":[],"_links":{"self":[{"href":"https:\/\/munkacs-diocese.org\/hu\/wp-json\/wp\/v2\/posts\/888"}],"collection":[{"href":"https:\/\/munkacs-diocese.org\/hu\/wp-json\/wp\/v2\/posts"}],"about":[{"href":"https:\/\/munkacs-diocese.org\/hu\/wp-json\/wp\/v2\/types\/post"}],"author":[{"embeddable":true,"href":"https:\/\/munkacs-diocese.org\/hu\/wp-json\/wp\/v2\/users\/1"}],"replies":[{"embeddable":true,"href":"https:\/\/munkacs-diocese.org\/hu\/wp-json\/wp\/v2\/comments?post=888"}],"version-history":[{"count":0,"href":"https:\/\/munkacs-diocese.org\/hu\/wp-json\/wp\/v2\/posts\/888\/revisions"}],"wp:attachment":[{"href":"https:\/\/munkacs-diocese.org\/hu\/wp-json\/wp\/v2\/media?parent=888"}],"wp:term":[{"taxonomy":"category","embeddable":true,"href":"https:\/\/munkacs-diocese.org\/hu\/wp-json\/wp\/v2\/categories?post=888"},{"taxonomy":"post_tag","embeddable":true,"href":"https:\/\/munkacs-diocese.org\/hu\/wp-json\/wp\/v2\/tags?post=888"}],"curies":[{"name":"wp","href":"https:\/\/api.w.org\/{rel}","templated":true}]}}