{"id":8712,"date":"2022-04-15T17:26:23","date_gmt":"2022-04-15T15:26:23","guid":{"rendered":"http:\/\/munkacs-diocese.org\/hu\/?p=8712"},"modified":"2022-04-15T21:21:31","modified_gmt":"2022-04-15T19:21:31","slug":"olajszentelesi-szentmise-szekesegyhazunkban","status":"publish","type":"post","link":"https:\/\/munkacs-diocese.org\/hu\/2022\/04\/15\/olajszentelesi-szentmise-szekesegyhazunkban\/","title":{"rendered":"Olajszentel\u00e9si szentmise sz\u00e9kesegyh\u00e1zunkban"},"content":{"rendered":"<div id=\"fb-root\"><\/div>\n<p>Ebben az \u00e9vben is nagyszerd\u00e1n, \u00e1prilis 13-\u00e1n tartott\u00e1k a munk\u00e1csi Tours-i Szent M\u00e1rton sz\u00e9kesegyh\u00e1zban az olajszentel\u00e9si szentmis\u00e9t. A szentmise f\u0151celebr\u00e1nsa Lucsok Mikl\u00f3s apostoli adminisztr\u00e1tor volt; vele egy\u00fctt mutatta be a szentmis\u00e9t Majnek Antal nyugalmazott megy\u00e9sp\u00fcsp\u00f6k \u00e9s az egyh\u00e1zmegye papjai.<\/p>\n<p>\u201eAz\u00e9rt j\u00f6tt\u00fcnk \u00f6ssze, hogy meg\u00fcnnepelj\u00fck az Egyh\u00e1z aj\u00e1nd\u00e9k\u00e1t, a szents\u00e9gek aj\u00e1nd\u00e9k\u00e1t, a paps\u00e1g aj\u00e1nd\u00e9k\u00e1t. Mi, papok meg akarjuk ma \u00faj\u00edtani Krisztus ir\u00e1nti h\u0171s\u00e9g\u00fcnket. Benneteket pedig, testv\u00e9rek, arra k\u00e9r\u00fcnk, hogy im\u00e1dkozzatok \u00e9rt\u00fcnk, k\u00fcl\u00f6n\u00f6sen ezekben a neh\u00e9z id\u0151kben, amikor megpr\u00f3b\u00e1l minket a h\u00e1bor\u00fa, hogy Krisztushoz hasonl\u00f3an mindv\u00e9gig h\u0171ek maradjunk, hogy kereszt\u00fcnket mindv\u00e9gig hordozzuk\u201d \u2013 mondta Mikl\u00f3s p\u00fcsp\u00f6k.<\/p>\n<p><img loading=\"lazy\" decoding=\"async\" class=\"aligncenter size-full wp-image-8730\" src=\"https:\/\/munkacs-diocese.org\/hu\/wp-content\/uploads\/2022\/04\/Olaj2-1.jpg\" alt=\"\" width=\"800\" height=\"533\" srcset=\"https:\/\/munkacs-diocese.org\/hu\/wp-content\/uploads\/2022\/04\/Olaj2-1.jpg 800w, https:\/\/munkacs-diocese.org\/hu\/wp-content\/uploads\/2022\/04\/Olaj2-1-300x200.jpg 300w, https:\/\/munkacs-diocese.org\/hu\/wp-content\/uploads\/2022\/04\/Olaj2-1-768x512.jpg 768w\" sizes=\"(max-width: 800px) 100vw, 800px\" \/><\/p>\n<p>A pr\u00e9dik\u00e1ci\u00f3t Majnek Antal p\u00fcsp\u00f6k tartotta. \u201eMa azt \u00fcnnepelj\u00fck, amikor az \u00dar J\u00e9zus megalap\u00edtotta az Eucharisztia \u00e9s a paps\u00e1g szents\u00e9g\u00e9t. Ami \u00f6sszek\u00f6ti a kett\u0151t: az \u00e1ldozat\u201d \u2013 kezdte besz\u00e9d\u00e9t a p\u00fcsp\u00f6k atya.<\/p>\n<p>\u201eA Szent Kereszt \u00e9v\u00e9ben vagyunk. Most \u00e9rtj\u00fck meg, hogy az isteni Gondvisel\u00e9s rendezte \u00edgy, hogy novemberben \u00e9ppen ebben a t\u00e9m\u00e1ban \u00e1llapodtunk meg a p\u00fcsp\u00f6k\u00f6kkel\u201d \u2013 folytatta Antal p\u00fcsp\u00f6k atya. \u201eAz \u00dar J\u00e9zus keresztj\u00e9n mutatta be a Mennyei Atya az eg\u00e9sz vil\u00e1gnak az \u0150 v\u00e9gtelen, irgalmas j\u00f3s\u00e1g\u00e1t. Ez teh\u00e1t Isten szeretet\u00e9nek a miszt\u00e9riuma, ugyanakkor J\u00e9zus eg\u00e9sz \u00e9let\u00e9nek, a gonosszal szembeni harc\u00e1nak a gy\u0151zelmi jelv\u00e9nye is.\u201d<\/p>\n<p><img loading=\"lazy\" decoding=\"async\" class=\"aligncenter size-full wp-image-8731\" src=\"https:\/\/munkacs-diocese.org\/hu\/wp-content\/uploads\/2022\/04\/Olaj4-1.jpg\" alt=\"\" width=\"800\" height=\"533\" srcset=\"https:\/\/munkacs-diocese.org\/hu\/wp-content\/uploads\/2022\/04\/Olaj4-1.jpg 800w, https:\/\/munkacs-diocese.org\/hu\/wp-content\/uploads\/2022\/04\/Olaj4-1-300x200.jpg 300w, https:\/\/munkacs-diocese.org\/hu\/wp-content\/uploads\/2022\/04\/Olaj4-1-768x512.jpg 768w\" sizes=\"(max-width: 800px) 100vw, 800px\" \/><\/p>\n<p>A Szent\u00edr\u00e1sban tal\u00e1lhat\u00f3 \u00e1ldozatbemutat\u00e1sokr\u00f3l elm\u00e9lkedve azt is elmondta: a pr\u00f3f\u00e9t\u00e1k nemegyszer figyelmeztett\u00e9k a n\u00e9pet, hogy Istennek nem tetszik az \u00e1ldozatbemutat\u00e1s. Ez mindig akkor fordult el\u0151, amikor k\u00fcls\u0151s\u00e9gess\u00e9 v\u00e1lt az \u00e1ldozat bemutat\u00e1sa, \u00e9s nem sz\u00edvb\u0151l j\u00f6tt. \u201eIlyenkor az emberek elfelejtik, hogy igaz\u00e1b\u00f3l az \u00daristen hozza a maga nagy \u00e1ldozat\u00e1t, \u0150 mutatja be a szeretet\u00e9t, a mi\u00e9nk csak egy v\u00e1lasz, egy nagyon gy\u00f6nge v\u00e1lasz az \u0151 szeretet\u00e9re.\u201d<\/p>\n<p>A szentmis\u00e9ben a papok Lucsok Mikl\u00f3s p\u00fcsp\u00f6k vezet\u00e9s\u00e9vel meg\u00faj\u00edtott\u00e1k szentel\u00e9skor tett \u00edg\u00e9reteiket, valamint megszentelt\u00e9k a keresztel\u00e9s, a b\u00e9rm\u00e1l\u00e1s \u00e9s a betegek kenete szents\u00e9geinek kiszolg\u00e1ltat\u00e1s\u00e1hoz sz\u00fcks\u00e9ges olajokat.<\/p>\n<p><img loading=\"lazy\" decoding=\"async\" class=\"aligncenter size-full wp-image-8732\" src=\"https:\/\/munkacs-diocese.org\/hu\/wp-content\/uploads\/2022\/04\/Olaj5-1.jpg\" alt=\"\" width=\"800\" height=\"533\" srcset=\"https:\/\/munkacs-diocese.org\/hu\/wp-content\/uploads\/2022\/04\/Olaj5-1.jpg 800w, https:\/\/munkacs-diocese.org\/hu\/wp-content\/uploads\/2022\/04\/Olaj5-1-300x200.jpg 300w, https:\/\/munkacs-diocese.org\/hu\/wp-content\/uploads\/2022\/04\/Olaj5-1-768x512.jpg 768w\" sizes=\"(max-width: 800px) 100vw, 800px\" \/><\/p>\n<p>A szentmis\u00e9n a sz\u00e9kesegyh\u00e1z k\u00f3rusai \u00e9nekeltek, m\u00e9g szebb\u00e9, m\u00e9g \u00e1t\u00e9lhet\u0151bb\u00e9 t\u00e9ve a liturgi\u00e1t.<\/p>\n<p>\u201eEzzel a szentmis\u00e9vel bel\u00e9p\u00fcnk a h\u00fasv\u00e9ti szent h\u00e1romnap titk\u00e1ba, annak a titoknak a legbelsej\u00e9be, hogy J\u00e9zus Krisztus itt van k\u00f6z\u00f6tt\u00fcnk \u2013 az \u0150 Egyh\u00e1z\u00e1ban\u201d \u2013 mondta a szentmise v\u00e9g\u00e9n Lucsok Mikl\u00f3s p\u00fcsp\u00f6k. \u201eEbben a neh\u00e9z, szenved\u00e9ssel teli id\u0151kben, a h\u00e1bor\u00fa idej\u00e9n, mely mindannyiunkat \u00e9rint, nagyon er\u0151sen meg\u00e9lj\u00fck \u00e9s \u00e9rezz\u00fck, mekkora \u00e1ld\u00e1s sz\u00e1munkra J\u00e9zus Krisztus jelenl\u00e9te az \u0150 Egyh\u00e1z\u00e1ban. \u00cdgy akart gondoskodni r\u00f3lunk, akik a f\u00f6ldi \u00e9let \u00fatjait j\u00e1rjuk \u00e9let\u00fcnk c\u00e9lja fel\u00e9: a mennyek orsz\u00e1ga fel\u00e9. Mert a mi \u00e9let\u00fcnk c\u00e9lja a mennyei Aty\u00e1val val\u00f3 \u00e9let.<\/p>\n<p>Ahogy Krisztus v\u00e9gigj\u00e1rta a keresztutat, \u00fagy mi is a saj\u00e1t keresztutunkat j\u00e1rjuk. \u00c9s ahogy Krisztus megkapott minden sz\u00fcks\u00e9ges er\u0151t, \u00fagy mi is megkapjuk mindazt az er\u0151t, amire nek\u00fcnk van sz\u00fcks\u00e9g\u00fcnk. Ezt k\u00fcl\u00f6n\u00f6sen is megtapasztaljuk a szents\u00e9gekben.\u201d<\/p>\n<p><img loading=\"lazy\" decoding=\"async\" class=\"aligncenter size-full wp-image-8733\" src=\"https:\/\/munkacs-diocese.org\/hu\/wp-content\/uploads\/2022\/04\/Olaj6-1.jpg\" alt=\"\" width=\"800\" height=\"533\" srcset=\"https:\/\/munkacs-diocese.org\/hu\/wp-content\/uploads\/2022\/04\/Olaj6-1.jpg 800w, https:\/\/munkacs-diocese.org\/hu\/wp-content\/uploads\/2022\/04\/Olaj6-1-300x200.jpg 300w, https:\/\/munkacs-diocese.org\/hu\/wp-content\/uploads\/2022\/04\/Olaj6-1-768x512.jpg 768w\" sizes=\"(max-width: 800px) 100vw, 800px\" \/><\/p>\n<p>V\u00e9g\u00fcl k\u00f6sz\u00f6netet mondott a papoknak szolg\u00e1latuk\u00e9rt, \u00e1ldozatuk\u00e9rt \u00e9s a h\u00edvekhez val\u00f3 odaadotts\u00e1guk\u00e9rt. Majd a jelenl\u00e9v\u0151k h\u00edvekhez fordult: \u201eK\u00e9rlek titeket, hogy legyetek irgalmasok hozz\u00e1nk. Mi nem vagyunk Krisztus, de m\u00e9g \u0151 sem tetszett mindenkinek. Krisztus azonban rajtunk kereszt\u00fcl gondoskodik r\u00f3latok.\u201d Majd arra k\u00e9rte a h\u00edveket, adjanak h\u00e1l\u00e1t papjaik szolg\u00e1lat\u00e1\u00e9rt \u00e9s im\u00e1dkozzanak \u00e9rt\u00fck.<\/p>\n<p>A szentmise \u00fcnnep\u00e9lyes f\u0151p\u00e1sztori \u00e1ld\u00e1ssal \u00e9s a p\u00e1pai himnusz el\u00e9nekl\u00e9s\u00e9vel \u00e9rt v\u00e9get.<\/p>\n<p>A szentmise visszan\u00e9zhet\u0151 itt:<\/p>\n<p><iframe loading=\"lazy\" width=\"1080\" height=\"608\" src=\"https:\/\/www.youtube.com\/embed\/CnJz2qDQd9c?start=6&#038;feature=oembed\" frameborder=\"0\" allow=\"accelerometer; autoplay; clipboard-write; encrypted-media; gyroscope; picture-in-picture\" allowfullscreen><\/iframe><\/p>\n<p>A Veritas \u00f6ssze\u00e1ll\u00edt\u00e1sa a szentmis\u00e9r\u0151l:<\/p>\n<p><iframe loading=\"lazy\" width=\"1080\" height=\"608\" src=\"https:\/\/www.youtube.com\/embed\/6kA09f10ggA?feature=oembed\" frameborder=\"0\" allow=\"accelerometer; autoplay; clipboard-write; encrypted-media; gyroscope; picture-in-picture\" allowfullscreen><\/iframe><\/p>\n<p>Majnek Antal p\u00fcsp\u00f6k pr\u00e9dik\u00e1ci\u00f3ja:<\/p>\n<p><iframe loading=\"lazy\" width=\"1080\" height=\"608\" src=\"https:\/\/www.youtube.com\/embed\/VNqOd86bcUE?feature=oembed\" frameborder=\"0\" allow=\"accelerometer; autoplay; clipboard-write; encrypted-media; gyroscope; picture-in-picture\" allowfullscreen><\/iframe><\/p>\n<p>A papi \u00edg\u00e9retek meg\u00faj\u00edt\u00e1sa:<\/p>\n<p><iframe loading=\"lazy\" width=\"1080\" height=\"608\" src=\"https:\/\/www.youtube.com\/embed\/txhLfOk7HRI?feature=oembed\" frameborder=\"0\" allow=\"accelerometer; autoplay; clipboard-write; encrypted-media; gyroscope; picture-in-picture\" allowfullscreen><\/iframe><\/p>\n","protected":false},"excerpt":{"rendered":"<p>Ebben az \u00e9vben is nagyszerd\u00e1n, \u00e1prilis 13-\u00e1n tartott\u00e1k a munk\u00e1csi Tours-i Szent M\u00e1rton sz\u00e9kesegyh\u00e1zban az olajszentel\u00e9si szentmis\u00e9t. A szentmise f\u0151celebr\u00e1nsa Lucsok Mikl\u00f3s apostoli adminisztr\u00e1tor volt; vele egy\u00fctt mutatta be a szentmis\u00e9t Majnek Antal nyugalmazott megy\u00e9sp\u00fcsp\u00f6k \u00e9s az egyh\u00e1zmegye papjai. \u201eAz\u00e9rt j\u00f6tt\u00fcnk \u00f6ssze, hogy meg\u00fcnnepelj\u00fck az Egyh\u00e1z aj\u00e1nd\u00e9k\u00e1t, a szents\u00e9gek aj\u00e1nd\u00e9k\u00e1t, a paps\u00e1g aj\u00e1nd\u00e9k\u00e1t. Mi, papok [&hellip;]<\/p>\n","protected":false},"author":1,"featured_media":8714,"comment_status":"open","ping_status":"open","sticky":false,"template":"","format":"standard","meta":{"_acf_changed":false,"_et_pb_use_builder":"","_et_pb_old_content":"","_et_gb_content_width":"","footnotes":""},"categories":[59],"tags":[],"class_list":["post-8712","post","type-post","status-publish","format-standard","has-post-thumbnail","hentry","category-egyhazmegyenk-hirei","et-has-post-format-content","et_post_format-et-post-format-standard"],"acf":[],"_links":{"self":[{"href":"https:\/\/munkacs-diocese.org\/hu\/wp-json\/wp\/v2\/posts\/8712"}],"collection":[{"href":"https:\/\/munkacs-diocese.org\/hu\/wp-json\/wp\/v2\/posts"}],"about":[{"href":"https:\/\/munkacs-diocese.org\/hu\/wp-json\/wp\/v2\/types\/post"}],"author":[{"embeddable":true,"href":"https:\/\/munkacs-diocese.org\/hu\/wp-json\/wp\/v2\/users\/1"}],"replies":[{"embeddable":true,"href":"https:\/\/munkacs-diocese.org\/hu\/wp-json\/wp\/v2\/comments?post=8712"}],"version-history":[{"count":4,"href":"https:\/\/munkacs-diocese.org\/hu\/wp-json\/wp\/v2\/posts\/8712\/revisions"}],"predecessor-version":[{"id":8735,"href":"https:\/\/munkacs-diocese.org\/hu\/wp-json\/wp\/v2\/posts\/8712\/revisions\/8735"}],"wp:featuredmedia":[{"embeddable":true,"href":"https:\/\/munkacs-diocese.org\/hu\/wp-json\/wp\/v2\/media\/8714"}],"wp:attachment":[{"href":"https:\/\/munkacs-diocese.org\/hu\/wp-json\/wp\/v2\/media?parent=8712"}],"wp:term":[{"taxonomy":"category","embeddable":true,"href":"https:\/\/munkacs-diocese.org\/hu\/wp-json\/wp\/v2\/categories?post=8712"},{"taxonomy":"post_tag","embeddable":true,"href":"https:\/\/munkacs-diocese.org\/hu\/wp-json\/wp\/v2\/tags?post=8712"}],"curies":[{"name":"wp","href":"https:\/\/api.w.org\/{rel}","templated":true}]}}