{"id":8647,"date":"2019-04-25T16:42:47","date_gmt":"2019-04-25T14:42:47","guid":{"rendered":"http:\/\/munkacs-diocese.org\/hu\/?p=8647"},"modified":"2022-03-18T16:47:24","modified_gmt":"2022-03-18T15:47:24","slug":"koszonetnyilvanitas-4","status":"publish","type":"post","link":"https:\/\/munkacs-diocese.org\/hu\/2019\/04\/25\/koszonetnyilvanitas-4\/","title":{"rendered":"K\u00f6sz\u00f6netnyilv\u00e1n\u00edt\u00e1s"},"content":{"rendered":"<div id=\"fb-root\"><\/div>\n<p>Ez\u00faton is k\u00f6sz\u00f6nj\u00fck Magyarorsz\u00e1g Korm\u00e1ny\u00e1nak, illetve az Emberi Er\u0151forr\u00e1sok Miniszt\u00e9rium\u00e1nak a 2018. \u00e9vben ny\u00fajtott t\u00e1mogat\u00e1sait, amelynek k\u00f6sz\u00f6nhet\u0151en a Munk\u00e1csi R\u00f3mai Katolikus Egyh\u00e1zmegy\u00e9ben is t\u00f6bb k\u00f6z\u00f6ss\u00e9gi c\u00e9l\u00fa programot, valamint beruh\u00e1z\u00e1st siker\u00fclt megval\u00f3s\u00edtani!<\/p>\n<p>A Nagybocsk\u00f3i R\u00f3mai Katolikus Egyh\u00e1zk\u00f6zs\u00e9g is k\u00f6sz\u00f6net\u00e9t fejezi ki az EGYH-EOR-18-0637 sz. alatti p\u00e1ly\u00e1zaton kapott 5\u00a0000\u00a0000 Ft \u00f6sszeg\u0171 t\u00e1mogat\u00e1s\u00e9rt, amelyb\u0151l el tudta v\u00e9gezni a nagybocsk\u00f3i templom alagsori termeinek fel\u00faj\u00edt\u00e1s\u00e1t. Ez a beruh\u00e1z\u00e1s jelent\u0151sen hozz\u00e1j\u00e1rult a templom\u00e9p\u00fclet \u00e1llapot\u00e1nak emel\u00e9s\u00e9hez. A helyis\u00e9geket az egyh\u00e1zk\u00f6zs\u00e9g tagjai k\u00fcl\u00f6nb\u00f6z\u0151 k\u00f6z\u00f6ss\u00e9gi esem\u00e9nyek alkalm\u00e1val haszn\u00e1lj\u00e1k.<\/p>\n<p>Isten fizessen meg minden j\u00f3tev\u0151nknek!<\/p>\n","protected":false},"excerpt":{"rendered":"<p>Ez\u00faton is k\u00f6sz\u00f6nj\u00fck Magyarorsz\u00e1g Korm\u00e1ny\u00e1nak, illetve az Emberi Er\u0151forr\u00e1sok Miniszt\u00e9rium\u00e1nak a 2018. \u00e9vben ny\u00fajtott t\u00e1mogat\u00e1sait, amelynek k\u00f6sz\u00f6nhet\u0151en a Munk\u00e1csi R\u00f3mai Katolikus Egyh\u00e1zmegy\u00e9ben is t\u00f6bb k\u00f6z\u00f6ss\u00e9gi c\u00e9l\u00fa programot, valamint beruh\u00e1z\u00e1st siker\u00fclt megval\u00f3s\u00edtani! A Nagybocsk\u00f3i R\u00f3mai Katolikus Egyh\u00e1zk\u00f6zs\u00e9g is k\u00f6sz\u00f6net\u00e9t fejezi ki az EGYH-EOR-18-0637 sz. alatti p\u00e1ly\u00e1zaton kapott 5\u00a0000\u00a0000 Ft \u00f6sszeg\u0171 t\u00e1mogat\u00e1s\u00e9rt, amelyb\u0151l el tudta v\u00e9gezni a [&hellip;]<\/p>\n","protected":false},"author":1,"featured_media":8648,"comment_status":"open","ping_status":"open","sticky":false,"template":"","format":"standard","meta":{"_acf_changed":false,"_et_pb_use_builder":"","_et_pb_old_content":"","_et_gb_content_width":"","footnotes":""},"categories":[10],"tags":[],"class_list":["post-8647","post","type-post","status-publish","format-standard","has-post-thumbnail","hentry","category-aktualis-hirek","et-has-post-format-content","et_post_format-et-post-format-standard"],"acf":[],"_links":{"self":[{"href":"https:\/\/munkacs-diocese.org\/hu\/wp-json\/wp\/v2\/posts\/8647"}],"collection":[{"href":"https:\/\/munkacs-diocese.org\/hu\/wp-json\/wp\/v2\/posts"}],"about":[{"href":"https:\/\/munkacs-diocese.org\/hu\/wp-json\/wp\/v2\/types\/post"}],"author":[{"embeddable":true,"href":"https:\/\/munkacs-diocese.org\/hu\/wp-json\/wp\/v2\/users\/1"}],"replies":[{"embeddable":true,"href":"https:\/\/munkacs-diocese.org\/hu\/wp-json\/wp\/v2\/comments?post=8647"}],"version-history":[{"count":1,"href":"https:\/\/munkacs-diocese.org\/hu\/wp-json\/wp\/v2\/posts\/8647\/revisions"}],"predecessor-version":[{"id":8649,"href":"https:\/\/munkacs-diocese.org\/hu\/wp-json\/wp\/v2\/posts\/8647\/revisions\/8649"}],"wp:featuredmedia":[{"embeddable":true,"href":"https:\/\/munkacs-diocese.org\/hu\/wp-json\/wp\/v2\/media\/8648"}],"wp:attachment":[{"href":"https:\/\/munkacs-diocese.org\/hu\/wp-json\/wp\/v2\/media?parent=8647"}],"wp:term":[{"taxonomy":"category","embeddable":true,"href":"https:\/\/munkacs-diocese.org\/hu\/wp-json\/wp\/v2\/categories?post=8647"},{"taxonomy":"post_tag","embeddable":true,"href":"https:\/\/munkacs-diocese.org\/hu\/wp-json\/wp\/v2\/tags?post=8647"}],"curies":[{"name":"wp","href":"https:\/\/api.w.org\/{rel}","templated":true}]}}