{"id":8625,"date":"2022-03-15T21:34:37","date_gmt":"2022-03-15T20:34:37","guid":{"rendered":"http:\/\/munkacs-diocese.org\/hu\/?p=8625"},"modified":"2022-03-15T21:47:25","modified_gmt":"2022-03-15T20:47:25","slug":"marcius-25-en-a-papa-felajanlja-oroszorszagot-es-ukrajnat-szuz-maria-szeplotelen-szivenek","status":"publish","type":"post","link":"https:\/\/munkacs-diocese.org\/hu\/2022\/03\/15\/marcius-25-en-a-papa-felajanlja-oroszorszagot-es-ukrajnat-szuz-maria-szeplotelen-szivenek\/","title":{"rendered":"M\u00c1RCIUS 25-\u00c9N A P\u00c1PA FELAJ\u00c1NLJA OROSZORSZ\u00c1GOT \u00c9S UKRAJN\u00c1T SZ\u0170Z M\u00c1RIA SZEPL\u0150TELEN SZ\u00cdV\u00c9NEK"},"content":{"rendered":"<div id=\"fb-root\"><\/div>\n<p>Ferenc p\u00e1pa a Vatik\u00e1nban, Krajewski b\u00edboros pedig Fatim\u00e1ban v\u00e9gzi a szertart\u00e1st.<\/p>\n<p>\u201eM\u00e1rcius 25-\u00e9n, p\u00e9nteken, a b\u0171nb\u00e1nati szertart\u00e1s k\u00f6zben, melyet Ferenc p\u00e1pa vezet 17 \u00f3rai kezdettel a Szent P\u00e9ter bazilik\u00e1ban, a Szentatya felaj\u00e1nlja Oroszorsz\u00e1got \u00e9s Ukrajn\u00e1t Sz\u0171z M\u00e1ria Szepl\u0151telen Sz\u00edv\u00e9nek. Ugyanezt a cselekm\u00e9nyt v\u00e9gzi ugyanezen a napon Fatim\u00e1ban Konrad Krajewski b\u00edboros p\u00e1pai alamizsn\u00e1s a Szentatya k\u00f6vetek\u00e9nt \u2013 k\u00f6z\u00f6lte Matteo Bruni, a Vatik\u00e1ni Sajt\u00f3iroda igazgat\u00f3ja. (Forr\u00e1s: VaticanNews)<\/p>\n<p>Ukrajna r\u00f3mai katolikus p\u00fcsp\u00f6kei m\u00e1rcius 2-\u00e1n, hamvaz\u00f3szerd\u00e1n lev\u00e9lben fordultak Ferenc p\u00e1p\u00e1hoz, melyben arra k\u00e9rt\u00e9k, hogy nyilv\u00e1nosan aj\u00e1nlja fel Ukrajn\u00e1t \u00e9s Oroszorsz\u00e1got Sz\u0171z M\u00e1ria Szepl\u0151telen Sz\u00edv\u00e9nek, \u00fagy, ahogy azt a Sz\u0171zanya Fatim\u00e1ban k\u00e9rte.<\/p>\n","protected":false},"excerpt":{"rendered":"<p>Ferenc p\u00e1pa a Vatik\u00e1nban, Krajewski b\u00edboros pedig Fatim\u00e1ban v\u00e9gzi a szertart\u00e1st. \u201eM\u00e1rcius 25-\u00e9n, p\u00e9nteken, a b\u0171nb\u00e1nati szertart\u00e1s k\u00f6zben, melyet Ferenc p\u00e1pa vezet 17 \u00f3rai kezdettel a Szent P\u00e9ter bazilik\u00e1ban, a Szentatya felaj\u00e1nlja Oroszorsz\u00e1got \u00e9s Ukrajn\u00e1t Sz\u0171z M\u00e1ria Szepl\u0151telen Sz\u00edv\u00e9nek. Ugyanezt a cselekm\u00e9nyt v\u00e9gzi ugyanezen a napon Fatim\u00e1ban Konrad Krajewski b\u00edboros p\u00e1pai alamizsn\u00e1s a Szentatya k\u00f6vetek\u00e9nt [&hellip;]<\/p>\n","protected":false},"author":2,"featured_media":8628,"comment_status":"open","ping_status":"open","sticky":false,"template":"","format":"standard","meta":{"_acf_changed":false,"_et_pb_use_builder":"","_et_pb_old_content":"","_et_gb_content_width":"","footnotes":""},"categories":[10,60],"tags":[],"class_list":["post-8625","post","type-post","status-publish","format-standard","has-post-thumbnail","hentry","category-aktualis-hirek","category-egyeb-egyhazi-hirek","et-has-post-format-content","et_post_format-et-post-format-standard"],"acf":[],"_links":{"self":[{"href":"https:\/\/munkacs-diocese.org\/hu\/wp-json\/wp\/v2\/posts\/8625"}],"collection":[{"href":"https:\/\/munkacs-diocese.org\/hu\/wp-json\/wp\/v2\/posts"}],"about":[{"href":"https:\/\/munkacs-diocese.org\/hu\/wp-json\/wp\/v2\/types\/post"}],"author":[{"embeddable":true,"href":"https:\/\/munkacs-diocese.org\/hu\/wp-json\/wp\/v2\/users\/2"}],"replies":[{"embeddable":true,"href":"https:\/\/munkacs-diocese.org\/hu\/wp-json\/wp\/v2\/comments?post=8625"}],"version-history":[{"count":4,"href":"https:\/\/munkacs-diocese.org\/hu\/wp-json\/wp\/v2\/posts\/8625\/revisions"}],"predecessor-version":[{"id":8631,"href":"https:\/\/munkacs-diocese.org\/hu\/wp-json\/wp\/v2\/posts\/8625\/revisions\/8631"}],"wp:featuredmedia":[{"embeddable":true,"href":"https:\/\/munkacs-diocese.org\/hu\/wp-json\/wp\/v2\/media\/8628"}],"wp:attachment":[{"href":"https:\/\/munkacs-diocese.org\/hu\/wp-json\/wp\/v2\/media?parent=8625"}],"wp:term":[{"taxonomy":"category","embeddable":true,"href":"https:\/\/munkacs-diocese.org\/hu\/wp-json\/wp\/v2\/categories?post=8625"},{"taxonomy":"post_tag","embeddable":true,"href":"https:\/\/munkacs-diocese.org\/hu\/wp-json\/wp\/v2\/tags?post=8625"}],"curies":[{"name":"wp","href":"https:\/\/api.w.org\/{rel}","templated":true}]}}