{"id":847,"date":"2013-02-11T12:39:36","date_gmt":"2013-02-11T10:39:36","guid":{"rendered":"http:\/\/munkacs-diocese.org\/hu\/2013\/02\/11\/xvi-benedek-papa-lemond-peteri-szolgalatarol\/"},"modified":"2013-02-11T12:39:36","modified_gmt":"2013-02-11T10:39:36","slug":"xvi-benedek-papa-lemond-peteri-szolgalatarol","status":"publish","type":"post","link":"https:\/\/munkacs-diocese.org\/hu\/2013\/02\/11\/xvi-benedek-papa-lemond-peteri-szolgalatarol\/","title":{"rendered":"XVI. Benedek p\u00e1pa lemond p\u00e9teri szolg\u00e1lat\u00e1r\u00f3l"},"content":{"rendered":"<div id=\"fb-root\"><\/div>\n<div class=\"field field-type-text field-field-lead\">\n<div class=\"field-items\">\n<div class=\"field-item odd\">\n<p style=\"text-align: center;\"><strong>A Szentatya febru\u00e1r 11-\u00e9n bejelentette, hogy lemond p\u00e9teri szolg\u00e1lat\u00e1r\u00f3l.<\/strong><\/p>\n<\/p><\/div>\n<\/p><\/div>\n<\/p><\/div>\n<p><img loading=\"lazy\" decoding=\"async\" class=\" alignleft size-full wp-image-846\" style=\"margin: 3px 7px; float: left;\" src=\"https:\/\/munkacs-diocese.org\/hu\/wp-content\/uploads\/2013\/02\/papa-376_0.jpg\" height=\"117\" width=\"180\" \/>XVI. Benedek p\u00e1pa febru\u00e1r 11-\u00e9n, d\u00e9lel\u0151tt 11 \u00f3rakor, h\u00e1rom szentt\u00e9avat\u00e1si \u00fcgyben \u00f6sszeh\u00edvott konziszt\u00f3rium sor\u00e1n tette k\u00f6zz\u00e9 a h\u00edrt. <!--more--> <\/p>\n<p>\u201eKedves Testv\u00e9rek!<\/p>\n<p>Nemcsak a h\u00e1rom szentt\u00e9avat\u00e1s miatt h\u00edvtalak \u00f6ssze benneteket erre a konziszt\u00f3riumra, hanem az\u00e9rt is, hogy k\u00f6z\u00f6ljem veletek d\u00f6nt\u00e9semet, amely nagy jelent\u0151s\u00e9g\u0171 az Egyh\u00e1z \u00e9lete sz\u00e1m\u00e1ra. Miut\u00e1n ism\u00e9telten megvizsg\u00e1ltam lelkiismeretemet Isten el\u0151tt, eljutottam arra a bizonyoss\u00e1gra, hogy er\u0151nl\u00e9tem el\u0151rehaladott korom miatt m\u00e1r nem alkalmas arra, hogy megfelel\u0151 m\u00f3don gyakoroljam a p\u00e9teri szolg\u00e1latot.<\/p>\n<p>Nagyon j\u00f3l tudom, hogy ezt a feladatot, spiritu\u00e1lis l\u00e9nyege miatt, nem puszt\u00e1n tettekkel \u00e9s szavakkal, hanem szenved\u00e9ssel \u00e9s im\u00e1val is teljes\u00edteni kell. Azonban a mai vil\u00e1gban, amely gyors v\u00e1ltoz\u00e1soknak van kit\u00e9ve, \u00e9s a hit\u00e9let szempontj\u00e1b\u00f3l nagy jelent\u0151s\u00e9g\u0171 k\u00e9rd\u00e9sek r\u00e1zz\u00e1k meg, Szent P\u00e9ter haj\u00f3j\u00e1nak korm\u00e1nyz\u00e1s\u00e1hoz \u00e9s az evang\u00e9lium hirdet\u00e9s\u00e9hez sz\u00fcks\u00e9g van mind a test, mind a l\u00e9lek erej\u00e9re. Ez az er\u0151 az ut\u00f3bbi h\u00f3napokban olyan m\u00e9rt\u00e9kben cs\u00f6kkent bennem, hogy el kell ismernem: k\u00e9ptelen vagyok j\u00f3l megfelelni a r\u00e1m b\u00edzott szolg\u00e1latnak.<\/p>\n<p>Ez\u00e9rt, tudat\u00e1ban e tett s\u00falyoss\u00e1g\u00e1nak, teljes szabads\u00e1ggal kinyilatkoztatom, hogy lemondok szolg\u00e1latomr\u00f3l mint R\u00f3ma P\u00fcsp\u00f6ke, mint Szent P\u00e9ter ut\u00f3da, amelyre 2005. \u00e1prilis 19-\u00e9n a b\u00edborosok r\u00e9v\u00e9n kaptam megb\u00edzat\u00e1st. 2013. febru\u00e1r 28-\u00e1n este 8 \u00f3r\u00e1t\u00f3l a r\u00f3mai sz\u00e9k, Szent P\u00e9ter sz\u00e9ke \u00fcresnek nyilv\u00e1n\u00edtand\u00f3. Az illet\u00e9keseknek konkl\u00e1v\u00e9t kell \u00f6sszeh\u00edvniuk az \u00faj p\u00e1pa megv\u00e1laszt\u00e1s\u00e1ra.<\/p>\n<p>Kedves Testv\u00e9rek! Teljes sz\u00edvemb\u0151l k\u00f6sz\u00f6netet mondok nektek az\u00e9rt a szeretet\u00e9rt \u00e9s munk\u00e1\u00e9rt, amellyel velem egy\u00fctt hordozt\u00e1tok szolg\u00e1latom s\u00faly\u00e1t, \u00e9s bocs\u00e1natot k\u00e9rek minden hib\u00e1m\u00e9rt. Most aj\u00e1nljuk az Anyaszentegyh\u00e1zat Legf\u0151bb P\u00e1sztora, a mi Urunk, J\u00e9zus Krisztus gondjaiba. Foh\u00e1szkodjunk Szent Anyj\u00e1hoz, M\u00e1ri\u00e1hoz, hogy anyai j\u00f3s\u00e1g\u00e1val seg\u00edtse a b\u00edboros aty\u00e1kat az \u00faj p\u00e1pa megv\u00e1laszt\u00e1s\u00e1ban. Ami engem illet, a j\u00f6v\u0151ben is teljes sz\u00edvvel k\u00edv\u00e1nom szolg\u00e1lni Isten Szent Egyh\u00e1z\u00e1t im\u00e1nak szentelt \u00e9letemmel\u201d.<\/p>\n<p style=\"text-align: right;\"><span style=\"font-size: 8pt;\"><em>Magyar Kur\u00edr<\/em><\/span><\/p>\n","protected":false},"excerpt":{"rendered":"<p>A Szentatya febru\u00e1r 11-\u00e9n bejelentette, hogy lemond p\u00e9teri szolg\u00e1lat\u00e1r\u00f3l. XVI. Benedek p\u00e1pa febru\u00e1r 11-\u00e9n, d\u00e9lel\u0151tt 11 \u00f3rakor, h\u00e1rom szentt\u00e9avat\u00e1si \u00fcgyben \u00f6sszeh\u00edvott konziszt\u00f3rium sor\u00e1n tette k\u00f6zz\u00e9 a h\u00edrt.<\/p>\n","protected":false},"author":1,"featured_media":846,"comment_status":"open","ping_status":"open","sticky":false,"template":"","format":"standard","meta":{"_acf_changed":false,"_et_pb_use_builder":"","_et_pb_old_content":"","_et_gb_content_width":"","footnotes":""},"categories":[10],"tags":[],"class_list":["post-847","post","type-post","status-publish","format-standard","has-post-thumbnail","hentry","category-aktualis-hirek","et-has-post-format-content","et_post_format-et-post-format-standard"],"acf":[],"_links":{"self":[{"href":"https:\/\/munkacs-diocese.org\/hu\/wp-json\/wp\/v2\/posts\/847"}],"collection":[{"href":"https:\/\/munkacs-diocese.org\/hu\/wp-json\/wp\/v2\/posts"}],"about":[{"href":"https:\/\/munkacs-diocese.org\/hu\/wp-json\/wp\/v2\/types\/post"}],"author":[{"embeddable":true,"href":"https:\/\/munkacs-diocese.org\/hu\/wp-json\/wp\/v2\/users\/1"}],"replies":[{"embeddable":true,"href":"https:\/\/munkacs-diocese.org\/hu\/wp-json\/wp\/v2\/comments?post=847"}],"version-history":[{"count":0,"href":"https:\/\/munkacs-diocese.org\/hu\/wp-json\/wp\/v2\/posts\/847\/revisions"}],"wp:featuredmedia":[{"embeddable":true,"href":"https:\/\/munkacs-diocese.org\/hu\/wp-json\/wp\/v2\/media\/846"}],"wp:attachment":[{"href":"https:\/\/munkacs-diocese.org\/hu\/wp-json\/wp\/v2\/media?parent=847"}],"wp:term":[{"taxonomy":"category","embeddable":true,"href":"https:\/\/munkacs-diocese.org\/hu\/wp-json\/wp\/v2\/categories?post=847"},{"taxonomy":"post_tag","embeddable":true,"href":"https:\/\/munkacs-diocese.org\/hu\/wp-json\/wp\/v2\/tags?post=847"}],"curies":[{"name":"wp","href":"https:\/\/api.w.org\/{rel}","templated":true}]}}