{"id":8097,"date":"2021-04-04T11:00:58","date_gmt":"2021-04-04T09:00:58","guid":{"rendered":"http:\/\/munkacs-diocese.org\/hu\/?p=8097"},"modified":"2021-04-06T15:50:26","modified_gmt":"2021-04-06T13:50:26","slug":"urom-utan-orom","status":"publish","type":"post","link":"https:\/\/munkacs-diocese.org\/hu\/2021\/04\/04\/urom-utan-orom\/","title":{"rendered":"\u00dcr\u00f6m ut\u00e1n \u00f6r\u00f6m"},"content":{"rendered":"<div id=\"fb-root\"><\/div>\n<p>Nagyb\u00f6jt ut\u00e1n nagy \u00fcnnepl\u00e9s k\u00f6vetkezik. Persze m\u00e9rt\u00e9kkel, mert k\u00fcl\u00f6nben j\u00f6het a k\u00e9nyszerb\u00f6jt. Mi kereszt\u00e9nyek szabadon \u00e9s \u00f6nk\u00e9nt, sz\u00edvesen v\u00e1llaljuk az \u00f6nmegtagad\u00e1st, az irgalmass\u00e1g testi \u00e9s lelki cselekedeteinek gyakorl\u00e1s\u00e1t, mert tudjuk, hogy mi\u00e9rt, \u00e9s k\u00fcl\u00f6n\u00f6sen hogy Ki\u00e9rt tessz\u00fck. Ez els\u0151sorban J\u00e9zusra vonatkozik, aki miattunk, \u00e9rt\u00fcnk szenvedett hal\u00e1lt, de harmadnapra felt\u00e1madt \u00e9rt\u00fcnk, hogy mi is, akik m\u00e9g szeg\u00e9nyek vagyunk, megkaphassuk a mennyek orsz\u00e1g\u00e1t; akik m\u00e9g s\u00edrunk, vigasztal\u00e1st nyerj\u00fcnk; akik az igazs\u00e1gra szomjazunk \u00e9s hi\u00e1ny\u00e1t\u00f3l szenved\u00fcnk, kiel\u00e9g\u00edt\u00e9st nyerj\u00fcnk. Mindezeket \u2013 J\u00e9zus nyolc boldogmond\u00e1s\u00e1nak els\u0151 fel\u00e9t \u2013 \u00e9lj\u00fck m\u00e9g ezen a f\u00f6ld\u00f6n; most a glob\u00e1lis pand\u00e9mia miatt nincs is olyan t\u00e1vol t\u0151l\u00fcnk a k\u00f6z\u00e9pkor vil\u00e1gn\u00e9zete, hogy a siralomv\u00f6lgyben v\u00e1gyunk a mennyei \u00f6r\u00f6m\u00f6kre. J\u00e9zus nemcsak hal\u00e1lunk ut\u00e1nra \u00edg\u00e9ri ezeket, hanem addig is ad bel\u0151l\u00fck b\u0151ven el\u0151leget a Benne h\u00edv\u0151 lelkeknek.<\/p>\n<p>Ennek a nyolc boldogs\u00e1gnak h\u00fasv\u00e9ti \u00f6r\u00f6mh\u00edr\u00e9t hozta el nek\u00fcnk J\u00e9zus, \u00e9s az\u00f3ta is ezt tan\u00edtj\u00e1k az apostolokt\u00f3l kezdve a mai b\u00e1tor m\u00e1rt\u00edrokig mindazok, akik mertek \u00e9s ma is mernek elindulni a hit \u00fatj\u00e1n, \u00e9s k\u00f6zben megtapasztalj\u00e1k, hogy J\u00e9zus val\u00f3ban felt\u00e1madt! Ezt bizony\u00edtja h\u00fasv\u00e9t reggel\u00e9n M\u00e1ria Magdolna, majd az apostolok, k\u00fcl\u00f6n\u00f6sen pedig az emmauszi tan\u00edtv\u00e1nyok, hogy mindaz, aki elhiszi, hogy a Mennyei Atya \u00fagy szereti \u0151t, hogy egysz\u00fcl\u00f6tt Fi\u00e1t adta \u00e9rte, azok \u2013 ak\u00e1rmilyen lelki lepr\u00e1sok legyenek is \u2013, ha a hit \u00fatj\u00e1n j\u00e1rnak, ma is megtapasztalhatj\u00e1k a megtisztul\u00e1st, a gy\u00f3gyul\u00e1st \u00e9s a szabadul\u00e1st. Megv\u00e1lt\u00f3 J\u00e9zusunk h\u00fasv\u00e9ti aj\u00e1nd\u00e9ka teh\u00e1t ez a hit, amely a szeretet lelk\u00fclet\u00e9ben tev\u00e9kenny\u00e9 v\u00e1lik (v\u00f6. Gal 5,6). Mivel a felt\u00e1madt J\u00e9zus a mennybe ment, az apostolokra b\u00edzta az evang\u00e9lium tov\u00e1bbad\u00e1s\u00e1t; tan\u00edt\u00e1sa hozz\u00e1nk is eljutott \u2013 Istennek h\u00e1la, s k\u00f6sz\u00f6net \u00e9rte sz\u00fcleinknek, nagysz\u00fcleinknek, a hitoktat\u00f3knak, papoknak, minden b\u00e1tor tan\u00fas\u00e1gtev\u0151nek.<\/p>\n<p>Ter\u00e9z anya nagyon okosan azt tan\u00edtotta, hogy Istennek nincs keze: a mi kez\u00fcnkkel akarja tenni a j\u00f3t. Istennek nincs l\u00e1ba: a mi l\u00e1bunkkal akar elindulni a szeg\u00e9nyek, betegek, s\u00edr\u00f3k fel\u00e9. \u00c9s folytathatn\u00e1nk a sort. Ha mi \u00e1tadjuk, felaj\u00e1nljuk test\u00fcnket-lelk\u00fcnket Isten szolg\u00e1lat\u00e1ra, akkor \u0150 gyermekeiv\u00e9 fogad minket \u00e9s \u00edgy ad nek\u00fcnk k\u00e9pess\u00e9get a Szentl\u00e9lek \u00e1ltal, hogy ezut\u00e1n m\u00e1r ne a mi \u00f6nz\u0151, b\u0171n\u00f6s \u00fatjainkon j\u00e1rjunk, hanem az \u0150 sz\u00e9p terve, az \u0150 sz\u00edve szerint. \u00cdgy majd Szent P\u00e1llal mondhatjuk mi is: \u201e\u00c9lek, de m\u00e1r nem \u00e9n, hanem Krisztus \u00e9l bennem\u201d (Gal 2,20), \u00e9s akkor a megt\u00e9rt ember nemcsak k\u00f6veti Krisztust (imitatio Christi), hanem bizony\u00edtja, hogy \u0150 val\u00f3ban felt\u00e1madt!<\/p>\n<p>A felt\u00e1mad\u00e1s ereje sug\u00e1rzik azokb\u00f3l a k\u00f6z\u00f6ss\u00e9gekb\u0151l is, amelyekben \u2013 ak\u00e1r csak ketten vagy h\u00e1rman \u2013 az \u0150 nev\u00e9ben j\u00f6nnek \u00f6ssze, s ahol \u00edg\u00e9rete szerint \u0150 ott van k\u00f6z\u00f6tt\u00fck; s ezek azt\u00e1n vonzz\u00e1k az Istenre, szeretetre \u00e9hes embereket, \u00fagy, mint mikor J\u00e9zus apostolaival j\u00e1rva odavonzotta az \u00f6sszes beteget, megsz\u00e1llottat, \u00e9s akik hittel fordultak Fel\u00e9, mind megtapasztalt\u00e1k, hogy \u0150 az Isten Fia.<\/p>\n<p>Egyh\u00e1zmegy\u00e9m minden h\u00edv\u00e9nek kegyelemteljes, \u00e1ldott h\u00fasv\u00e9ti \u00fcnnepeket k\u00edv\u00e1nok! Tal\u00e1lkozzon a vil\u00e1g a mi \u00e9let\u00fcnkben \u00e9s k\u00f6z\u00f6ss\u00e9geink tan\u00fas\u00e1gtev\u0151 \u00e9let\u00e9ben is a felt\u00e1madt, \u00e9l\u0151 \u00e9s \u00e9ltet\u0151 Krisztussal!<\/p>\n<p style=\"text-align: right;\"><strong>Majnek Jen\u0151 Antal<\/strong><br \/>\nmegy\u00e9sp\u00fcsp\u00f6k<\/p>\n<p><iframe loading=\"lazy\" width=\"1080\" height=\"608\" src=\"https:\/\/www.youtube.com\/embed\/a5MJAMgPRf8?feature=oembed\" frameborder=\"0\" allow=\"accelerometer; autoplay; clipboard-write; encrypted-media; gyroscope; picture-in-picture\" allowfullscreen><\/iframe><\/p>\n","protected":false},"excerpt":{"rendered":"<p>Nagyb\u00f6jt ut\u00e1n nagy \u00fcnnepl\u00e9s k\u00f6vetkezik. Persze m\u00e9rt\u00e9kkel, mert k\u00fcl\u00f6nben j\u00f6het a k\u00e9nyszerb\u00f6jt. Mi kereszt\u00e9nyek szabadon \u00e9s \u00f6nk\u00e9nt, sz\u00edvesen v\u00e1llaljuk az \u00f6nmegtagad\u00e1st, az irgalmass\u00e1g testi \u00e9s lelki cselekedeteinek gyakorl\u00e1s\u00e1t, mert tudjuk, hogy mi\u00e9rt, \u00e9s k\u00fcl\u00f6n\u00f6sen hogy Ki\u00e9rt tessz\u00fck. Ez els\u0151sorban J\u00e9zusra vonatkozik, aki miattunk, \u00e9rt\u00fcnk szenvedett hal\u00e1lt, de harmadnapra felt\u00e1madt \u00e9rt\u00fcnk, hogy mi is, akik m\u00e9g [&hellip;]<\/p>\n","protected":false},"author":1,"featured_media":8098,"comment_status":"open","ping_status":"open","sticky":false,"template":"","format":"standard","meta":{"_acf_changed":false,"_et_pb_use_builder":"","_et_pb_old_content":"","_et_gb_content_width":"","footnotes":""},"categories":[59],"tags":[],"class_list":["post-8097","post","type-post","status-publish","format-standard","has-post-thumbnail","hentry","category-egyhazmegyenk-hirei","et-has-post-format-content","et_post_format-et-post-format-standard"],"acf":[],"_links":{"self":[{"href":"https:\/\/munkacs-diocese.org\/hu\/wp-json\/wp\/v2\/posts\/8097"}],"collection":[{"href":"https:\/\/munkacs-diocese.org\/hu\/wp-json\/wp\/v2\/posts"}],"about":[{"href":"https:\/\/munkacs-diocese.org\/hu\/wp-json\/wp\/v2\/types\/post"}],"author":[{"embeddable":true,"href":"https:\/\/munkacs-diocese.org\/hu\/wp-json\/wp\/v2\/users\/1"}],"replies":[{"embeddable":true,"href":"https:\/\/munkacs-diocese.org\/hu\/wp-json\/wp\/v2\/comments?post=8097"}],"version-history":[{"count":2,"href":"https:\/\/munkacs-diocese.org\/hu\/wp-json\/wp\/v2\/posts\/8097\/revisions"}],"predecessor-version":[{"id":8101,"href":"https:\/\/munkacs-diocese.org\/hu\/wp-json\/wp\/v2\/posts\/8097\/revisions\/8101"}],"wp:featuredmedia":[{"embeddable":true,"href":"https:\/\/munkacs-diocese.org\/hu\/wp-json\/wp\/v2\/media\/8098"}],"wp:attachment":[{"href":"https:\/\/munkacs-diocese.org\/hu\/wp-json\/wp\/v2\/media?parent=8097"}],"wp:term":[{"taxonomy":"category","embeddable":true,"href":"https:\/\/munkacs-diocese.org\/hu\/wp-json\/wp\/v2\/categories?post=8097"},{"taxonomy":"post_tag","embeddable":true,"href":"https:\/\/munkacs-diocese.org\/hu\/wp-json\/wp\/v2\/tags?post=8097"}],"curies":[{"name":"wp","href":"https:\/\/api.w.org\/{rel}","templated":true}]}}