{"id":7937,"date":"2021-01-05T15:17:04","date_gmt":"2021-01-05T14:17:04","guid":{"rendered":"http:\/\/munkacs-diocese.org\/hu\/?p=7937"},"modified":"2021-01-14T11:28:27","modified_gmt":"2021-01-14T10:28:27","slug":"koszonetnyilvanitas-2020","status":"publish","type":"post","link":"https:\/\/munkacs-diocese.org\/hu\/2021\/01\/05\/koszonetnyilvanitas-2020\/","title":{"rendered":"K\u00d6SZ\u00d6NETNYILV\u00c1N\u00cdT\u00c1S"},"content":{"rendered":"<div id=\"fb-root\"><\/div>\n<p>A Munk\u00e1csi R\u00f3mai Katolikus Egyh\u00e1zmegy\u00e9ben a magyarorsz\u00e1gi Bethlen G\u00e1bor Alapkezel\u0151 Zrt.-nek k\u00f6sz\u00f6nhet\u0151en a 2020-as \u00e9vben is t\u00f6bb egyh\u00e1zk\u00f6zs\u00e9g \u00e9s karit\u00e1sz szervezet r\u00e9szes\u00fclt t\u00e1mogat\u00e1sban. Mindannyiuk nev\u00e9ben h\u00e1l\u00e1s sz\u00edvvel k\u00f6sz\u00f6nj\u00fck az egyh\u00e1zk\u00f6zs\u00e9gek \u00e9s karit\u00e1szok k\u00f6z\u00f6ss\u00e9gi \u00e9s szoci\u00e1lis programjaihoz \u00e9s beruh\u00e1z\u00e1saihoz ny\u00fajtott t\u00e1mogat\u00e1sokat, melynek k\u00f6sz\u00f6nhet\u0151en \u2013 a koronav\u00edrus j\u00e1rv\u00e1ny okozta neh\u00e9zs\u00e9gek \u00e9s korl\u00e1toz\u00e1sok ellen\u00e9re is &#8211; fontos karitat\u00edv programok, fejleszt\u00e9sek val\u00f3sulhattak meg, illetve k\u00f6z\u00f6ss\u00e9g\u00e9p\u00edt\u0151 \u00e9s er\u0151s\u00edt\u0151 programokra ker\u00fclhetett sor!<\/p>\n<p><em>Az al\u00e1bbi egyh\u00e1zk\u00f6zs\u00e9gek \u00e9s karit\u00e1szok k\u00f6sz\u00f6net\u00e9t tolm\u00e1csoljuk:<\/em><\/p>\n<p>T\u00e1mogatott szervezet: Aknaszlatinai Szent Csal\u00e1d Karit\u00e1sz J\u00f3t\u00e9konys\u00e1gi Alap\u00edtv\u00e1ny<br \/>\nT\u00e1mogat\u00e1s c\u00e9lja: Az Aknaszlatinai Szent Csal\u00e1d Karit\u00e1sz 2020. \u00e9vi szoci\u00e1lis programjai<\/p>\n<p>T\u00e1mogatott szervezet: T\u00e9gl\u00e1si R\u00f3mai Katolikus Egyh\u00e1zk\u00f6zs\u00e9g<br \/>\nT\u00e1mogat\u00e1s c\u00e9lja: Templommal kapcsolatos beruh\u00e1z\u00e1sok \u00e9s szoci\u00e1lis programok a t\u00e9gl\u00e1si r\u00f3mai katolikus egyh\u00e1zk\u00f6zs\u00e9gben<\/p>\n<p>T\u00e1mogatott szervezet: Ungv\u00e1ri R\u00f3mai Katolikus Szent Gy\u00f6rgy Egyh\u00e1zk\u00f6zs\u00e9g<br \/>\nT\u00e1mogat\u00e1s c\u00e9lja: Hit\u00e9leti programok az ungv\u00e1ri r\u00f3mai katolikus Szent Gy\u00f6rgy egyh\u00e1zk\u00f6zs\u00e9gben<\/p>\n<p>T\u00e1mogatott szervezet: Sisl\u00f3ci Sz\u0171z M\u00e1ria Szepl\u0151telen Sz\u00edve R\u00f3mai Katolikus Egyh\u00e1zk\u00f6zs\u00e9g<br \/>\nT\u00e1mogat\u00e1s c\u00e9lja: K\u00f6z\u00f6ss\u00e9gi terek fejleszt\u00e9s\u00e9vel kapcsolatos beruh\u00e1z\u00e1sok a sisl\u00f3ci r\u00f3mai katolikus egyh\u00e1zk\u00f6zs\u00e9gben<\/p>\n<p>T\u00e1mogatott szervezet: Szeretet \u00e9s Kegyelem &#8211; Szt. Istv\u00e1n Karit\u00e1sz J\u00f3t\u00e9konys\u00e1gi Alap\u00edtv\u00e1ny<br \/>\nT\u00e1mogat\u00e1s c\u00e9lja: A T\u00e9cs\u0151i Szent Istv\u00e1n Karit\u00e1sz 2020. \u00e9vi szoci\u00e1lis programjai<\/p>\n<p>T\u00e1mogatott szervezet: R\u00e1ti R\u00f3mai Katolikus Egyh\u00e1zk\u00f6zs\u00e9g<br \/>\nT\u00e1mogat\u00e1s c\u00e9lja: Hit\u00e9leti, oktat\u00e1si programok \u00e9s templom\u00e9p\u00fclettel kapcsolatos beruh\u00e1z\u00e1sok a r\u00e1ti r\u00f3mai katolikus egyh\u00e1zk\u00f6zs\u00e9gben<\/p>\n<p>T\u00e1mogatott szervezet: A R\u00f3mai Katolikus Egyh\u00e1z Munk\u00e1csi Egyh\u00e1zmegy\u00e9j\u00e9nek Kisszelmenci Szenth\u00e1roms\u00e1g Egyh\u00e1zk\u00f6zs\u00e9ge<br \/>\nT\u00e1mogat\u00e1s c\u00e9lja: Templom k\u00f6r\u00fcli udvarrendez\u00e9s j\u00e1rdak\u00f6vek telep\u00edt\u00e9s\u00e9vel<\/p>\n<p>T\u00e1mogatott szervezet: Szent Gy\u00f6rgy Caritas J\u00f3t\u00e9konys\u00e1gi Alap\u00edtv\u00e1ny<br \/>\nT\u00e1mogat\u00e1s c\u00e9lja: Az ungv\u00e1ri Szent Gy\u00f6rgy Caritas szoci\u00e1lis programjai<\/p>\n<p>T\u00e1mogatott szervezet: A Munk\u00e1csi R\u00f3mai Katolikus Egyh\u00e1zmegye Sz\u00fcrtei Szent Kereszt Felmagasztal\u00e1sa Egyh\u00e1zk\u00f6zs\u00e9ge<br \/>\nT\u00e1mogat\u00e1s c\u00e9lja: K\u00f6z\u00f6ss\u00e9gi H\u00e1z befejez\u00e9s\u00e9re ir\u00e1nyul\u00f3 beruh\u00e1z\u00e1s a sz\u00fcrtei r\u00f3mai katolikus egyh\u00e1zk\u00f6zs\u00e9gben<\/p>\n<p>T\u00e1mogatott szervezet: R\u00f3mai Katolikus Egyh\u00e1z Egyh\u00e1zk\u00f6zs\u00e9ge K\u0151r\u00f6smez\u0151<br \/>\nT\u00e1mogat\u00e1s c\u00e9lja: Hit\u00e9leti, szoci\u00e1lis, oktat\u00e1si programok a k\u0151r\u00f6smez\u0151i r\u00f3mai katolikus egyh\u00e1zk\u00f6zs\u00e9gben<\/p>\n<p>T\u00e1mogatott szervezet: Rah\u00f3i J\u00e1r\u00e1si Nepomuki Szent J\u00e1nos Karit\u00e1sz J\u00f3t\u00e9konys\u00e1gi Alap\u00edtv\u00e1ny<br \/>\nT\u00e1mogat\u00e1s c\u00e9lja: A Rah\u00f3i J\u00e1r\u00e1si Nepomuki Szent J\u00e1nos Karit\u00e1sz 2020. \u00e9vi szoci\u00e1lis programjai<\/p>\n<p>T\u00e1mogatott szervezet: A R\u00f3mai Katolikus Egyh\u00e1z Munk\u00e1csi Egyh\u00e1zmegy\u00e9j\u00e9nek G\u00e1locsi R\u00f3zsaf\u00fcz\u00e9r Kir\u00e1lyn\u00e9ja Egyh\u00e1zk\u00f6zs\u00e9ge<br \/>\nT\u00e1mogat\u00e1s c\u00e9lja: A g\u00e1locsi, konch\u00e1zi \u00e9s homoki roma t\u00e1borokban \u00e9l\u0151 gyerekek \u00e9tkeztet\u00e9si programja<\/p>\n<p>T\u00e1mogatott szervezet: Munk\u00e1cs-V\u00e1rpal\u00e1nkai J\u00e9zus Sz\u00edve R\u00f3mai Katolikus Egyh\u00e1zk\u00f6zs\u00e9g<br \/>\nT\u00e1mogat\u00e1s c\u00e9lja: A templom ablakainak a cser\u00e9je<\/p>\n<p>T\u00e1mogatott szervezet: Munk\u00e1csi R\u00f3mai Katolikus Egyh\u00e1zmegye Nagysz\u0151l\u0151si Egyh\u00e1zk\u00f6zs\u00e9g<br \/>\nT\u00e1mogat\u00e1s c\u00e9lja: K\u00f6z\u00f6ss\u00e9gi \u00e9let a mise ut\u00e1n<\/p>\n<p>T\u00e1mogatott szervezet: Munk\u00e1csi R\u00f3mai Katolikus Egyh\u00e1zmegye<br \/>\nT\u00e1mogat\u00e1s c\u00e9lja: A Munk\u00e1csi R\u00f3mai Katolikus Egyh\u00e1zmegye hit\u00e9leti programjainak, m\u00e9dia kiadv\u00e1nyainak \u00e9s int\u00e9zm\u00e9nyi m\u0171k\u00f6d\u00e9s\u00e9nek t\u00e1mogat\u00e1sa<\/p>\n","protected":false},"excerpt":{"rendered":"<p>A Munk\u00e1csi R\u00f3mai Katolikus Egyh\u00e1zmegy\u00e9ben a magyarorsz\u00e1gi Bethlen G\u00e1bor Alapkezel\u0151 Zrt.-nek k\u00f6sz\u00f6nhet\u0151en a 2020-as \u00e9vben is t\u00f6bb egyh\u00e1zk\u00f6zs\u00e9g \u00e9s karit\u00e1sz szervezet r\u00e9szes\u00fclt t\u00e1mogat\u00e1sban. Mindannyiuk nev\u00e9ben h\u00e1l\u00e1s sz\u00edvvel k\u00f6sz\u00f6nj\u00fck az egyh\u00e1zk\u00f6zs\u00e9gek \u00e9s karit\u00e1szok k\u00f6z\u00f6ss\u00e9gi \u00e9s szoci\u00e1lis programjaihoz \u00e9s beruh\u00e1z\u00e1saihoz ny\u00fajtott t\u00e1mogat\u00e1sokat, melynek k\u00f6sz\u00f6nhet\u0151en \u2013 a koronav\u00edrus j\u00e1rv\u00e1ny okozta neh\u00e9zs\u00e9gek \u00e9s korl\u00e1toz\u00e1sok ellen\u00e9re is &#8211; fontos karitat\u00edv [&hellip;]<\/p>\n","protected":false},"author":1,"featured_media":7938,"comment_status":"open","ping_status":"open","sticky":false,"template":"","format":"standard","meta":{"_acf_changed":false,"_et_pb_use_builder":"","_et_pb_old_content":"","_et_gb_content_width":"","footnotes":""},"categories":[2],"tags":[],"class_list":["post-7937","post","type-post","status-publish","format-standard","has-post-thumbnail","hentry","category-hirek","et-has-post-format-content","et_post_format-et-post-format-standard"],"acf":[],"_links":{"self":[{"href":"https:\/\/munkacs-diocese.org\/hu\/wp-json\/wp\/v2\/posts\/7937"}],"collection":[{"href":"https:\/\/munkacs-diocese.org\/hu\/wp-json\/wp\/v2\/posts"}],"about":[{"href":"https:\/\/munkacs-diocese.org\/hu\/wp-json\/wp\/v2\/types\/post"}],"author":[{"embeddable":true,"href":"https:\/\/munkacs-diocese.org\/hu\/wp-json\/wp\/v2\/users\/1"}],"replies":[{"embeddable":true,"href":"https:\/\/munkacs-diocese.org\/hu\/wp-json\/wp\/v2\/comments?post=7937"}],"version-history":[{"count":3,"href":"https:\/\/munkacs-diocese.org\/hu\/wp-json\/wp\/v2\/posts\/7937\/revisions"}],"predecessor-version":[{"id":7945,"href":"https:\/\/munkacs-diocese.org\/hu\/wp-json\/wp\/v2\/posts\/7937\/revisions\/7945"}],"wp:featuredmedia":[{"embeddable":true,"href":"https:\/\/munkacs-diocese.org\/hu\/wp-json\/wp\/v2\/media\/7938"}],"wp:attachment":[{"href":"https:\/\/munkacs-diocese.org\/hu\/wp-json\/wp\/v2\/media?parent=7937"}],"wp:term":[{"taxonomy":"category","embeddable":true,"href":"https:\/\/munkacs-diocese.org\/hu\/wp-json\/wp\/v2\/categories?post=7937"},{"taxonomy":"post_tag","embeddable":true,"href":"https:\/\/munkacs-diocese.org\/hu\/wp-json\/wp\/v2\/tags?post=7937"}],"curies":[{"name":"wp","href":"https:\/\/api.w.org\/{rel}","templated":true}]}}