{"id":7923,"date":"2020-12-31T16:45:24","date_gmt":"2020-12-31T15:45:24","guid":{"rendered":"http:\/\/munkacs-diocese.org\/hu\/?p=7923"},"modified":"2020-12-31T16:45:24","modified_gmt":"2020-12-31T15:45:24","slug":"becket-1964","status":"publish","type":"post","link":"https:\/\/munkacs-diocese.org\/hu\/2020\/12\/31\/becket-1964\/","title":{"rendered":"Becket (1964)"},"content":{"rendered":"<div id=\"fb-root\"><\/div>\n<p>A XII. sz\u00e1zadi angol uralkod\u00f3 II. Henrik \u00e9s egyszer\u0171 sz\u00e1rmaz\u00e1s\u00fa sz\u00e1sz bar\u00e1tja, Becket Tam\u00e1s &#8211; k\u00e9s\u0151bb Canterbury \u00e9rseke &#8211; gy\u0171l\u00f6lett\u00e9 fajul\u00f3 bar\u00e1ts\u00e1g\u00e1t t\u00f6bb neves dr\u00e1ma\u00edr\u00f3 is feldolgozta. A jeles angol sz\u00ednh\u00e1zi \u00e9s filmrendez\u0151, Peter Glenville, Jean Anouilh dr\u00e1m\u00e1j\u00e1t v\u00e1lasztotta, mert szerinte ez k\u00f6zel\u00edtette meg legink\u00e1bb a t\u00f6rt\u00e9nelmi val\u00f3s\u00e1got. Magyar felirat<\/p>\n<p><a href=\"https:\/\/www.karizmatikus.hu\/noha\/a-mi-mozink-2\/video\/12-becket-1964.html\" target=\"_blank\" rel=\"noopener\">https:\/\/www.karizmatikus.hu\/noha\/a-mi-mozink-2\/video\/12-becket-1964.html<\/a><\/p>\n","protected":false},"excerpt":{"rendered":"<p>A XII. sz\u00e1zadi angol uralkod\u00f3 II. Henrik \u00e9s egyszer\u0171 sz\u00e1rmaz\u00e1s\u00fa sz\u00e1sz bar\u00e1tja, Becket Tam\u00e1s &#8211; k\u00e9s\u0151bb Canterbury \u00e9rseke &#8211; gy\u0171l\u00f6lett\u00e9 fajul\u00f3 bar\u00e1ts\u00e1g\u00e1t t\u00f6bb neves dr\u00e1ma\u00edr\u00f3 is feldolgozta. A jeles angol sz\u00ednh\u00e1zi \u00e9s filmrendez\u0151, Peter Glenville, Jean Anouilh dr\u00e1m\u00e1j\u00e1t v\u00e1lasztotta, mert szerinte ez k\u00f6zel\u00edtette meg legink\u00e1bb a t\u00f6rt\u00e9nelmi val\u00f3s\u00e1got. Magyar felirat https:\/\/www.karizmatikus.hu\/noha\/a-mi-mozink-2\/video\/12-becket-1964.html<\/p>\n","protected":false},"author":1,"featured_media":7924,"comment_status":"open","ping_status":"open","sticky":false,"template":"","format":"standard","meta":{"_acf_changed":false,"_et_pb_use_builder":"","_et_pb_old_content":"","_et_gb_content_width":"","footnotes":""},"categories":[12],"tags":[],"class_list":["post-7923","post","type-post","status-publish","format-standard","has-post-thumbnail","hentry","category-filmek","et-has-post-format-content","et_post_format-et-post-format-standard"],"acf":[],"_links":{"self":[{"href":"https:\/\/munkacs-diocese.org\/hu\/wp-json\/wp\/v2\/posts\/7923"}],"collection":[{"href":"https:\/\/munkacs-diocese.org\/hu\/wp-json\/wp\/v2\/posts"}],"about":[{"href":"https:\/\/munkacs-diocese.org\/hu\/wp-json\/wp\/v2\/types\/post"}],"author":[{"embeddable":true,"href":"https:\/\/munkacs-diocese.org\/hu\/wp-json\/wp\/v2\/users\/1"}],"replies":[{"embeddable":true,"href":"https:\/\/munkacs-diocese.org\/hu\/wp-json\/wp\/v2\/comments?post=7923"}],"version-history":[{"count":1,"href":"https:\/\/munkacs-diocese.org\/hu\/wp-json\/wp\/v2\/posts\/7923\/revisions"}],"predecessor-version":[{"id":7925,"href":"https:\/\/munkacs-diocese.org\/hu\/wp-json\/wp\/v2\/posts\/7923\/revisions\/7925"}],"wp:featuredmedia":[{"embeddable":true,"href":"https:\/\/munkacs-diocese.org\/hu\/wp-json\/wp\/v2\/media\/7924"}],"wp:attachment":[{"href":"https:\/\/munkacs-diocese.org\/hu\/wp-json\/wp\/v2\/media?parent=7923"}],"wp:term":[{"taxonomy":"category","embeddable":true,"href":"https:\/\/munkacs-diocese.org\/hu\/wp-json\/wp\/v2\/categories?post=7923"},{"taxonomy":"post_tag","embeddable":true,"href":"https:\/\/munkacs-diocese.org\/hu\/wp-json\/wp\/v2\/tags?post=7923"}],"curies":[{"name":"wp","href":"https:\/\/api.w.org\/{rel}","templated":true}]}}