{"id":7616,"date":"2020-07-07T14:28:05","date_gmt":"2020-07-07T12:28:05","guid":{"rendered":"http:\/\/munkacs-diocese.org\/hu\/?p=7616"},"modified":"2020-07-07T14:28:05","modified_gmt":"2020-07-07T12:28:05","slug":"isten-szolgalatara-az-o-egyhaza-javara-bacso-robert-diakonusszentelese-ungvaron","status":"publish","type":"post","link":"https:\/\/munkacs-diocese.org\/hu\/2020\/07\/07\/isten-szolgalatara-az-o-egyhaza-javara-bacso-robert-diakonusszentelese-ungvaron\/","title":{"rendered":"\u201eIsten szolg\u00e1lat\u00e1ra, az \u0150 egyh\u00e1za jav\u00e1ra\u201d &#8211; Bacs\u00f3 R\u00f3bert diak\u00f3nusszentel\u00e9se Ungv\u00e1ron"},"content":{"rendered":"<div id=\"fb-root\"><\/div>\n<p>Egyh\u00e1zmegy\u00e9nk \u00e9let\u00e9ben harmadszor fordul el\u0151, hogy Majnek Antal p\u00fcsp\u00f6k \u00e1lland\u00f3 diak\u00f3nust szentel: Pataki Emil \u00e9s Megyesi L\u00e1szl\u00f3 ut\u00e1n most Bacs\u00f3 R\u00f3bertet szentelte fel a p\u00fcsp\u00f6k atya j\u00fanius 29-\u00e9n, Szent P\u00e9ter \u00e9s P\u00e1l apostolok f\u0151\u00fcnnep\u00e9n Ungv\u00e1ron. Az \u00fcnnepi szentmis\u00e9n r\u00e9szt vettek egyh\u00e1zmegy\u00e9nk magyar nyelv\u0171 papjai, Megyesi L\u00e1szl\u00f3 \u00e1lland\u00f3 diak\u00f3nus, valamint ungv\u00e1ri \u00e9s Ungv\u00e1r k\u00f6rny\u00e9ki h\u00edvek.<\/p>\n<p>A szentmise elej\u00e9n Petenko Miron ungv\u00e1ri pl\u00e9b\u00e1nos k\u00f6sz\u00f6nt\u00f6tte a p\u00fcsp\u00f6k aty\u00e1t, a diak\u00f3nusjel\u00f6ltet \u00e9s mindenkit, aki a templomban vagy az interneten kereszt\u00fcl bekapcsol\u00f3dott a szertart\u00e1sba. Majnek Antal p\u00fcsp\u00f6k \u00f6r\u00f6m\u00e9t fejezte ki, hogy \u00e9ppen ezen a sz\u00e9p f\u0151\u00fcnnepen szentelheti fel egyh\u00e1zmegy\u00e9nk harmadik n\u0151s diak\u00f3nus\u00e1t \u201eIsten szolg\u00e1lat\u00e1ra, az \u0150 egyh\u00e1za jav\u00e1ra.\u201d Isten az \u0150 Fi\u00e1t k\u00e9tezer \u00e9ve nem uralkodni k\u00fcldte a f\u00f6ldre, hanem szolg\u00e1lni. J\u00e9zus Krisztus az utols\u00f3 vacsor\u00e1n a szolg\u00e1l\u00f3 szeretet legszebb p\u00e9ld\u00e1j\u00e1t mutatta mindannyiunknak \u2013 folytatta a f\u0151p\u00e1sztor. Majd a jel\u00f6lth\u00f6z fordult, s felh\u00edvta figyelm\u00e9t arra: Istent\u0151l kapott megh\u00edv\u00e1s\u00e1nak jelent\u0151s \u00e1llom\u00e1s\u00e1hoz \u00e9rkezett, amikor a nagy diak\u00f3nusok \u2013 Szent Istv\u00e1n, F\u00fcl\u00f6p \u00e9s L\u0151rinc \u2013 nyom\u00e1ba l\u00e9pve \u0151 is teljesen odaszenteli mag\u00e1t az \u00daristennek. \u201eKedves Testv\u00e9rek, ez mindannyiunk feladata\u201d \u2013 sz\u00f3lt most a p\u00fcsp\u00f6k atya az egybegy\u0171ltekhez. \u201eSzent P\u00e1l apostol arra h\u00edv benn\u00fcnket, hogy mindannyian adjuk oda test\u00fcnket, eg\u00e9sz \u00e9let\u00fcnket Istennek tetsz\u0151 \u00e1ldozatul\u201d.<\/p>\n<p>Az evang\u00e9lium ut\u00e1n Petenko Miron pl\u00e9b\u00e1nos az anyaszentegyh\u00e1z nev\u00e9ben arra k\u00e9rte a megy\u00e9sp\u00fcsp\u00f6k\u00f6t, hogy szentelje fel a jel\u00f6ltet. Miut\u00e1n a k\u00e9rd\u00e9s\u00e9re \u2013 \u201eM\u00e9lt\u00f3nak tartod \u0151t?\u201d \u2013 a p\u00fcsp\u00f6k atya igenl\u0151 v\u00e1laszt kapott, kiv\u00e1lasztotta a jel\u00f6ltet a szerpaps\u00e1gra (a diakon\u00e1tusra), melyre a h\u00edvek ezt felelt\u00e9k: \u201eIstennek legyen h\u00e1la!\u201d<\/p>\n<p><img loading=\"lazy\" decoding=\"async\" class=\"aligncenter size-full wp-image-7619\" src=\"https:\/\/munkacs-diocese.org\/hu\/wp-content\/uploads\/2020\/07\/Diak2.jpg\" alt=\"\" width=\"600\" height=\"800\" srcset=\"https:\/\/munkacs-diocese.org\/hu\/wp-content\/uploads\/2020\/07\/Diak2.jpg 600w, https:\/\/munkacs-diocese.org\/hu\/wp-content\/uploads\/2020\/07\/Diak2-225x300.jpg 225w\" sizes=\"(max-width: 600px) 100vw, 600px\" \/><\/p>\n<p>Szentbesz\u00e9d\u00e9ben Antal p\u00fcsp\u00f6k atya elism\u00e9telte a jel\u00f6ltnek a m\u00e1r mondott fontos \u00fczenetet: \u201eAz \u00daristen az \u0150 szolg\u00e1lat\u00e1ra h\u00edvott meg t\u00e9ged, egyh\u00e1za jav\u00e1ra.\u201d Mint mondta, J\u00e9zus dics\u0151s\u00e9ges m\u00e1sodik elj\u00f6vetelekor uralkodni j\u00f6n a f\u00f6ldre, de csendes, al\u00e1zatos els\u0151 elj\u00f6vetelekor \u2013 Betlehemben, N\u00e1z\u00e1retben, h\u00e1rom\u00e9ves m\u0171k\u00f6d\u00e9se alatt, \u00e9s v\u00e9g\u00fcl az utols\u00f3 vacsor\u00e1n is megmutatta, hogy szolg\u00e1lni j\u00f6tt. \u201eTi is hasonl\u00f3k\u00e9ppen cselekedjetek\u201d \u2013 k\u00f6t\u00f6tte J\u00e9zus tan\u00edtv\u00e1nyai lelk\u00e9re. Ebben kell teh\u00e1t k\u00f6vetn\u00fcnk \u0151t mindannyiunknak, eg\u00e9sz \u00e9let\u00fcnkben. Olyan emberekre van sz\u00fcks\u00e9ge a vil\u00e1gnak, akik els\u0151sorban a Mennyei Aty\u00e1ra figyelnek, mint az \u00dar J\u00e9zus; akik az \u0150 Orsz\u00e1g\u00e1t v\u00e1rj\u00e1k, az \u0150 akarat\u00e1t akarj\u00e1k.<\/p>\n<p>Isten a Szentl\u00e9lek \u00e1ltal adja meg nek\u00fcnk azt a kegyelmet, amivel ki tudjuk bontakoztatni talentumainkat. Mindannyiunknak adott talentumot, az\u00e9rt, hogy szolg\u00e1ljunk vele. Ennek kibont\u00e1s\u00e1hoz \u00e9s a szolg\u00e1latban val\u00f3 h\u0171s\u00e9ghez folytonosan sz\u00fcks\u00e9g\u00fcnk van az \u00daristen Szentlelk\u00e9re, mert N\u00e9lk\u00fcle nem megy. A felszentel\u0151 im\u00e1ban ez\u00e9rt a Szentl\u00e9lek erej\u00e9t k\u00e9rj\u00fck az indul\u00e1shoz \u00e9s a mindv\u00e9gig val\u00f3 h\u0171s\u00e9ghez.<\/p>\n<p>Ezut\u00e1n k\u00f6vetkezett a szentel\u00e9s szertart\u00e1sa. A megy\u00e9sp\u00fcsp\u00f6k k\u00e9rd\u00e9seire \u201eAkarom!\u201d volt a jel\u00f6lt v\u00e1lasza. V\u00e9g\u00fcl engedelmess\u00e9get \u00edg\u00e9rt a megy\u00e9sp\u00fcsp\u00f6knek \u00e9s ut\u00f3dainak, aki \u00edgy felelt szavaira: \u201eIsten tegye teljess\u00e9 a j\u00f3t, amit megkezdett benned.\u201d<\/p>\n<p><img loading=\"lazy\" decoding=\"async\" class=\"aligncenter size-full wp-image-7617\" src=\"https:\/\/munkacs-diocese.org\/hu\/wp-content\/uploads\/2020\/07\/Diak3.jpg\" alt=\"\" width=\"600\" height=\"800\" srcset=\"https:\/\/munkacs-diocese.org\/hu\/wp-content\/uploads\/2020\/07\/Diak3.jpg 600w, https:\/\/munkacs-diocese.org\/hu\/wp-content\/uploads\/2020\/07\/Diak3-225x300.jpg 225w\" sizes=\"(max-width: 600px) 100vw, 600px\" \/><\/p>\n<p>A Mindenszentek lit\u00e1ni\u00e1ja alatt a jel\u00f6lt arcra borult, jelezve ezzel, hogy teljesen \u00e1tadja mag\u00e1t Isten szolg\u00e1lat\u00e1ra. Ezut\u00e1n a p\u00fcsp\u00f6k atya k\u00e9zf\u00f6lt\u00e9tellel \u00e9s az ut\u00e1na k\u00f6vetkez\u0151 felszentel\u0151 im\u00e1val szentelte fel az \u00faj diak\u00f3nust, akit ezut\u00e1n be\u00f6lt\u00f6ztettek a diak\u00f3nusok liturgikus ruh\u00e1j\u00e1ba. Majd a p\u00fcsp\u00f6k atya \u00e1tadta neki az evang\u00e9liumos k\u00f6nyvet, ezekkel a szavakkal: \u201eVedd Krisztus evang\u00e9lium\u00e1t, amelynek hirdet\u0151je lett\u00e9l. \u00dcgyelj arra, hogy amit olvasol, hidd; amit hiszel, tan\u00edtsd; \u00e9s amit tan\u00edtasz, k\u00f6vesd is.\u201d Az ezt k\u00f6vet\u0151 b\u00e9kecs\u00f3k ut\u00e1n R\u00f3bert diak\u00f3nus elfoglalta hely\u00e9t az olt\u00e1rn\u00e1l, hogy megkezdje szerpapi szolg\u00e1lat\u00e1t.<\/p>\n<p>A szentmise v\u00e9g\u00e9n az \u00fajonnan szentelt diak\u00f3nus \u00f6r\u00f6mmel mondott k\u00f6sz\u00f6netet mindazoknak a csal\u00e1dtagjainak \u00e9s azoknak a papoknak, akik hit\u00e9ben \u00e9s hivat\u00e1s\u00e1ban seg\u00edtett\u00e9k \u00e9s egyengett\u00e9k \u00fatj\u00e1t. K\u00f6sz\u00f6netet mondott Majnek Antal p\u00fcsp\u00f6knek, aki bizalm\u00e1t is kifejezte azzal, hogy \u0151t felszentelte \u00e9s lehet\u0151s\u00e9get adott neki az \u00e1lland\u00f3 diakon\u00e1tusi hivat\u00e1s gyakorl\u00e1s\u00e1ra.<\/p>\n<p>A szentmise \u00fcnnep\u00e9lyes p\u00fcsp\u00f6ki \u00e1ld\u00e1ssal z\u00e1rult.<\/p>\n<p>Im\u00e1dkozzunk egyh\u00e1zmegy\u00e9nk imm\u00e1r k\u00e9t \u00e1lland\u00f3 diak\u00f3nus\u00e1\u00e9rt, hogy szolg\u00e1latukkal \u00e9s \u00e9let\u00fck p\u00e9ld\u00e1j\u00e1val m\u00e9lt\u00f3k legyenek szent hivat\u00e1sukra, s val\u00f3ban az egyh\u00e1z jav\u00e1t \u00e9s a h\u00edvek \u00fcdv\u00f6ss\u00e9g\u00e9t szolg\u00e1lj\u00e1k!<\/p>\n<p style=\"text-align: right;\"><strong>P\u00e1pai Zsuzsanna<\/strong><\/p>\n<p><em>Bacs\u00f3 R\u00f3bert 1984. j\u00fanius 19-\u00e9n sz\u00fcletett Ungv\u00e1ron. 2001-ben \u00e9retts\u00e9gizett, 2006-ban szerzett mesterdiplom\u00e1t p\u00e9nz\u00fcgyi szakter\u00fcleten. Phd tanulm\u00e1nyait 2010-ben sikeres fokozatszerz\u00e9ssel fejezte be. Ezut\u00e1n p\u00e9nz\u00fcgyi szak\u00e9rt\u0151k\u00e9nt dolgozott, mellette 2007-t\u0151l fels\u0151oktat\u00e1si int\u00e9zm\u00e9nyekben \u00f3raad\u00f3 tan\u00e1rk\u00e9nt m\u0171k\u00f6dik. 2013 \u00f3ta a II. R\u00e1k\u00f3czi Ferenc K\u00e1rp\u00e1taljai Magyar F\u0151iskola Sz\u00e1mvitel \u00e9s Audit\u00e1l\u00e1s tansz\u00e9k\u00e9nek vezet\u0151je, valamint az Ungv\u00e1ri Nemzeti Egyetem Magyar Int\u00e9zet\u00e9nek \u00f3raad\u00f3 tan\u00e1ra. Nagydoktori fokozat\u00e1t 2008-ban szerezte, egy \u00e9v m\u00falva pedig professzori c\u00edmet kapott. 2019-ben katek\u00e9ta szakk\u00e9pes\u00edt\u00e9st szerzett. Jelenleg negyed\u00e9ves teol\u00f3gus hallgat\u00f3. Tavaly \u00f3ta hitoktat\u00f3i tev\u00e9kenys\u00e9get is folytat. 2016-ban k\u00f6t\u00f6tt h\u00e1zass\u00e1got Revall\u00f3 Nikolett\u00e1val.<\/em><\/p>\n<p><em>1990 \u00f3ta ministr\u00e1l az ungv\u00e1ri Szent Gy\u00f6rgy pl\u00e9b\u00e1niatemplomban, ahol mostan\u00e1ig lektork\u00e9nt \u00e9s akolitusk\u00e9nt is tev\u00e9kenykedett. 2019-ben k\u00e9rv\u00e9nyezte Majnek Antal megy\u00e9sp\u00fcsp\u00f6kn\u00e9l diak\u00f3nuss\u00e1 val\u00f3 szentel\u00e9s\u00e9t.<\/em><\/p>\n","protected":false},"excerpt":{"rendered":"<p>Egyh\u00e1zmegy\u00e9nk \u00e9let\u00e9ben harmadszor fordul el\u0151, hogy Majnek Antal p\u00fcsp\u00f6k \u00e1lland\u00f3 diak\u00f3nust szentel: Pataki Emil \u00e9s Megyesi L\u00e1szl\u00f3 ut\u00e1n most Bacs\u00f3 R\u00f3bertet szentelte fel a p\u00fcsp\u00f6k atya j\u00fanius 29-\u00e9n, Szent P\u00e9ter \u00e9s P\u00e1l apostolok f\u0151\u00fcnnep\u00e9n Ungv\u00e1ron. Az \u00fcnnepi szentmis\u00e9n r\u00e9szt vettek egyh\u00e1zmegy\u00e9nk magyar nyelv\u0171 papjai, Megyesi L\u00e1szl\u00f3 \u00e1lland\u00f3 diak\u00f3nus, valamint ungv\u00e1ri \u00e9s Ungv\u00e1r k\u00f6rny\u00e9ki h\u00edvek. A [&hellip;]<\/p>\n","protected":false},"author":1,"featured_media":7618,"comment_status":"open","ping_status":"open","sticky":false,"template":"","format":"standard","meta":{"_acf_changed":false,"_et_pb_use_builder":"","_et_pb_old_content":"","_et_gb_content_width":"","footnotes":""},"categories":[59],"tags":[],"class_list":["post-7616","post","type-post","status-publish","format-standard","has-post-thumbnail","hentry","category-egyhazmegyenk-hirei","et-has-post-format-content","et_post_format-et-post-format-standard"],"acf":[],"_links":{"self":[{"href":"https:\/\/munkacs-diocese.org\/hu\/wp-json\/wp\/v2\/posts\/7616"}],"collection":[{"href":"https:\/\/munkacs-diocese.org\/hu\/wp-json\/wp\/v2\/posts"}],"about":[{"href":"https:\/\/munkacs-diocese.org\/hu\/wp-json\/wp\/v2\/types\/post"}],"author":[{"embeddable":true,"href":"https:\/\/munkacs-diocese.org\/hu\/wp-json\/wp\/v2\/users\/1"}],"replies":[{"embeddable":true,"href":"https:\/\/munkacs-diocese.org\/hu\/wp-json\/wp\/v2\/comments?post=7616"}],"version-history":[{"count":2,"href":"https:\/\/munkacs-diocese.org\/hu\/wp-json\/wp\/v2\/posts\/7616\/revisions"}],"predecessor-version":[{"id":8127,"href":"https:\/\/munkacs-diocese.org\/hu\/wp-json\/wp\/v2\/posts\/7616\/revisions\/8127"}],"wp:featuredmedia":[{"embeddable":true,"href":"https:\/\/munkacs-diocese.org\/hu\/wp-json\/wp\/v2\/media\/7618"}],"wp:attachment":[{"href":"https:\/\/munkacs-diocese.org\/hu\/wp-json\/wp\/v2\/media?parent=7616"}],"wp:term":[{"taxonomy":"category","embeddable":true,"href":"https:\/\/munkacs-diocese.org\/hu\/wp-json\/wp\/v2\/categories?post=7616"},{"taxonomy":"post_tag","embeddable":true,"href":"https:\/\/munkacs-diocese.org\/hu\/wp-json\/wp\/v2\/tags?post=7616"}],"curies":[{"name":"wp","href":"https:\/\/api.w.org\/{rel}","templated":true}]}}