{"id":750,"date":"2012-11-08T14:17:06","date_gmt":"2012-11-08T12:17:06","guid":{"rendered":"http:\/\/munkacs-diocese.org\/hu\/2012\/11\/08\/konferenciat-tartottak-ungvaron\/"},"modified":"2012-11-08T14:17:06","modified_gmt":"2012-11-08T12:17:06","slug":"konferenciat-tartottak-ungvaron","status":"publish","type":"post","link":"https:\/\/munkacs-diocese.org\/hu\/2012\/11\/08\/konferenciat-tartottak-ungvaron\/","title":{"rendered":"Konferenci\u00e1t tartottak Ungv\u00e1ron"},"content":{"rendered":"<div id=\"fb-root\"><\/div>\n<p style=\"text-indent: 18pt; text-align: center;\"><strong>Konferenci\u00e1t tartottak Ungv\u00e1ron<\/strong><\/p>\n<p style=\"text-indent: 18pt;\"><img loading=\"lazy\" decoding=\"async\" class=\" alignleft size-full wp-image-749\" style=\"float: left;\" src=\"https:\/\/munkacs-diocese.org\/hu\/wp-content\/uploads\/2012\/11\/konferencia-resztvevok-small.jpg\" alt=\"\" height=\"72\" width=\"142\" srcset=\"https:\/\/munkacs-diocese.org\/hu\/wp-content\/uploads\/2012\/11\/konferencia-resztvevok-small.jpg 800w, https:\/\/munkacs-diocese.org\/hu\/wp-content\/uploads\/2012\/11\/konferencia-resztvevok-small-300x154.jpg 300w, https:\/\/munkacs-diocese.org\/hu\/wp-content\/uploads\/2012\/11\/konferencia-resztvevok-small-768x394.jpg 768w\" sizes=\"(max-width: 142px) 100vw, 142px\" \/>2012. okt\u00f3ber 26-28. k\u00f6z\u00f6tt a K\u00e1rp\u00e1taljai Ferences Misszi\u00f3 Alap\u00edtv\u00e1ny \u00e9s a Munk\u00e1csi Szent M\u00e1rton Egyh\u00e1zmegyei Karit\u00e1sz szervez\u00e9s\u00e9ben &#8222;Hat\u00e9kony csal\u00e1dseg\u00edt\u00e9s a mindennapokban&#8221; c\u00edmmel konferenci\u00e1t tartottak Ungv\u00e1ron, a Szent Gell\u00e9rt Katolikus Szakkoll\u00e9giumban. A rendezv\u00e9nyre magyarorsz\u00e1gi \u00e9s k\u00e1rp\u00e1taljai szoci\u00e1lis \u00e9s oktat\u00e1si civil szervezetek k\u00e9pvisel\u0151i, dolgoz\u00f3i \u00e9s \u00f6nk\u00e9ntesei kaptak megh\u00edv\u00e1st, akik e n\u00e9h\u00e1ny nap alatt szakmai \u00e9s lelki el\u0151ad\u00e1sokon vehettek r\u00e9szt. <!--more--> <\/p>\n<p style=\"text-align: justify; text-indent: 18pt;\">A szakmai t\u00e9ma a kisgyerekes csal\u00e1dok seg\u00edt\u00e9s\u00e9r\u0151l, annak lehet\u0151s\u00e9geir\u0151l sz\u00f3lt, amelyr\u0151l az Otthon Seg\u00edt\u00fcnk Alap\u00edtv\u00e1ny eln\u00f6ke, Leh\u0151cz M\u00f3nika, Luk\u00e1cs Anik\u00f3 munkat\u00e1rs \u00e9s Heged\u0171s R\u00e9ka szociol\u00f3gus tartottak el\u0151ad\u00e1sokat. A lelki el\u0151ad\u00e1sokat Zatyk\u00f3 L\u00e1szl\u00f3 ferences atya tartotta. A konferenci\u00e1n mintegy negyven k\u00e1rp\u00e1taljai \u00e9s magyarorsz\u00e1gi vend\u00e9g vett r\u00e9szt. A rendezv\u00e9ny kiad\u00e1sait a Bethlen G\u00e1bor Alap t\u00e1mogatta.<\/p>\n","protected":false},"excerpt":{"rendered":"<p>Konferenci\u00e1t tartottak Ungv\u00e1ron 2012. okt\u00f3ber 26-28. k\u00f6z\u00f6tt a K\u00e1rp\u00e1taljai Ferences Misszi\u00f3 Alap\u00edtv\u00e1ny \u00e9s a Munk\u00e1csi Szent M\u00e1rton Egyh\u00e1zmegyei Karit\u00e1sz szervez\u00e9s\u00e9ben &#8222;Hat\u00e9kony csal\u00e1dseg\u00edt\u00e9s a mindennapokban&#8221; c\u00edmmel konferenci\u00e1t tartottak Ungv\u00e1ron, a Szent Gell\u00e9rt Katolikus Szakkoll\u00e9giumban. A rendezv\u00e9nyre magyarorsz\u00e1gi \u00e9s k\u00e1rp\u00e1taljai szoci\u00e1lis \u00e9s oktat\u00e1si civil szervezetek k\u00e9pvisel\u0151i, dolgoz\u00f3i \u00e9s \u00f6nk\u00e9ntesei kaptak megh\u00edv\u00e1st, akik e n\u00e9h\u00e1ny nap alatt szakmai [&hellip;]<\/p>\n","protected":false},"author":1,"featured_media":749,"comment_status":"open","ping_status":"open","sticky":false,"template":"","format":"standard","meta":{"_acf_changed":false,"_et_pb_use_builder":"","_et_pb_old_content":"","_et_gb_content_width":"","footnotes":""},"categories":[10],"tags":[],"class_list":["post-750","post","type-post","status-publish","format-standard","has-post-thumbnail","hentry","category-aktualis-hirek","et-has-post-format-content","et_post_format-et-post-format-standard"],"acf":[],"_links":{"self":[{"href":"https:\/\/munkacs-diocese.org\/hu\/wp-json\/wp\/v2\/posts\/750"}],"collection":[{"href":"https:\/\/munkacs-diocese.org\/hu\/wp-json\/wp\/v2\/posts"}],"about":[{"href":"https:\/\/munkacs-diocese.org\/hu\/wp-json\/wp\/v2\/types\/post"}],"author":[{"embeddable":true,"href":"https:\/\/munkacs-diocese.org\/hu\/wp-json\/wp\/v2\/users\/1"}],"replies":[{"embeddable":true,"href":"https:\/\/munkacs-diocese.org\/hu\/wp-json\/wp\/v2\/comments?post=750"}],"version-history":[{"count":0,"href":"https:\/\/munkacs-diocese.org\/hu\/wp-json\/wp\/v2\/posts\/750\/revisions"}],"wp:featuredmedia":[{"embeddable":true,"href":"https:\/\/munkacs-diocese.org\/hu\/wp-json\/wp\/v2\/media\/749"}],"wp:attachment":[{"href":"https:\/\/munkacs-diocese.org\/hu\/wp-json\/wp\/v2\/media?parent=750"}],"wp:term":[{"taxonomy":"category","embeddable":true,"href":"https:\/\/munkacs-diocese.org\/hu\/wp-json\/wp\/v2\/categories?post=750"},{"taxonomy":"post_tag","embeddable":true,"href":"https:\/\/munkacs-diocese.org\/hu\/wp-json\/wp\/v2\/tags?post=750"}],"curies":[{"name":"wp","href":"https:\/\/api.w.org\/{rel}","templated":true}]}}