{"id":7497,"date":"2020-04-02T22:54:41","date_gmt":"2020-04-02T20:54:41","guid":{"rendered":"http:\/\/munkacs-diocese.org\/hu\/?p=7497"},"modified":"2020-04-03T00:14:17","modified_gmt":"2020-04-02T22:14:17","slug":"majnek-antal-puspok-utmutato-levele-papjaihoz","status":"publish","type":"post","link":"https:\/\/munkacs-diocese.org\/hu\/2020\/04\/02\/majnek-antal-puspok-utmutato-levele-papjaihoz\/","title":{"rendered":"Majnek Antal p\u00fcsp\u00f6k \u00fatmutat\u00f3 levele papjaihoz"},"content":{"rendered":"<div id=\"fb-root\"><\/div>\n<p>A karant\u00e9n meghosszabb\u00edt\u00e1s\u00e1val \u00e9s a k\u00f6zben felmer\u00fcl\u0151 konkr\u00e9t k\u00e9rd\u00e9sekkel kapcsolatban sz\u00fcks\u00e9gesnek tartom bizonyos pontok tiszt\u00e1z\u00e1s\u00e1t.<\/p>\n<p>1. A <strong>szentmis\u00e9k<\/strong> a tov\u00e1bbiakban is z\u00e1rt ajt\u00f3k m\u00f6g\u00f6tt folynak. A r\u00e9sztvev\u0151k l\u00e9tsz\u00e1m\u00e1t az \u00e1llami el\u0151\u00edr\u00e1sok hat\u00e1rozz\u00e1k meg. K\u00e9rem, hogy ahol lehets\u00e9ges, legyen \u00e9l\u0151 k\u00f6zvet\u00edt\u00e9s, \u00e9s hangs\u00falyozzuk a h\u00edveknek, hogy m\u00e9lt\u00f3 m\u00f3don vegyenek r\u00e9szt a szent cselekm\u00e9nyben az \u00e9l\u0151 ad\u00e1son kereszt\u00fcl. A h\u00edvek kiz\u00e1r\u00f3lag k\u00e9zbe \u00e1ldozhatnak, a szentmis\u00e9n k\u00edv\u00fcli szent\u00e1ldoz\u00e1s eset\u00e9n is.<\/p>\n<p>2. A hagyom\u00e1nyos m\u00f3don t\u00f6rt\u00e9n\u0151 <strong>h\u00fasv\u00e9t el\u0151tti gy\u00f3n\u00e1s a karant\u00e9n idej\u00e9n<\/strong> elmarad. A pap csak azokat a h\u00edveket k\u00f6teles fogadni, akiknek val\u00f3ban sz\u00fcks\u00e9g\u00fck van gy\u00f3n\u00e1sra \u00e9s k\u00e9rik is azt; \u00fcgyelni kell arra, hogy ne v\u00e1rakozzon egyszerre sok ember, k\u00fcl\u00f6n\u00f6sk\u00e9ppen ne id\u0151s kor\u00faak. A papok a karant\u00e9n befejez\u0151d\u00e9se ut\u00e1n buzd\u00edts\u00e1k a h\u00edveket, hogy v\u00e9gezz\u00e9k el gy\u00f3n\u00e1sukat.<\/p>\n<p>3. <strong>Temet\u00e9si szertart\u00e1st<\/strong> csak a temet\u0151ben, az elhantol\u00e1s helye mellett tartsunk, a legsz\u0171kebb rokoni k\u00f6rben.<\/p>\n<p>4. <strong>A betegek l\u00e1togat\u00e1sa<\/strong> a karant\u00e9n idej\u00e9n nem k\u00f6telez\u0151. Csak azokhoz menj\u00fcnk, akikhez h\u00edvnak, a t\u00f6bbiekkel besz\u00e9lj\u00fcnk telefonon \u00e9s vigasztaljuk, b\u00e1tor\u00edtsuk \u0151ket. Magyar\u00e1zzuk el nekik r\u00f6viden a t\u00f6k\u00e9letes b\u00e1nat l\u00e9nyeg\u00e9t \u00e9s mondjuk el annak sz\u00f6veg\u00e9t, k\u00fcl\u00f6n\u00f6sen azoknak, akiknek se okostelefonjuk, se internetj\u00fck nincs.<\/p>\n<p><strong>A betegek l\u00e1togat\u00e1sa k\u00f3rh\u00e1zban<\/strong>: a k\u00f3rh\u00e1zba is csak akkor menj\u00fcnk be, ha s\u00falyos beteghez h\u00edvnak. Ott m\u00e9g fokozottabban figyelj\u00fcnk a higi\u00e9niai szab\u00e1lyokra, semmihez ne ny\u00faljunk, keszty\u0171ben \u00e9s maszkban menj\u00fcnk. A f\u00fclbegy\u00f3n\u00e1s is elmaradhat, ha t\u00f6bben vannak a teremben (a m\u00e1sf\u00e9l m\u00e9ter t\u00e1vols\u00e1g tart\u00e1sa miatt), helyette arra k\u00e9rj\u00fck a beteget, hogy ind\u00edtsa fel a t\u00f6k\u00e9letes b\u00e1natot. Ha fert\u0151z\u0151 a beteg, akkor a pap nem mehet a k\u00f6zel\u00e9be.<\/p>\n<p>5. <strong>A betegek kenet\u00e9nek<\/strong> kiszolg\u00e1ltat\u00e1s\u00e1n\u00e1l k\u00fcl\u00f6n\u00f6sen is tartsuk be a higi\u00e9niai el\u0151\u00edr\u00e1sokat. Enged\u00e9lyezem, hogy a kenetet f\u00fclp\u00e1lcika seg\u00edts\u00e9g\u00e9vel vigy\u00e9tek fel, keszty\u0171ben, melyeket ut\u00e1na semmis\u00edtsetek meg.<\/p>\n<p>6. <strong>A nagyh\u00e9tre<\/strong> vonatkoz\u00f3an megjelentek az Istentiszteleti \u00e9s Szents\u00e9gi Fegyelmi Kongreg\u00e1ci\u00f3 \u00fatmutat\u00e1sai. Egyh\u00e1zmegy\u00e9nkben az Ukrajnai R\u00f3mai Katolikus P\u00fcsp\u00f6ki Konferencia 2020. m\u00e1rcius 27-\u00e9n kiadott <span style=\"color: #000080;\"><a style=\"color: #000080;\" href=\"https:\/\/munkacs-diocese.org\/hu\/2020\/04\/02\/a-nagyhet-es-a-szent-haromnap-unneplesevel-kapcsolatos-iranymutatasok-lelkipasztorok-szamara-a-2020-evben-a-karanten-meghosszabbitasa-eseten\/\" target=\"_blank\" rel=\"noopener\">ir\u00e1nymutat\u00e1s\u00e1t<\/a><\/span> fogjuk k\u00f6vetni.<\/p>\n<p><strong>A nagyszombati szents\u00edr<\/strong>-l\u00e1togat\u00e1st most nem aj\u00e1nlom, de nem is tiltom meg, azonban az \u00e1llami rendelkez\u00e9seket ott is be kell tartani (t\u00e1vols\u00e1gtart\u00e1s, max. 10 f\u0151 stb.).<\/p>\n<p style=\"text-align: right;\"><em>Munk\u00e1cs, 2020. 03.31.<\/em><\/p>\n<p style=\"text-align: right;\"><strong>\u03c4 Majnek Jen\u0151 Antal<\/strong><br \/>\nmegy\u00e9sp\u00fcsp\u00f6k<\/p>\n","protected":false},"excerpt":{"rendered":"<p>A karant\u00e9n meghosszabb\u00edt\u00e1s\u00e1val \u00e9s a k\u00f6zben felmer\u00fcl\u0151 konkr\u00e9t k\u00e9rd\u00e9sekkel kapcsolatban sz\u00fcks\u00e9gesnek tartom bizonyos pontok tiszt\u00e1z\u00e1s\u00e1t. 1. A szentmis\u00e9k a tov\u00e1bbiakban is z\u00e1rt ajt\u00f3k m\u00f6g\u00f6tt folynak. A r\u00e9sztvev\u0151k l\u00e9tsz\u00e1m\u00e1t az \u00e1llami el\u0151\u00edr\u00e1sok hat\u00e1rozz\u00e1k meg. K\u00e9rem, hogy ahol lehets\u00e9ges, legyen \u00e9l\u0151 k\u00f6zvet\u00edt\u00e9s, \u00e9s hangs\u00falyozzuk a h\u00edveknek, hogy m\u00e9lt\u00f3 m\u00f3don vegyenek r\u00e9szt a szent cselekm\u00e9nyben az \u00e9l\u0151 ad\u00e1son [&hellip;]<\/p>\n","protected":false},"author":1,"featured_media":7500,"comment_status":"open","ping_status":"open","sticky":false,"template":"","format":"standard","meta":{"_acf_changed":false,"_et_pb_use_builder":"","_et_pb_old_content":"","_et_gb_content_width":"","footnotes":""},"categories":[59],"tags":[],"class_list":["post-7497","post","type-post","status-publish","format-standard","has-post-thumbnail","hentry","category-egyhazmegyenk-hirei","et-has-post-format-content","et_post_format-et-post-format-standard"],"acf":[],"_links":{"self":[{"href":"https:\/\/munkacs-diocese.org\/hu\/wp-json\/wp\/v2\/posts\/7497"}],"collection":[{"href":"https:\/\/munkacs-diocese.org\/hu\/wp-json\/wp\/v2\/posts"}],"about":[{"href":"https:\/\/munkacs-diocese.org\/hu\/wp-json\/wp\/v2\/types\/post"}],"author":[{"embeddable":true,"href":"https:\/\/munkacs-diocese.org\/hu\/wp-json\/wp\/v2\/users\/1"}],"replies":[{"embeddable":true,"href":"https:\/\/munkacs-diocese.org\/hu\/wp-json\/wp\/v2\/comments?post=7497"}],"version-history":[{"count":1,"href":"https:\/\/munkacs-diocese.org\/hu\/wp-json\/wp\/v2\/posts\/7497\/revisions"}],"predecessor-version":[{"id":7498,"href":"https:\/\/munkacs-diocese.org\/hu\/wp-json\/wp\/v2\/posts\/7497\/revisions\/7498"}],"wp:featuredmedia":[{"embeddable":true,"href":"https:\/\/munkacs-diocese.org\/hu\/wp-json\/wp\/v2\/media\/7500"}],"wp:attachment":[{"href":"https:\/\/munkacs-diocese.org\/hu\/wp-json\/wp\/v2\/media?parent=7497"}],"wp:term":[{"taxonomy":"category","embeddable":true,"href":"https:\/\/munkacs-diocese.org\/hu\/wp-json\/wp\/v2\/categories?post=7497"},{"taxonomy":"post_tag","embeddable":true,"href":"https:\/\/munkacs-diocese.org\/hu\/wp-json\/wp\/v2\/tags?post=7497"}],"curies":[{"name":"wp","href":"https:\/\/api.w.org\/{rel}","templated":true}]}}