{"id":7482,"date":"2020-03-30T09:33:23","date_gmt":"2020-03-30T07:33:23","guid":{"rendered":"http:\/\/munkacs-diocese.org\/hu\/?p=7482"},"modified":"2020-03-31T09:36:17","modified_gmt":"2020-03-31T07:36:17","slug":"ez-vezetett-az-abortuszokat-vegzo-orvos-megteresehez","status":"publish","type":"post","link":"https:\/\/munkacs-diocese.org\/hu\/2020\/03\/30\/ez-vezetett-az-abortuszokat-vegzo-orvos-megteresehez\/","title":{"rendered":"Ez vezetett az abortuszokat v\u00e9gz\u0151 orvos megt\u00e9r\u00e9s\u00e9hez"},"content":{"rendered":"<div id=\"fb-root\"><\/div>\n<p>Stojan Adasevic egy abortuszt v\u00e9gz\u0151 orvos Szerbi\u00e1b\u00f3l, aki t\u00f6bb mint 20 \u00e9ven kereszt\u00fcl v\u00e9gzett beavatkoz\u00e1sokat, m\u00e1ra azonban \u0151 lett a m\u00e9g meg nem sz\u00fcletett magzatok legnagyobb v\u00e9delmez\u0151je az orsz\u00e1gban. Az abortuszban meghalt gyermekekr\u0151l sz\u00f3l\u00f3 visszat\u00e9r\u0151 r\u00e9m\u00e1lmok vezettek a doktor d\u00f6nt\u00e9s\u00e9hez, amit t\u00edz \u00e9ve hozott meg.<\/p>\n<p>A f\u00e9rfi huszonhat \u00e9ven kereszt\u00fcl dolgozott abortuszt is v\u00e9gz\u0151 orvosk\u00e9nt, hozz\u00e1vet\u0151legesen negyvennyolc ezer (!) beavatkoz\u00e1st v\u00e9gzett el, volt olyan id\u0151szak, amikor napi huszon\u00f6t-harmincat. Szerbi\u00e1ban a t\u00f6bbs\u00e9g \u00fagy gondolkodott az abortuszr\u00f3l \u00e9s \u00fagy tan\u00edtott\u00e1k, hogy az nem m\u00e1s, mint egy \u201cfoltsz\u00f6vet elt\u00e1vol\u00edt\u00e1sa\u201d.<\/p>\n<p>Mivel Adasevic sz\u00e1m\u00e1ra is \u00edgy tan\u00edtott\u00e1k, ez\u00e9rt \u0151 is \u00edgy gondolkodott eg\u00e9szen addig, am\u00edg az 1980-as \u00e9vekben az ultrahang vizsg\u00e1latoknak k\u00f6sz\u00f6nhet\u0151en m\u00e1r k\u00e9p is k\u00e9sz\u00fclt az anyam\u00e9hben l\u00e9v\u0151 magzatokr\u00f3l.<\/p>\n<p><em>\u201cNek\u00fcnk mindig is \u00fagy oktatt\u00e1k, hogy az \u00e9let az els\u0151 \u201cfels\u00edr\u00e1ssal\u201d kezd\u0151dik.\u201d- mondta Adasevic. \u201cAmikor a baba az els\u0151 alkalommal fels\u00edr, az az a pillanat, amikort\u00f3l elv\u00e1lik az anya test\u00e9t\u0151l \u00e9s \u00f6n\u00e1ll\u00f3 emberk\u00e9nt kezelhet\u0151. Az ezt megel\u0151z\u0151 f\u00fcgg\u0151s\u00e9gi viszony megsz\u00fcntet\u00e9se az anya test\u00e9ben nem sz\u00e1m\u00edt gyilkoss\u00e1gnak.\u201d<\/em><\/p>\n<p>Adasevicben azonban \u00f6nk\u00e9ntelen\u00fcl is egyre t\u00f6bb k\u00e9rd\u00e9s mer\u00fclt fel a hivat\u00e1s\u00e1nak ezen r\u00e9sz\u00e9vel kapcsolatban, mellyel egyid\u0151ben k\u00fcl\u00f6n\u00f6s, visszat\u00e9r\u0151 \u00e1lmok gy\u00f6t\u00f6rt\u00e9k. \u00c1lm\u00e1ban egy nagy mez\u0151t l\u00e1tott, ami tele volt j\u00e1tsz\u00f3 gyermekekkel \u00e9s mosolyg\u00f3 fiatalokkal. N\u00e9h\u00e1nyuk 4 \u00e9vesnek vagy m\u00e9g fiatalabbnak t\u0171nt, m\u00edg voltak id\u0151sebbek is k\u00f6zt\u00fck, k\u00f6r\u00fclbel\u00fcl 24 \u00e9v k\u00f6r\u00fcliek. Mindny\u00e1jan f\u00e9ltek Adasevict\u0151l. Minden egyes alkalommal, amikor megpr\u00f3b\u00e1lt k\u00f6zeledni hozz\u00e1juk, elfutottak, mes\u00e9lte Adasevic.<\/p>\n<p>Szint\u00e9n az \u00e1lomban volt egy f\u00e9rfi, Aquin\u00f3i Szent Tam\u00e1s, fekete-feh\u00e9r \u00f6lt\u00f6z\u00e9kben, aki mindig csak b\u00e1mult r\u00e1 \u00e9s soha nem mondott semmit. Egy \u00e9jszaka \u00e1lm\u00e1ban megk\u00e9rdezte a fekete-feh\u00e9r ruh\u00e1s f\u00e9rfit, hogy kik ezek a gyermekek \u00e9s fiatalok k\u00f6r\u00fcl\u00f6tt\u00fck. A f\u00e9rfi egyenesen Adasevic szem\u00e9be n\u00e9zett \u00e9s k\u00f6z\u00f6lte vele, hogy \u201c\u0150k azok, akiket meg\u00f6lt\u00e9l az abortuszok sor\u00e1n\u201d.\u00a0 Az orvost sokkolta a v\u00e1lasz.<\/p>\n<p>Amikor fel\u00e9bredt egy nagyon hat\u00e1rozott \u00e9rz\u00e9s \u00f6nt\u00f6tte el a lelk\u00e9t. Tudta, hogy nem akar t\u00f6bb\u00e9 abortuszt v\u00e9gezni. Elsz\u00e1nts\u00e1ga azonnal pr\u00f3b\u00e1ra is lett t\u00e9ve, mivel aznap pont unokatestv\u00e9re volt bejelentkezve hozz\u00e1 beavatkoz\u00e1sra bar\u00e1tn\u0151j\u00e9vel. Unokatestv\u00e9re bar\u00e1tn\u0151je 4 h\u00f3napos terhes volt \u00e9s nem akart\u00e1k megtartani a bab\u00e1t.<\/p>\n<p>Adasevic nem volt k\u00e9pes visszautas\u00edtani rokon\u00e1t, \u00edgy vonakodva b\u00e1r, de megcsin\u00e1lta az abortuszt. Mik\u00f6zben v\u00e9gezte a beavatkoz\u00e1st, egy alig kifejl\u0151d\u00f6tt kis kezet t\u00e1vol\u00edtott el, amelyet t\u00e9ved\u00e9sb\u0151l a m\u0171t\u0151asztal azon r\u00e9sz\u00e9re tett, ahova kor\u00e1bban j\u00f3d \u00f6ml\u00f6tt. A k\u00e9zben l\u00e9v\u0151 idegv\u00e9gz\u0151d\u00e9sek a j\u00f3dhoz \u00e9rve \u00f6nk\u00e9ntelen\u00fcl reag\u00e1ltak \u00e9s a k\u00e9z reflexmozg\u00e1sokat v\u00e9gzett. Adasevic d\u00f6bbenten b\u00e1mult, sokkolta a horrorisztikus l\u00e1tv\u00e1ny. A k\u00f6vetkez\u0151 l\u00e9p\u00e9s a l\u00e1b elt\u00e1vol\u00edt\u00e1sa volt az anyam\u00e9hb\u0151l. Az elt\u00e1vol\u00edtott v\u00e9gtagot m\u00e1r t\u00e1vol akarta helyezni a ki\u00f6ml\u00f6tt j\u00f3dt\u00f3l, azonban valami megzavarta \u0151t, \u00edgy v\u00e9letlen\u00fcl \u00f6szt\u00f6n\u00f6sen a k\u00e9z mell\u00e9 rakta azt, mely ugyan\u00fagy reag\u00e1lt a j\u00f3dra \u00e9s mozogni kezdett.<\/p>\n<p><em>A mozg\u00f3 v\u00e9gtagok teljesen sokkolt\u00e1k Adasevicet.<\/em><\/p>\n<p>Nem akart m\u00e1r t\u00f6bb testr\u00e9szt elt\u00e1vol\u00edtani vagy azok akaratlan mozg\u00e1s\u00e1t v\u00e9gign\u00e9zni, \u00edgy m\u00e9g az anyam\u00e9hben sz\u00e9tz\u00fazta a r\u00e9szeket \u00e9s csak azut\u00e1n t\u00e1vol\u00edtotta el. Amikor azonban \u00fagy gondolta, hogy az \u00f6sszes elhalt szervet \u00e9s r\u00e9szt sz\u00e9tz\u00fazta, csipesz\u00e9vel beny\u00falt, majd a baba sz\u00edve ker\u00fclt el\u0151.<\/p>\n<p>\u201cCsak n\u00e9ztem \u00e9s n\u00e9ztem az emberi sz\u00edvet, ami elb\u0171v\u00f6l\u0151 volt, csod\u00e1latos \u00e9s csak dobogott, dobogott \u00e9s dobogott. Azt hittem meg\u0151r\u00fcl\u00f6k.\u201d mondta Adasevic. \u201c\u00c9s v\u00e9gig kellett n\u00e9znem, ahogy a sz\u00edvver\u00e9s lassul \u00e9s egyre csak lassul\u2026am\u00edg v\u00e9gleg meg nem \u00e1llt. Senki nem tudja elhinni \u00e9s felfogni mindazt, amit a saj\u00e1t szememmel l\u00e1ttam \u00e9s<\/p>\n<p><em>ami v\u00e9glegesen meggy\u0151z\u00f6tt arr\u00f3l, hogy abortuszt elk\u00f6vetni gyilkoss\u00e1g.\u201d -mondta Adasevic.<\/em><\/p>\n<p>Miut\u00e1n befejezte a beavatkoz\u00e1st, meghozta a v\u00e9gs\u0151 elhat\u00e1roz\u00e1st: nem fog a j\u00f6v\u0151ben abortuszt v\u00e9gezni. T\u00e1j\u00e9koztatta d\u00f6nt\u00e9s\u00e9r\u0151l a k\u00f3rh\u00e1zat, ezzel az els\u0151 olyan orvos volt, aki ezt megl\u00e9pte Szerbi\u00e1ban. D\u00f6nt\u00e9s\u00e9\u00e9rt s\u00falyos \u00e1rat fizetett: fizet\u00e9se fel\u00e9re cs\u00f6kkent, l\u00e1ny\u00e1t kir\u00fagt\u00e1k \u00e9s fia nem iratkozhatott be az \u00e1llami egyetemre.<\/p>\n<p><em>Mindazon\u00e1ltal Adasevic kulcsfigur\u00e1v\u00e1 v\u00e1lt az orsz\u00e1gban, a meg nem sz\u00fcletett magzatok \u00e9letben marad\u00e1s\u00e1\u00e9rt harcol. T\u00f6rt\u00e9net\u00e9t r\u00e1di\u00f3kban, telev\u00edzi\u00f3kban osztja meg Kelet-Eur\u00f3pa szerte. Ortodox kereszt\u00e9nyk\u00e9nt akt\u00edvan harcol az \u00e9let\u00e9rt \u00e9s az \u00e9letben marad\u00e1s jog\u00e1\u00e9rt!<\/em><\/p>\n<p style=\"text-align: right;\"><em>Forr\u00e1s \u00e9s k\u00e9p: Catholic News Agency, Nicelife.hu,\u00a0S4C.news\u00a0<\/em><\/p>\n<p style=\"text-align: right;\"><em><a href=\"https:\/\/777blog.hu\/2018\/07\/17\/ez-vezetett-az-abortuszokat-vegzo-orvos-megteresehez\/\">777blog.hu<\/a><\/em><\/p>\n","protected":false},"excerpt":{"rendered":"<p>Stojan Adasevic egy abortuszt v\u00e9gz\u0151 orvos Szerbi\u00e1b\u00f3l, aki t\u00f6bb mint 20 \u00e9ven kereszt\u00fcl v\u00e9gzett beavatkoz\u00e1sokat, m\u00e1ra azonban \u0151 lett a m\u00e9g meg nem sz\u00fcletett magzatok legnagyobb v\u00e9delmez\u0151je az orsz\u00e1gban. Az abortuszban meghalt gyermekekr\u0151l sz\u00f3l\u00f3 visszat\u00e9r\u0151 r\u00e9m\u00e1lmok vezettek a doktor d\u00f6nt\u00e9s\u00e9hez, amit t\u00edz \u00e9ve hozott meg. A f\u00e9rfi huszonhat \u00e9ven kereszt\u00fcl dolgozott abortuszt is v\u00e9gz\u0151 orvosk\u00e9nt, [&hellip;]<\/p>\n","protected":false},"author":1,"featured_media":7483,"comment_status":"open","ping_status":"open","sticky":false,"template":"","format":"standard","meta":{"_acf_changed":false,"_et_pb_use_builder":"","_et_pb_old_content":"","_et_gb_content_width":"","footnotes":""},"categories":[52],"tags":[],"class_list":["post-7482","post","type-post","status-publish","format-standard","has-post-thumbnail","hentry","category-tanusagtetelek","et-has-post-format-content","et_post_format-et-post-format-standard"],"acf":[],"_links":{"self":[{"href":"https:\/\/munkacs-diocese.org\/hu\/wp-json\/wp\/v2\/posts\/7482"}],"collection":[{"href":"https:\/\/munkacs-diocese.org\/hu\/wp-json\/wp\/v2\/posts"}],"about":[{"href":"https:\/\/munkacs-diocese.org\/hu\/wp-json\/wp\/v2\/types\/post"}],"author":[{"embeddable":true,"href":"https:\/\/munkacs-diocese.org\/hu\/wp-json\/wp\/v2\/users\/1"}],"replies":[{"embeddable":true,"href":"https:\/\/munkacs-diocese.org\/hu\/wp-json\/wp\/v2\/comments?post=7482"}],"version-history":[{"count":1,"href":"https:\/\/munkacs-diocese.org\/hu\/wp-json\/wp\/v2\/posts\/7482\/revisions"}],"predecessor-version":[{"id":7484,"href":"https:\/\/munkacs-diocese.org\/hu\/wp-json\/wp\/v2\/posts\/7482\/revisions\/7484"}],"wp:featuredmedia":[{"embeddable":true,"href":"https:\/\/munkacs-diocese.org\/hu\/wp-json\/wp\/v2\/media\/7483"}],"wp:attachment":[{"href":"https:\/\/munkacs-diocese.org\/hu\/wp-json\/wp\/v2\/media?parent=7482"}],"wp:term":[{"taxonomy":"category","embeddable":true,"href":"https:\/\/munkacs-diocese.org\/hu\/wp-json\/wp\/v2\/categories?post=7482"},{"taxonomy":"post_tag","embeddable":true,"href":"https:\/\/munkacs-diocese.org\/hu\/wp-json\/wp\/v2\/tags?post=7482"}],"curies":[{"name":"wp","href":"https:\/\/api.w.org\/{rel}","templated":true}]}}