{"id":7401,"date":"2020-03-14T10:19:20","date_gmt":"2020-03-14T09:19:20","guid":{"rendered":"http:\/\/munkacs-diocese.org\/hu\/?p=7401"},"modified":"2020-03-18T15:38:42","modified_gmt":"2020-03-18T14:38:42","slug":"az-ukrajnai-romai-katolikus-egyhaz-puspokeinek-kozlemenye-a-koronavirus-jarvany-miatt-kialakult-helyzetrol","status":"publish","type":"post","link":"https:\/\/munkacs-diocese.org\/hu\/2020\/03\/14\/az-ukrajnai-romai-katolikus-egyhaz-puspokeinek-kozlemenye-a-koronavirus-jarvany-miatt-kialakult-helyzetrol\/","title":{"rendered":"Az Ukrajnai R\u00f3mai Katolikus Egyh\u00e1z p\u00fcsp\u00f6keinek k\u00f6zlem\u00e9nye a koronav\u00edrus-j\u00e1rv\u00e1ny miatt kialakult helyzetr\u0151l"},"content":{"rendered":"<div id=\"fb-root\"><\/div>\n<p><em><strong>\u201e\u00c9h\u00edns\u00e9gt\u0151l, d\u00f6ghal\u00e1lt\u00f3l, t\u0171zv\u00e9szt\u0151l \u00e9s h\u00e1bor\u00fat\u00f3l ments meg, Uram, minket!\u201d<\/strong><\/em><\/p>\n<p>Ennek az im\u00e1nak szavaival fordul az Egyh\u00e1z rem\u00e9nykedve az \u00darhoz, hogy k\u00f6ny\u00f6r\u00f6gve k\u00e9rje: v\u00e9djen meg minket a kataklizm\u00e1kt\u00f3l, az \u00e9hs\u00e9gt\u0151l, t\u0171zv\u00e9szt\u0151l, h\u00e1bor\u00fat\u00f3l \u00e9s a d\u00f6ghal\u00e1lt\u00f3l \u2013 vagyis a t\u00f6meges fert\u0151z\u0151 megbeteged\u00e9st\u0151l. Annak idej\u00e9n ezzel a sz\u00f3val nevezt\u00e9k meg a k\u00f6z\u00e9pkor k\u00fcl\u00f6nf\u00e9le j\u00e1rv\u00e1nyait. A koronav\u00edrus-j\u00e1rv\u00e1ny (COVID-19) okozta vesz\u00e9lyhelyzetben mi is arra buzd\u00edtunk benneteket, hogy ki\u00e1ltsunk fel Ahhoz, Aki az \u00e9let szerz\u0151je. Szem\u00fcnk \u00e9s sz\u00edv\u00fcnk tekintsen f\u00f6lfel\u00e9, ahonnan a seg\u00edts\u00e9g j\u00f6n, hiszen az \u00dart\u00f3l van a seg\u00edts\u00e9g, Aki az eget \u00e9s a f\u00f6ldet alkotta (v\u00f6. 121. zsolt\u00e1r).<\/p>\n<p>Tekintettel arra a lehet\u0151s\u00e9gre, hogy Ukrajna eg\u00e9sz ter\u00fclet\u00e9n \u00e1ltal\u00e1nos karant\u00e9nt vezethetnek be, szeretn\u00e9nk t\u00e1j\u00e9koztatni \u00e9s az al\u00e1bbiakra b\u00e1tor\u00edtani benneteket:<\/p>\n<p><strong>1. Ima az \u00darhoz.<\/strong> Minden szentmise z\u00e1r\u00f3 \u00e1ld\u00e1sa ut\u00e1n hangozzon fel templomainkban az <strong>ima a koronav\u00edrus-j\u00e1rv\u00e1ny terjed\u00e9s\u00e9nek megsz\u0171n\u00e9s\u00e9\u00e9rt<\/strong>, \u00e9s im\u00e1dkozzuk a fent eml\u00edtett im\u00e1t is. Egy\u00e9ni \u00e9s k\u00f6z\u00f6s im\u00e1inkban eml\u00e9kezz\u00fcnk meg mindenekel\u0151tt a betegekr\u0151l \u00e9s az eg\u00e9szs\u00e9g\u00fcgyben dolgoz\u00f3kr\u00f3l, akik ezzel a betegs\u00e9ggel k\u00fczdenek.<\/p>\n<p><strong>2. A hal\u00e1l vesz\u00e9lye minden embert arra k\u00e9sztet, hogy elgondolkodjon saj\u00e1t \u00e9let\u00e9n.<\/strong> Legyen sz\u00e1munkra ez az id\u0151szak a lelkiismeret-vizsg\u00e1lat \u00e9s a b\u0171nb\u00e1nat ideje, amit k\u00fcl\u00f6n\u00f6sen is gyakoroljunk a b\u0171nb\u00e1nat szents\u00e9g\u00e9ben (k\u00e9rj\u00fck a papokat, hozzanak tov\u00e1bbi biztons\u00e1gi int\u00e9zked\u00e9seket a gy\u00f3ntat\u00e1s alatt).<\/p>\n<p><strong>3. A j\u00e1rv\u00e1ny val\u00f3sz\u00edn\u0171 kit\u00f6r\u00e9se eset\u00e9n ne hagyjuk el az \u00c9let Kenyer\u00e9nek<\/strong> \u2013 az Euchariszti\u00e1nak \u2013 v\u00e9tel\u00e9t. Annak \u00e9rdek\u00e9ben, hogy korl\u00e1tozzuk a megbeteged\u00e9s lehet\u0151s\u00e9g\u00e9t, ugyanakkor viszont ne kelljen lemondanunk arr\u00f3l, hogy r\u00e9szesedj\u00fcnk az Euchariszti\u00e1ban, \u00edgy hat\u00e1roztunk:<\/p>\n<p><strong>Sz\u00fcks\u00e9g eset\u00e9n n\u00f6velni kell a szentmis\u00e9k sz\u00e1m\u00e1t,<\/strong> \u00edgy a h\u00edvek sz\u00e1ma megoszlik egy-egy liturgi\u00e1n.<\/p>\n<p><strong>A szenteltv\u00edztart\u00f3kat<\/strong> ki kell \u00fcr\u00edteni a templomokban.<\/p>\n<p>A h\u00edvek igyekezzenek <strong>biztons\u00e1gos t\u00e1vols\u00e1got<\/strong> tartani egym\u00e1ssal.<\/p>\n<p>A karant\u00e9n ideje alatt a \u201eb\u00e9ke jel\u00e9t\u201d meghajl\u00e1ssal vagy b\u00f3lint\u00e1ssal jelezz\u00fck, <strong>k\u00e9zfog\u00e1s n\u00e9lk\u00fcl.<\/strong><\/p>\n<p>A h\u00edveknek a betegs\u00e9gt\u0151l legink\u00e1bb fenyegetett csoportjai (gyermekek, id\u0151s kor\u00faak, valamint a betegek) v\u00e9delm\u00e9t k\u00fcl\u00f6n\u00f6sen is biztos\u00edtani kell. \u0150ket arra k\u00e9rj\u00fck, hogy a karant\u00e9n ideje alatt maradjanak otthon, az Egyh\u00e1z liturgi\u00e1j\u00e1ba a M\u00e1ria R\u00e1di\u00f3 \u00e9s az EWTN telev\u00edzi\u00f3 ad\u00e1sain kereszt\u00fcl kapcsol\u00f3djanak be, mely k\u00f6zben lelki \u00e1ldoz\u00e1st is v\u00e9gezhetnek.<\/p>\n<p><strong>Teljess\u00e9ggel elfogadhatatlan, hogy egy beteg ember a saj\u00e1t \u00e9s m\u00e1sok kock\u00e1zat\u00e1s\u00e1val szentmis\u00e9n vegyen r\u00e9szt!<\/strong> Sz\u00e1mukra <strong>biztos\u00edtani kell annak lehet\u0151s\u00e9g\u00e9t, hogy otthonukban r\u00e9szes\u00fclhessenek a szents\u00e9gekben<\/strong>, betartva a biztons\u00e1gi szab\u00e1lyokat \u00e9s a lehets\u00e9ges fert\u0151z\u00e9s megel\u0151z\u00e9s\u00e9t szolg\u00e1l\u00f3 szab\u00e1lyokat is.<br \/>\nEbben az id\u0151szakban arra kell t\u00f6rekedn\u00fcnk, h\u00edveknek \u00e9s papoknak egyar\u00e1nt, hogy fokozott \u00e9rz\u00e9kenys\u00e9ggel szolg\u00e1ljuk beteg embert\u00e1rsainkat az olyan szentek, mint pl. Borromeo Szent K\u00e1roly \u00e9s Gonz\u00e1ga Szent Alajos h\u0151siess\u00e9g\u00e9b\u0151l mer\u00edtve.<\/p>\n<p>Ne ess\u00fcnk p\u00e1nikba, \u00e9s k\u00f6vess\u00fck az Eg\u00e9szs\u00e9g\u00fcgyi Miniszt\u00e9rium \u00e9s m\u00e1s illet\u00e9kes korm\u00e1nyzati szervek rendelkez\u00e9seit. Eml\u00e9kezz\u00fcnk Sir\u00e1k fia k\u00f6nyv\u00e9nek szavaira: \u201eTiszteld az orvost, mert j\u00f3 szolg\u00e1latot tesz, meg h\u00e1t az orvos is Isten teremtm\u00e9nye. A gy\u00f3gyul\u00e1s \u00fagy j\u00f6n a Magass\u00e1gbelit\u0151l, mint az aj\u00e1nd\u00e9k, amit a kir\u00e1lyt\u00f3l kapsz\u201d (Sir 38,1).<\/p>\n<p>A Kivonul\u00e1s k\u00f6nyv\u00e9ben a k\u00f6vetkez\u0151 szavakat olvassuk: \u201eHa hallgatsz Uradnak, Istenednek szav\u00e1ra, \u00e9s azt teszed, ami helyes az \u0151 szem\u00e9ben, ha engedelmeskedsz parancsainak, \u00e9s k\u00f6veted minden utas\u00edt\u00e1s\u00e1t, akkor nem s\u00fajtalak semmif\u00e9le betegs\u00e9ggel, amelyekkel az egyiptomiakat s\u00fajtottam. \u00c9n, az \u00dar vagyok a te orvosod\u201d (Kiv 15,26).<\/p>\n<p>Az irgalmas Isten mutassa meg rajtunk gy\u00f3gy\u00edt\u00f3 hatalm\u00e1t, mi pedig m\u00e9g ink\u00e1bb t\u00e9rj\u00fcnk meg Hozz\u00e1!<\/p>\n<p>N. 6\/2020<\/p>\n<p style=\"text-align: right;\"><strong>Ukrajna r\u00f3mai katolikus p\u00fcsp\u00f6kei<\/strong><\/p>\n<p><em>Kieg\u00e9sz\u00edt\u00e9s:<\/em><\/p>\n<p><strong><a id=\"ima\"><\/a>Ima a koronav\u00edrus-j\u00e1rv\u00e1ny terjed\u00e9s\u00e9nek megsz\u0171n\u00e9s\u00e9\u00e9rt<\/strong><\/p>\n<p>Aty\u00e1nk, bizalommal k\u00e9r\u00fcnk t\u00e9ged, hogy a koronav\u00edrus ne okozzon t\u00f6bb k\u00e1rt, \u00e9s hogy a j\u00e1rv\u00e1nyt min\u00e9l el\u0151bb le lehessen gy\u0151zni. K\u00e9r\u00fcnk t\u00e9ged, adj a betegeknek gy\u00f3gyul\u00e1st, \u00e9s adj b\u00e9k\u00e9t azokon a helyeken, ahol megjelent a koronav\u00edrus. Fogadd magadhoz azokat, akik ebben a betegs\u00e9gben hunytak el, vigasztald meg csal\u00e1djaikat. T\u00e1mogasd \u00e9s \u0151rizd az eg\u00e9szs\u00e9g\u00fcgyben dolgoz\u00f3kat, akik a v\u00edrussal k\u00fczdenek, inspir\u00e1ld \u00e9s \u00e1ldd meg azokat, akik igyekeznek \u00farr\u00e1 lenni a helyzeten. Urunk J\u00e9zus, test\u00fcnk \u00e9s lelk\u00fcnk orvosa, tan\u00e1cstalannak \u00e9rezz\u00fck magunkat ennek a glob\u00e1lis fenyeget\u00e9snek \u00e1rny\u00e9k\u00e1ban, de b\u00edzunk Benned; adj nek\u00fcnk b\u00e9k\u00e9t \u00e9s eg\u00e9szs\u00e9get. Szents\u00e9ges Sz\u0171zany\u00e1nk, vigy\u00e1zz r\u00e1nk \u00e9s oltalmazz minket, vezess minket szeretetben Fiadhoz, J\u00e9zushoz. \u00c1men.<\/p>\n<p>Szent Sebesty\u00e9n, k\u00f6ny\u00f6r\u00f6gj \u00e9rt\u00fcnk!<br \/>\nR\u00f3mai Szent Franciska, k\u00f6ny\u00f6r\u00f6gj \u00e9rt\u00fcnk!<br \/>\nSzent R\u00f3kus, k\u00f6ny\u00f6r\u00f6gj \u00e9rt\u00fcnk!<br \/>\nSzent Roz\u00e1lia, k\u00f6ny\u00f6r\u00f6gj \u00e9rt\u00fcnk!<br \/>\nBorromeo Szent K\u00e1roly, k\u00f6ny\u00f6r\u00f6gj \u00e9rt\u00fcnk!<br \/>\nGonz\u00e1ga Szent Alajos, k\u00f6ny\u00f6r\u00f6gj \u00e9rt\u00fcnk!<\/p>\n<p><strong>K\u00f6ny\u00f6rg\u00e9s<\/strong><\/p>\n<p>Szent Isten, szent er\u0151s Isten, szent halhatatlan Isten, irgalmazz nek\u00fcnk!<br \/>\n\u00c9h\u00edns\u00e9gt\u0151l, j\u00e1rv\u00e1nyt\u00f3l, t\u0171zv\u00e9szt\u0151l \u00e9s h\u00e1bor\u00fat\u00f3l ments meg, Uram, minket!<\/p>\n<p>A hirtelen \u00e9s k\u00e9sz\u00fcletlen hal\u00e1lt\u00f3l ments meg, Uram, minket!<\/p>\n<p>Mi b\u0171n\u00f6s\u00f6k k\u00e9r\u00fcnk t\u00e9ged: hallgass meg minket, Urunk!<\/p>\n","protected":false},"excerpt":{"rendered":"<p>\u201e\u00c9h\u00edns\u00e9gt\u0151l, d\u00f6ghal\u00e1lt\u00f3l, t\u0171zv\u00e9szt\u0151l \u00e9s h\u00e1bor\u00fat\u00f3l ments meg, Uram, minket!\u201d Ennek az im\u00e1nak szavaival fordul az Egyh\u00e1z rem\u00e9nykedve az \u00darhoz, hogy k\u00f6ny\u00f6r\u00f6gve k\u00e9rje: v\u00e9djen meg minket a kataklizm\u00e1kt\u00f3l, az \u00e9hs\u00e9gt\u0151l, t\u0171zv\u00e9szt\u0151l, h\u00e1bor\u00fat\u00f3l \u00e9s a d\u00f6ghal\u00e1lt\u00f3l \u2013 vagyis a t\u00f6meges fert\u0151z\u0151 megbeteged\u00e9st\u0151l. Annak idej\u00e9n ezzel a sz\u00f3val nevezt\u00e9k meg a k\u00f6z\u00e9pkor k\u00fcl\u00f6nf\u00e9le j\u00e1rv\u00e1nyait. A koronav\u00edrus-j\u00e1rv\u00e1ny (COVID-19) okozta [&hellip;]<\/p>\n","protected":false},"author":1,"featured_media":7403,"comment_status":"open","ping_status":"open","sticky":false,"template":"","format":"standard","meta":{"_acf_changed":false,"_et_pb_use_builder":"","_et_pb_old_content":"","_et_gb_content_width":"","footnotes":""},"categories":[10,60],"tags":[],"class_list":["post-7401","post","type-post","status-publish","format-standard","has-post-thumbnail","hentry","category-aktualis-hirek","category-egyeb-egyhazi-hirek","et-has-post-format-content","et_post_format-et-post-format-standard"],"acf":[],"_links":{"self":[{"href":"https:\/\/munkacs-diocese.org\/hu\/wp-json\/wp\/v2\/posts\/7401"}],"collection":[{"href":"https:\/\/munkacs-diocese.org\/hu\/wp-json\/wp\/v2\/posts"}],"about":[{"href":"https:\/\/munkacs-diocese.org\/hu\/wp-json\/wp\/v2\/types\/post"}],"author":[{"embeddable":true,"href":"https:\/\/munkacs-diocese.org\/hu\/wp-json\/wp\/v2\/users\/1"}],"replies":[{"embeddable":true,"href":"https:\/\/munkacs-diocese.org\/hu\/wp-json\/wp\/v2\/comments?post=7401"}],"version-history":[{"count":3,"href":"https:\/\/munkacs-diocese.org\/hu\/wp-json\/wp\/v2\/posts\/7401\/revisions"}],"predecessor-version":[{"id":7422,"href":"https:\/\/munkacs-diocese.org\/hu\/wp-json\/wp\/v2\/posts\/7401\/revisions\/7422"}],"wp:featuredmedia":[{"embeddable":true,"href":"https:\/\/munkacs-diocese.org\/hu\/wp-json\/wp\/v2\/media\/7403"}],"wp:attachment":[{"href":"https:\/\/munkacs-diocese.org\/hu\/wp-json\/wp\/v2\/media?parent=7401"}],"wp:term":[{"taxonomy":"category","embeddable":true,"href":"https:\/\/munkacs-diocese.org\/hu\/wp-json\/wp\/v2\/categories?post=7401"},{"taxonomy":"post_tag","embeddable":true,"href":"https:\/\/munkacs-diocese.org\/hu\/wp-json\/wp\/v2\/tags?post=7401"}],"curies":[{"name":"wp","href":"https:\/\/api.w.org\/{rel}","templated":true}]}}