{"id":731,"date":"2012-10-22T14:55:17","date_gmt":"2012-10-22T11:55:17","guid":{"rendered":"http:\/\/munkacs-diocese.org\/hu\/2012\/10\/22\/zarandoklat-medjugorjeba\/"},"modified":"2012-10-22T14:55:17","modified_gmt":"2012-10-22T11:55:17","slug":"zarandoklat-medjugorjeba","status":"publish","type":"post","link":"https:\/\/munkacs-diocese.org\/hu\/2012\/10\/22\/zarandoklat-medjugorjeba\/","title":{"rendered":"Zar\u00e1ndoklat Medjugorj\u00e9ba"},"content":{"rendered":"<div id=\"fb-root\"><\/div>\n<p style=\"text-align: center;\"><strong>Zar\u00e1ndoklat Medjugorj\u00e9ba<\/strong><\/p>\n<p><img loading=\"lazy\" decoding=\"async\" class=\" alignleft size-full wp-image-730\" style=\"float: left;\" src=\"https:\/\/munkacs-diocese.org\/hu\/wp-content\/uploads\/2012\/10\/8-szam-39.jpg\" alt=\"\" height=\"93\" width=\"124\" srcset=\"https:\/\/munkacs-diocese.org\/hu\/wp-content\/uploads\/2012\/10\/8-szam-39.jpg 640w, https:\/\/munkacs-diocese.org\/hu\/wp-content\/uploads\/2012\/10\/8-szam-39-300x225.jpg 300w, https:\/\/munkacs-diocese.org\/hu\/wp-content\/uploads\/2012\/10\/8-szam-39-510x382.jpg 510w\" sizes=\"(max-width: 124px) 100vw, 124px\" \/>T\u00f6bb \u00e9v sz\u00fcnet ut\u00e1n id\u00e9n ny\u00e1ron ism\u00e9t zar\u00e1ndoklatot szervezt\u00fcnk Medjugorj\u00e9ba. J\u00falius 15-\u00e9n mintegy nyolcvan k\u00e1rp\u00e1taljai zar\u00e1ndok indult \u00fatnak Mikuly\u00e1k L\u00e1szl\u00f3 atya vezet\u00e9s\u00e9vel, hogy ell\u00e1togasson a boszniai helys\u00e9gbe, a M\u00e1ria-jelen\u00e9sek hely\u00e9re. Nagy meglepet\u00e9s\u00fcnkre kider\u00fclt, hogy m\u00e9g egy magyar zar\u00e1ndokcsoport tart\u00f3zkodik Medjugorj\u00e9ban, melynek lelkivezet\u0151je Juh\u00e1sz J\u00e1nos atya, aki sz\u0171kebb haz\u00e1nkban, Rah\u00f3n is szolg\u00e1lt. \u00cdgy k\u00f6z\u00f6sen szervezhett\u00fck programjainkat.  <!--more--> Az ott t\u00f6lt\u00f6tt id\u0151 alatt minden nap k\u00f6z\u00f6s magyar szentmis\u00e9n vett\u00fcnk r\u00e9szt, megl\u00e1togattuk a Cenacolo k\u00f6z\u00f6ss\u00e9get, est\u00e9nk\u00e9nt pedig szents\u00e9gim\u00e1d\u00e1son vett\u00fcnk r\u00e9szt, ahol egy\u00fctt im\u00e1dkoztunk a t\u00f6bb sz\u00e1z zar\u00e1ndokkal. Igencsak nagy er\u0151pr\u00f3b\u00e1t ig\u00e9nyelt a kereszt\u00fat, melyet a Kri\u017eevac szikl\u00e1s k\u00f6vein f\u00f6lkapaszkodva a hegytet\u0151re menet v\u00e9gezt\u00fcnk el. Isten k\u00f6zels\u00e9g\u00e9t sugallta a sok term\u00e9szeti sz\u00e9ps\u00e9g a jelen\u00e9sek hegy\u00e9n v\u00e9gzett r\u00f3zsaf\u00fcz\u00e9r k\u00f6zben.<br \/>Hatalmas \u00e9lm\u00e9ny volt tal\u00e1lkozni az egyik l\u00e1tnokkal, Ivank\u00e1val, aki ism\u00e9t tan\u00fas\u00e1got tett \u00e9s tolm\u00e1csolta a Sz\u0171zanya \u00fczenet\u00e9t: \u201eHogyha tudn\u00e1tok, mennyire szeretlek titeket, akkor \u00f6r\u00f6m\u00f6t\u00f6kben s\u00edrn\u00e1tok\u201d, \u00e9s arra k\u00e9rte a jelenl\u00e9v\u0151ket, hogy sz\u00fcntelen\u00fcl im\u00e1dkozzanak. Zar\u00e1ndoklatunk utols\u00f3 napj\u00e1n r\u00f6pke lelkigyakorlaton vett\u00fcnk r\u00e9szt, melyet Marinko \u0160akota atya tartott. M\u00e1snap sok-sok \u00e9lm\u00e9nnyel \u00e9s \u00e9rz\u00e9ssel telve indultunk haza, egy horv\u00e1torsz\u00e1gi f\u00fcrd\u0151z\u0151s kit\u00e9r\u0151vel.<br \/>Gyorsan elrep\u00fclt ez a n\u00e9h\u00e1ny nap. J\u00f3 volt elmer\u00fclni Isten szeretet\u00e9ben. Meg\u00e1llva h\u00e1l\u00e1t adni im\u00e1ra kulcsolt k\u00e9zzel. Sz\u0171z M\u00e1ria oltalm\u00e1t k\u00e9rni. Er\u0151t mer\u00edteni a krisztusi hitb\u0151l \u00e9let\u00fcnk kereszt\u00fatj\u00e1ra.<\/p>\n<p style=\"text-align: right;\"><em>Lia<\/em><\/p>\n","protected":false},"excerpt":{"rendered":"<p>Zar\u00e1ndoklat Medjugorj\u00e9ba T\u00f6bb \u00e9v sz\u00fcnet ut\u00e1n id\u00e9n ny\u00e1ron ism\u00e9t zar\u00e1ndoklatot szervezt\u00fcnk Medjugorj\u00e9ba. J\u00falius 15-\u00e9n mintegy nyolcvan k\u00e1rp\u00e1taljai zar\u00e1ndok indult \u00fatnak Mikuly\u00e1k L\u00e1szl\u00f3 atya vezet\u00e9s\u00e9vel, hogy ell\u00e1togasson a boszniai helys\u00e9gbe, a M\u00e1ria-jelen\u00e9sek hely\u00e9re. Nagy meglepet\u00e9s\u00fcnkre kider\u00fclt, hogy m\u00e9g egy magyar zar\u00e1ndokcsoport tart\u00f3zkodik Medjugorj\u00e9ban, melynek lelkivezet\u0151je Juh\u00e1sz J\u00e1nos atya, aki sz\u0171kebb haz\u00e1nkban, Rah\u00f3n is szolg\u00e1lt. \u00cdgy k\u00f6z\u00f6sen [&hellip;]<\/p>\n","protected":false},"author":1,"featured_media":730,"comment_status":"open","ping_status":"open","sticky":false,"template":"","format":"standard","meta":{"_acf_changed":false,"_et_pb_use_builder":"","_et_pb_old_content":"","_et_gb_content_width":"","footnotes":""},"categories":[10],"tags":[],"class_list":["post-731","post","type-post","status-publish","format-standard","has-post-thumbnail","hentry","category-aktualis-hirek","et-has-post-format-content","et_post_format-et-post-format-standard"],"acf":[],"_links":{"self":[{"href":"https:\/\/munkacs-diocese.org\/hu\/wp-json\/wp\/v2\/posts\/731"}],"collection":[{"href":"https:\/\/munkacs-diocese.org\/hu\/wp-json\/wp\/v2\/posts"}],"about":[{"href":"https:\/\/munkacs-diocese.org\/hu\/wp-json\/wp\/v2\/types\/post"}],"author":[{"embeddable":true,"href":"https:\/\/munkacs-diocese.org\/hu\/wp-json\/wp\/v2\/users\/1"}],"replies":[{"embeddable":true,"href":"https:\/\/munkacs-diocese.org\/hu\/wp-json\/wp\/v2\/comments?post=731"}],"version-history":[{"count":0,"href":"https:\/\/munkacs-diocese.org\/hu\/wp-json\/wp\/v2\/posts\/731\/revisions"}],"wp:featuredmedia":[{"embeddable":true,"href":"https:\/\/munkacs-diocese.org\/hu\/wp-json\/wp\/v2\/media\/730"}],"wp:attachment":[{"href":"https:\/\/munkacs-diocese.org\/hu\/wp-json\/wp\/v2\/media?parent=731"}],"wp:term":[{"taxonomy":"category","embeddable":true,"href":"https:\/\/munkacs-diocese.org\/hu\/wp-json\/wp\/v2\/categories?post=731"},{"taxonomy":"post_tag","embeddable":true,"href":"https:\/\/munkacs-diocese.org\/hu\/wp-json\/wp\/v2\/tags?post=731"}],"curies":[{"name":"wp","href":"https:\/\/api.w.org\/{rel}","templated":true}]}}