{"id":7093,"date":"2019-11-11T13:57:18","date_gmt":"2019-11-11T12:57:18","guid":{"rendered":"http:\/\/munkacs-diocese.org\/hu\/?p=7093"},"modified":"2019-11-12T15:30:05","modified_gmt":"2019-11-12T14:30:05","slug":"segedpuspokot-kapott-egyhazmegyenk","status":"publish","type":"post","link":"https:\/\/munkacs-diocese.org\/hu\/2019\/11\/11\/segedpuspokot-kapott-egyhazmegyenk\/","title":{"rendered":"Seg\u00e9dp\u00fcsp\u00f6k\u00f6t kapott egyh\u00e1zmegy\u00e9nk!"},"content":{"rendered":"<div id=\"fb-root\"><\/div>\n<p>2019. november 11-\u00e9n, Tours-i Szent M\u00e1rton \u00fcnnep\u00e9n, a b\u00facs\u00fas szentmise v\u00e9g\u00e9n hirdett\u00e9k ki a munk\u00e1csi sz\u00e9kesegyh\u00e1zban, hogy Ferenc p\u00e1pa egyh\u00e1zmegy\u00e9nk seg\u00e9dp\u00fcsp\u00f6k\u00e9v\u00e9 nevezte ki Lucsok P\u00e9ter Mikl\u00f3s domonkos szerzetest. Titul\u00e1ris sz\u00e9kesegyh\u00e1z\u00e1ul Giru Marcellit jel\u00f6lte ki.<\/p>\n<p>Az \u00faj seg\u00e9dp\u00fcsp\u00f6k Munk\u00e1cson sz\u00fcletett 1974. m\u00e1rcius 26-\u00e1n. 1994-ben l\u00e9pett be a domonkos rendbe, ahol 2000-ben tett \u00f6r\u00f6kfogadalmat. Teol\u00f3giai tanulm\u00e1nyait Lengyelorsz\u00e1gban, Krakk\u00f3ban v\u00e9gezte. 2003. j\u00fanius 24-\u00e9n szentelte papp\u00e1 Majnek Antal p\u00fcsp\u00f6k a munk\u00e1csi sz\u00e9kesegyh\u00e1zban. Ezut\u00e1n Jalt\u00e1n, Szentp\u00e9terv\u00e1rott, Csortkivban, Lembergben \u00e9s Hmelnyickben szolg\u00e1lt. 2018-ban lett a lembergi domonkos k\u00f6z\u00f6ss\u00e9g el\u00f6lj\u00e1r\u00f3ja. Ismert lelki \u00edr\u00f3 \u00e9s lelkigyakorlat-vezet\u0151. Magyar anyanyelv\u00e9n k\u00edv\u00fcl ukr\u00e1nul, szlov\u00e1kul, oroszul, lengyel\u00fcl \u00e9s angolul is tud.<\/p>\n<p>Isten hozta egyh\u00e1zmegy\u00e9nkben!<\/p>\n","protected":false},"excerpt":{"rendered":"<p>2019. november 11-\u00e9n, Tours-i Szent M\u00e1rton \u00fcnnep\u00e9n, a b\u00facs\u00fas szentmise v\u00e9g\u00e9n hirdett\u00e9k ki a munk\u00e1csi sz\u00e9kesegyh\u00e1zban, hogy Ferenc p\u00e1pa egyh\u00e1zmegy\u00e9nk seg\u00e9dp\u00fcsp\u00f6k\u00e9v\u00e9 nevezte ki Lucsok P\u00e9ter Mikl\u00f3s domonkos szerzetest. Titul\u00e1ris sz\u00e9kesegyh\u00e1z\u00e1ul Giru Marcellit jel\u00f6lte ki. Az \u00faj seg\u00e9dp\u00fcsp\u00f6k Munk\u00e1cson sz\u00fcletett 1974. m\u00e1rcius 26-\u00e1n. 1994-ben l\u00e9pett be a domonkos rendbe, ahol 2000-ben tett \u00f6r\u00f6kfogadalmat. Teol\u00f3giai tanulm\u00e1nyait Lengyelorsz\u00e1gban, [&hellip;]<\/p>\n","protected":false},"author":1,"featured_media":7096,"comment_status":"open","ping_status":"open","sticky":false,"template":"","format":"standard","meta":{"_acf_changed":false,"_et_pb_use_builder":"","_et_pb_old_content":"","_et_gb_content_width":"","footnotes":""},"categories":[59],"tags":[],"class_list":["post-7093","post","type-post","status-publish","format-standard","has-post-thumbnail","hentry","category-egyhazmegyenk-hirei","et-has-post-format-content","et_post_format-et-post-format-standard"],"acf":[],"_links":{"self":[{"href":"https:\/\/munkacs-diocese.org\/hu\/wp-json\/wp\/v2\/posts\/7093"}],"collection":[{"href":"https:\/\/munkacs-diocese.org\/hu\/wp-json\/wp\/v2\/posts"}],"about":[{"href":"https:\/\/munkacs-diocese.org\/hu\/wp-json\/wp\/v2\/types\/post"}],"author":[{"embeddable":true,"href":"https:\/\/munkacs-diocese.org\/hu\/wp-json\/wp\/v2\/users\/1"}],"replies":[{"embeddable":true,"href":"https:\/\/munkacs-diocese.org\/hu\/wp-json\/wp\/v2\/comments?post=7093"}],"version-history":[{"count":2,"href":"https:\/\/munkacs-diocese.org\/hu\/wp-json\/wp\/v2\/posts\/7093\/revisions"}],"predecessor-version":[{"id":7104,"href":"https:\/\/munkacs-diocese.org\/hu\/wp-json\/wp\/v2\/posts\/7093\/revisions\/7104"}],"wp:featuredmedia":[{"embeddable":true,"href":"https:\/\/munkacs-diocese.org\/hu\/wp-json\/wp\/v2\/media\/7096"}],"wp:attachment":[{"href":"https:\/\/munkacs-diocese.org\/hu\/wp-json\/wp\/v2\/media?parent=7093"}],"wp:term":[{"taxonomy":"category","embeddable":true,"href":"https:\/\/munkacs-diocese.org\/hu\/wp-json\/wp\/v2\/categories?post=7093"},{"taxonomy":"post_tag","embeddable":true,"href":"https:\/\/munkacs-diocese.org\/hu\/wp-json\/wp\/v2\/tags?post=7093"}],"curies":[{"name":"wp","href":"https:\/\/api.w.org\/{rel}","templated":true}]}}