{"id":698,"date":"2012-09-21T12:00:28","date_gmt":"2012-09-21T09:00:28","guid":{"rendered":"http:\/\/munkacs-diocese.org\/hu\/2012\/09\/21\/szent-laszlo-kiraly-uennepe-bakosban\/"},"modified":"2012-09-21T12:00:28","modified_gmt":"2012-09-21T09:00:28","slug":"szent-laszlo-kiraly-uennepe-bakosban","status":"publish","type":"post","link":"https:\/\/munkacs-diocese.org\/hu\/2012\/09\/21\/szent-laszlo-kiraly-uennepe-bakosban\/","title":{"rendered":"Szent L\u00e1szl\u00f3 kir\u00e1ly \u00fcnnepe Bakosban"},"content":{"rendered":"<div id=\"fb-root\"><\/div>\n<div align=\"center\"><strong>Szent L\u00e1szl\u00f3 kir\u00e1ly \u00fcnnepe Bakosban<\/strong><\/div>\n<div align=\"center\">\u00a0<\/div>\n<div><img loading=\"lazy\" decoding=\"async\" class=\" alignleft size-full wp-image-697\" src=\"https:\/\/munkacs-diocese.org\/hu\/wp-content\/uploads\/2012\/09\/bakos.jpg\" border=\"0\" width=\"134\" height=\"99\" align=\"left\" srcset=\"https:\/\/munkacs-diocese.org\/hu\/wp-content\/uploads\/2012\/09\/bakos.jpg 700w, https:\/\/munkacs-diocese.org\/hu\/wp-content\/uploads\/2012\/09\/bakos-300x223.jpg 300w, https:\/\/munkacs-diocese.org\/hu\/wp-content\/uploads\/2012\/09\/bakos-510x382.jpg 510w\" sizes=\"(max-width: 134px) 100vw, 134px\" \/>Szent L\u00e1szl\u00f3 napj\u00e1n zs\u00fafol\u00e1sig megtelt a bakosi r\u00f3mai katolikus templom \u00e9s  parkja. Az \u00fcnnepi szentmis\u00e9t Koc\u00e1ver S\u00e1ndor n\u00e9gy napja felszentelt atya mutatta  be.<br \/>Szentbesz\u00e9d\u00e9ben r\u00e1mutatott: Isten p\u00e9ld\u00e1nak \u00e1ll\u00edtja el\u00e9nk Szent L\u00e1szl\u00f3  kir\u00e1lyunkat. P\u00e9ld\u00e1j\u00e1t l\u00e1tva elgondolkodunk, hogyan tudunk ebben a vil\u00e1gban  krisztusi \u00e9letet \u00e9lni.<br \/> <!--more--> Mindenkinek van kedves szentje, akinek a k\u00f6zbenj\u00e1r\u00e1s\u00e1t  k\u00e9ri a maga \u00e9s csal\u00e1dja sz\u00e1m\u00e1ra. De a k\u00f6zpont \u2013 maga az Isten. \u0150 az, aki  bel\u0151l\u00fcnk is szenteket teremt, ha hittel nyitjuk ki fel\u00e9je sz\u00edv\u00fcnket. Mindig  hagyjuk, hogy Isten legyen \u00e9let\u00fcnk k\u00f6zpontja. Ha nem hagyunk az \u00darnak helyet  sz\u00edv\u00fcnkben, ut\u00e1nunk j\u00f6n, mint a sz\u00e1z k\u00f6z\u00fcl az egy elveszett b\u00e1r\u00e1ny ut\u00e1n. Isten  nem hagy el senkit.<br \/>Szent L\u00e1szl\u00f3 kem\u00e9ny k\u00e9zzel, szil\u00e1rd erk\u00f6lccsel tudta  vezetni orsz\u00e1g\u00e1t. Nek\u00fcnk, katolikus kereszt\u00e9nyeknek is minden helyzetben tudnunk  kell, hogyan viselkedj\u00fcnk.<br \/>Minden hivat\u00e1sban k\u00f6z\u00f6s, hogy Isten azt akarja,  hogy mindny\u00e1jan boldogok legy\u00fcnk, szeretetben \u00e9lj\u00fcnk. Ne legyen az, hogy az  egyik embert szeretem, a m\u00e1sikat nem. A szeretet nem ismer felt\u00e9teleket. Ne  maradjon ki \u00e9let\u00fcnkb\u0151l a felebar\u00e1ti szeretet. Isten akarata szerint az\u00e9rt  szeretem felebar\u00e1tomat, mert van.<br \/>K\u00e9rj\u00fck Szent L\u00e1szl\u00f3 k\u00f6zbenj\u00e1r\u00e1s\u00e1t, hogy  tudjunk abban a szeretetben \u00e9lni, amit Isten rendelt. K\u00e9rj\u00fck Szent L\u00e1szl\u00f3nak, az  igaz hit bajnok\u00e1nak k\u00f6zbenj\u00e1r\u00e1s\u00e1t, hogy n\u00e9p\u00fcnk a hit \u00e9s a szentek \u00fatj\u00e1n az  \u00f6r\u00f6kk\u00e9val\u00f3s\u00e1g fel\u00e9 haladjon.<br \/>J\u00f3zsef atya, a h\u00e1zigazda megk\u00f6sz\u00f6nte az \u00fajmis\u00e9s  S\u00e1ndor aty\u00e1nak, hogy elfogadta a megh\u00edv\u00e1st \u00e9s bemutatta nek\u00fcnk a sz\u00edvet-lelket  felemel\u0151 \u00fcnnepi szentmis\u00e9t. K\u00f6sz\u00f6netet mondott a paptestv\u00e9reknek: Mankovics  S\u00e1ndornak, Michels Antalnak \u00e9s Los\u00e1k Istv\u00e1nnak, a helyi h\u00edveknek \u00e9s a  zar\u00e1ndokoknak, a k\u00f3rusnak, hogy jelenl\u00e9t\u00fckkel \u00e9s m\u0171k\u00f6d\u00e9s\u00fckkel szebb\u00e9 tett\u00e9k az  \u00fcnnepet.<br \/>Mi pedig szeretettel k\u00f6sz\u00f6ntj\u00fck J\u00f3zsef aty\u00e1t, akit Szent L\u00e1szl\u00f3  \u00fcnnep\u00e9n szenteltek papp\u00e1.<br \/>A szentmis\u00e9n a k\u00f6ny\u00f6rg\u00e9seket a vas\u00e1rnapi magyar  iskola kisiskol\u00e1sai olvast\u00e1k fel, gy\u00f6ny\u00f6r\u0171 kiejt\u00e9ssel.<br \/>K\u00f6sz\u00f6nj\u00fck a bakosi  h\u00edveknek, hogy \u00edzl\u00e9sesen, gy\u00f6ny\u00f6r\u0171en d\u00edsz\u00edtett templommal v\u00e1rtak. A 15 \u00e9ve \u00e9p\u00fclt  templom k\u00edv\u00fcl-bel\u00fcl nagyon sz\u00e9p. A templom el\u0151tt \u00e9s a templom k\u00f6r\u00fcl nagy,  rendezett park van, melynek \u00e9kess\u00e9ge a Sz\u0171zanyaszobor.<br \/>Itt, a parkban, az  igen \u00f6reg f\u00e1k \u00e1rny\u00e9k\u00e1ban a bakosi h\u00edvek nagy szeretettel, sok finoms\u00e1ggal  k\u00edn\u00e1ltak mindenkit, aki r\u00e9szt vett az \u00fcnnepi szentmis\u00e9n.<\/p>\n<div align=\"right\"><em>Borb\u00e9ly Ibolya\u00a0 <br \/><\/em><\/div>\n<\/div>\n","protected":false},"excerpt":{"rendered":"<p>Szent L\u00e1szl\u00f3 kir\u00e1ly \u00fcnnepe Bakosban \u00a0 Szent L\u00e1szl\u00f3 napj\u00e1n zs\u00fafol\u00e1sig megtelt a bakosi r\u00f3mai katolikus templom \u00e9s parkja. Az \u00fcnnepi szentmis\u00e9t Koc\u00e1ver S\u00e1ndor n\u00e9gy napja felszentelt atya mutatta be.Szentbesz\u00e9d\u00e9ben r\u00e1mutatott: Isten p\u00e9ld\u00e1nak \u00e1ll\u00edtja el\u00e9nk Szent L\u00e1szl\u00f3 kir\u00e1lyunkat. P\u00e9ld\u00e1j\u00e1t l\u00e1tva elgondolkodunk, hogyan tudunk ebben a vil\u00e1gban krisztusi \u00e9letet \u00e9lni.<\/p>\n","protected":false},"author":1,"featured_media":697,"comment_status":"open","ping_status":"open","sticky":false,"template":"","format":"standard","meta":{"_acf_changed":false,"_et_pb_use_builder":"","_et_pb_old_content":"","_et_gb_content_width":"","footnotes":""},"categories":[10],"tags":[],"class_list":["post-698","post","type-post","status-publish","format-standard","has-post-thumbnail","hentry","category-aktualis-hirek","et-has-post-format-content","et_post_format-et-post-format-standard"],"acf":[],"_links":{"self":[{"href":"https:\/\/munkacs-diocese.org\/hu\/wp-json\/wp\/v2\/posts\/698"}],"collection":[{"href":"https:\/\/munkacs-diocese.org\/hu\/wp-json\/wp\/v2\/posts"}],"about":[{"href":"https:\/\/munkacs-diocese.org\/hu\/wp-json\/wp\/v2\/types\/post"}],"author":[{"embeddable":true,"href":"https:\/\/munkacs-diocese.org\/hu\/wp-json\/wp\/v2\/users\/1"}],"replies":[{"embeddable":true,"href":"https:\/\/munkacs-diocese.org\/hu\/wp-json\/wp\/v2\/comments?post=698"}],"version-history":[{"count":0,"href":"https:\/\/munkacs-diocese.org\/hu\/wp-json\/wp\/v2\/posts\/698\/revisions"}],"wp:featuredmedia":[{"embeddable":true,"href":"https:\/\/munkacs-diocese.org\/hu\/wp-json\/wp\/v2\/media\/697"}],"wp:attachment":[{"href":"https:\/\/munkacs-diocese.org\/hu\/wp-json\/wp\/v2\/media?parent=698"}],"wp:term":[{"taxonomy":"category","embeddable":true,"href":"https:\/\/munkacs-diocese.org\/hu\/wp-json\/wp\/v2\/categories?post=698"},{"taxonomy":"post_tag","embeddable":true,"href":"https:\/\/munkacs-diocese.org\/hu\/wp-json\/wp\/v2\/tags?post=698"}],"curies":[{"name":"wp","href":"https:\/\/api.w.org\/{rel}","templated":true}]}}