{"id":6819,"date":"2019-05-23T16:16:42","date_gmt":"2019-05-23T14:16:42","guid":{"rendered":"http:\/\/munkacs-diocese.org\/hu\/?p=6819"},"modified":"2019-05-23T16:24:59","modified_gmt":"2019-05-23T14:24:59","slug":"don-bosco-a-szeretet-kuldetese","status":"publish","type":"post","link":"https:\/\/munkacs-diocese.org\/hu\/2019\/05\/23\/don-bosco-a-szeretet-kuldetese\/","title":{"rendered":"Don Bosco &#8211; A szeretet k\u00fcldet\u00e9se"},"content":{"rendered":"<div id=\"fb-root\"><\/div>\n<p>Bosco Szent J\u00e1nos, a szal\u00e9zi szerzetesrendnek a vil\u00e1g sz\u00e1m\u00e1ra Don Bosc\u00f3k\u00e9nt ismert alap\u00edt\u00f3ja, akit ellens\u00e9gei t\u00f6bbsz\u00f6r pr\u00f3b\u00e1ltak b\u00e1ntalmazni \u00e9s m\u0171v\u00e9t t\u00f6nkretenni, \u00e9jt nappall\u00e1 t\u00e9ve az\u00e9rt dolgozott, hogy seg\u00edtse, t\u00e1pl\u00e1lja \u00e9s tan\u00edtsa a nincstelen gyermekeket. Eg\u00e9sz \u00e9let\u00e9t az \u00e1rv\u00e1k, csavarg\u00f3k, gyermekmunk\u00e1sok \u00e9s fegyencek megseg\u00edt\u00e9s\u00e9re \u00e1ldozta. A meghat\u00f3 \u00e9s igaz t\u00f6rt\u00e9net Torino v\u00e1ros nagy szentj\u00e9nek p\u00e9ld\u00e1j\u00e1t mutatja be a vil\u00e1gnak, mintegy \u00e9l\u0151 felki\u00e1lt\u00f3jelk\u00e9nt, felh\u00edv\u00f3 \u00fczenet\u00fcl a szeretet erej\u00e9r\u0151l a mai kor ember\u00e9nek.<\/p>\n<p>1. r\u00e9sz &#8211;\u00a0<a href=\"https:\/\/videa.hu\/videok\/film-animacio\/don-bosco-1.-resz-hz5ocAdsMws0Vvae\" target=\"_blank\" rel=\"noopener\">https:\/\/videa.hu\/videok\/film-animacio\/don-bosco-1.-resz-hz5ocAdsMws0Vvae<\/a><\/p>\n<p>2. r\u00e9sz &#8211;\u00a0<a href=\"https:\/\/videa.hu\/videok\/film-animacio\/don-bosco-2.-resz-LBVDEx5S0GEGDBSm\" target=\"_blank\" rel=\"noopener\">https:\/\/videa.hu\/videok\/film-animacio\/don-bosco-2.-resz-LBVDEx5S0GEGDBSm<\/a><\/p>\n","protected":false},"excerpt":{"rendered":"<p>Bosco Szent J\u00e1nos, a szal\u00e9zi szerzetesrendnek a vil\u00e1g sz\u00e1m\u00e1ra Don Bosc\u00f3k\u00e9nt ismert alap\u00edt\u00f3ja, akit ellens\u00e9gei t\u00f6bbsz\u00f6r pr\u00f3b\u00e1ltak b\u00e1ntalmazni \u00e9s m\u0171v\u00e9t t\u00f6nkretenni, \u00e9jt nappall\u00e1 t\u00e9ve az\u00e9rt dolgozott, hogy seg\u00edtse, t\u00e1pl\u00e1lja \u00e9s tan\u00edtsa a nincstelen gyermekeket. Eg\u00e9sz \u00e9let\u00e9t az \u00e1rv\u00e1k, csavarg\u00f3k, gyermekmunk\u00e1sok \u00e9s fegyencek megseg\u00edt\u00e9s\u00e9re \u00e1ldozta. A meghat\u00f3 \u00e9s igaz t\u00f6rt\u00e9net Torino v\u00e1ros nagy szentj\u00e9nek p\u00e9ld\u00e1j\u00e1t mutatja [&hellip;]<\/p>\n","protected":false},"author":1,"featured_media":6820,"comment_status":"open","ping_status":"open","sticky":false,"template":"","format":"standard","meta":{"_acf_changed":false,"_et_pb_use_builder":"","_et_pb_old_content":"","_et_gb_content_width":"","footnotes":""},"categories":[12],"tags":[],"class_list":["post-6819","post","type-post","status-publish","format-standard","has-post-thumbnail","hentry","category-filmek","et-has-post-format-content","et_post_format-et-post-format-standard"],"acf":[],"_links":{"self":[{"href":"https:\/\/munkacs-diocese.org\/hu\/wp-json\/wp\/v2\/posts\/6819"}],"collection":[{"href":"https:\/\/munkacs-diocese.org\/hu\/wp-json\/wp\/v2\/posts"}],"about":[{"href":"https:\/\/munkacs-diocese.org\/hu\/wp-json\/wp\/v2\/types\/post"}],"author":[{"embeddable":true,"href":"https:\/\/munkacs-diocese.org\/hu\/wp-json\/wp\/v2\/users\/1"}],"replies":[{"embeddable":true,"href":"https:\/\/munkacs-diocese.org\/hu\/wp-json\/wp\/v2\/comments?post=6819"}],"version-history":[{"count":2,"href":"https:\/\/munkacs-diocese.org\/hu\/wp-json\/wp\/v2\/posts\/6819\/revisions"}],"predecessor-version":[{"id":6825,"href":"https:\/\/munkacs-diocese.org\/hu\/wp-json\/wp\/v2\/posts\/6819\/revisions\/6825"}],"wp:featuredmedia":[{"embeddable":true,"href":"https:\/\/munkacs-diocese.org\/hu\/wp-json\/wp\/v2\/media\/6820"}],"wp:attachment":[{"href":"https:\/\/munkacs-diocese.org\/hu\/wp-json\/wp\/v2\/media?parent=6819"}],"wp:term":[{"taxonomy":"category","embeddable":true,"href":"https:\/\/munkacs-diocese.org\/hu\/wp-json\/wp\/v2\/categories?post=6819"},{"taxonomy":"post_tag","embeddable":true,"href":"https:\/\/munkacs-diocese.org\/hu\/wp-json\/wp\/v2\/tags?post=6819"}],"curies":[{"name":"wp","href":"https:\/\/api.w.org\/{rel}","templated":true}]}}