{"id":678,"date":"2012-08-24T05:30:03","date_gmt":"2012-08-24T02:30:03","guid":{"rendered":"http:\/\/munkacs-diocese.org\/hu\/2012\/08\/24\/varga-lajos-vaci-puespoek-rahon-es-koernyeken-szent-istvan-uennepen\/"},"modified":"2012-08-24T05:30:03","modified_gmt":"2012-08-24T02:30:03","slug":"varga-lajos-vaci-puespoek-rahon-es-koernyeken-szent-istvan-uennepen","status":"publish","type":"post","link":"https:\/\/munkacs-diocese.org\/hu\/2012\/08\/24\/varga-lajos-vaci-puespoek-rahon-es-koernyeken-szent-istvan-uennepen\/","title":{"rendered":"Varga Lajos v\u00e1ci p\u00fcsp\u00f6k Rah\u00f3n \u00e9s k\u00f6rny\u00e9k\u00e9n Szent Istv\u00e1n \u00fcnnep\u00e9n"},"content":{"rendered":"<div id=\"fb-root\"><\/div>\n<div align=\"center\"><strong>Varga Lajos v\u00e1ci p\u00fcsp\u00f6k Rah\u00f3n \u00e9s k\u00f6rny\u00e9k\u00e9n Szent Istv\u00e1n \u00fcnnep\u00e9n<\/strong><\/div>\n<p><img loading=\"lazy\" decoding=\"async\" class=\" alignleft size-full wp-image-300\" src=\"https:\/\/munkacs-diocese.org\/hu\/wp-content\/uploads\/2011\/04\/001.jpg\" border=\"0\" width=\"130\" height=\"97\" align=\"left\" \/>Az elm\u00falt \u00e9vekben a Tisza-forr\u00e1svid\u00e9k\u00e9n igyeksz\u00fcnk nagy \u00fcnnep\u00e9lyess\u00e9ggel meg\u00fcnnepelni \u00e1llamalap\u00edt\u00f3 kir\u00e1lyunknak, Szent Istv\u00e1nnak \u00fcnnep\u00e9t, hogy ez\u00e1ltal is ad\u00f3zzunk nemzet\u00fcnk eme nagy szentje el\u0151tt, valamint, hogy er\u0151s\u00edts\u00fck az itt \u00e9l\u0151 sz\u00f3rv\u00e1nymagyars\u00e1g nemzeti \u00f6nazonoss\u00e1g\u00e1t.<br \/> <!--more--> Ebben az esztend\u0151ben esperesi ker\u00fclet\u00fcnk vend\u00e9ge volt, Dr. Varga Lajos v\u00e1ci seg\u00e9dp\u00fcsp\u00f6k \u00far, aki Mikuly\u00e1k L\u00e1szl\u00f3 esperes megh\u00edv\u00e1s\u00e1ra \u00e9rkezett a Fels\u0151-Tisza-vid\u00e9kre, hogy egy\u00fctt \u00fcnnepelhessen az itt \u00e9l\u0151 magyar r\u00f3mai katolikusokkal.<br \/>Augusztus 19-\u00e9n d\u00e9lel\u0151tt p\u00fcsp\u00f6k atya K\u0151r\u00f6smez\u0151n celebr\u00e1lt szentmis\u00e9t. A szentmise keret\u00e9ben meg\u00e1ldotta az \u201e\u00fajkenyeret\u201d, amely Isten gondoskod\u00f3 j\u00f3s\u00e1g\u00e1nak bizony\u00edt\u00e9ka mindny\u00e1junk sz\u00e1m\u00e1ra. A szentmise ut\u00e1n a f\u0151p\u00e1sztor megtekintette a templomot, a pl\u00e9b\u00e1ni\u00e1t \u00e9s k\u00f6z\u00f6ss\u00e9gi h\u00e1zat, majd pedig a szvidoveci templomot.<br \/>D\u00e9lut\u00e1n \u00fcnnepi k\u00f6r\u00fclm\u00e9nyek k\u00f6z\u00f6tt vette kezdet\u00e9t a rah\u00f3i egyh\u00e1zk\u00f6zs\u00e9g Szent Istv\u00e1n kisb\u00facs\u00faja. A szentmise elej\u00e9n L\u00e1szl\u00f3 atya k\u00f6sz\u00f6nt\u00f6tte a P\u00fcsp\u00f6k Urat, aki nem csak mint megh\u00edvott vend\u00e9g, hanem zar\u00e1ndokk\u00e9nt is \u00e9rkezett a sz\u00f3rv\u00e1nyban \u00e9l\u0151 magyarok k\u00f6z\u00e9, tov\u00e1bb\u00e1 a k\u00f6z\u00e9let k\u00e9pvisel\u0151it, dr. Nagy Ign\u00e1c konzul urat \u00e9s Benedek Imre igazgat\u00f3 urat. A szentmis\u00e9ben Lajos p\u00fcsp\u00f6k kifejezte \u0151szinte nagyrabecs\u00fcl\u00e9s\u00e9t \u00e9s tisztelet\u00e9t az itt \u00e9l\u0151 h\u00edvek ir\u00e1nt, akik a kommunista elnyom\u00e1s \u00e9s egyh\u00e1z\u00fcld\u00f6z\u00e9s ellen\u00e9re, meg\u0151rizt\u00e9k h\u0171s\u00e9g\u00fcket a Katolikus Egyh\u00e1z ir\u00e1nt, meg\u0151rizt\u00e9k \u00e9s megv\u00e9dt\u00e9k templomukat, \u00e9s megmaradtak magyarnak. A szentbesz\u00e9d ut\u00e1n az apostolut\u00f3d meg\u00e1ldotta a kenyeret, majd a szentmise a felaj\u00e1nl\u00e1ssal folytat\u00f3dott. Az \u00fcnnepi p\u00fcsp\u00f6ki \u00e1ld\u00e1s ut\u00e1n, a helyi magyars\u00e1g \u00fcnnepe k\u00f6vetkezett a Szent Istv\u00e1n olt\u00e1rn\u00e1l, ahol Benedek Imre aknaszlatinai iskola-igazgat\u00f3 mondott \u00fcnnepi besz\u00e9det, m\u00e9ltatva Szent Istv\u00e1n \u00f6r\u00f6ks\u00e9g\u00e9t a m\u00faltban, a jelenben \u00e9s a j\u00f6v\u0151ben. A j\u00e1r\u00e1si hivatal nagyterm\u00e9ben tartott \u00fcnnepi koncert elej\u00e9n Magyarorsz\u00e1ga konzulja, dr. Nagy Ign\u00e1c, k\u00f6sz\u00f6nt\u0151tte az \u00fcnnepl\u0151 magyars\u00e1got. A t\u00e9gl\u00e1si R\u00f3zsa N\u00e9pdalegy\u00fcttes \u00e9s Orchidea Nept\u00e1ncegy\u00fcttes l\u00e9lekemel\u0151 \u00fcnnepi koncertje ut\u00e1n, Szab\u00f3 Valerij aleln\u00f6k adta \u00e1t a Rah\u00f3i J\u00e1r\u00e1si K\u00f6zigazgat\u00e1s \u00e9s J\u00e1r\u00e1si Tan\u00e1cs kit\u00fcntet\u00e9seit egyh\u00e1zk\u00f6zs\u00e9g\u00fcnk h\u00edveinek: Lajtos Imre volt \u00e9s Z\u00e1n Iv\u00e1n jelenlegi kur\u00e1toroknak, valamint Szojka Ella k\u00e1ntor-orgonist\u00e1nak, a templomi k\u00f3rus vezet\u0151j\u00e9nek, sok\u00e9ves szolg\u00e1latuk \u00e9s munk\u00e1juk elismer\u00e9sek\u00e9nt.<br \/>M\u00e1snap, augusztus 20-\u00e1n Varga Lajos p\u00fcsp\u00f6k Aknaszlatin\u00e1ra l\u00e1togatott, hogy itt celebr\u00e1lja az \u00fcnnepi b\u00facs\u00fai szentmis\u00e9t, \u00e9s r\u00e9szt vegyen a helyi magyars\u00e1g \u00fcnnepl\u00e9s\u00e9ben. Szentbesz\u00e9d\u00e9ben a f\u0151p\u00e1sztor kifejtette, hogy mennyire fontos volt Szent Istv\u00e1n \u00e9let\u00e9ben a csal\u00e1dja ir\u00e1nti tisztelet, valamint hit\u00e9nek meg\u0151rz\u00e9se, \u00e9s orsz\u00e1g\u00e1ban a magyarok egy\u00fctt\u00e9l\u00e9s\u00e9nek megszervez\u00e9se a m\u00e1snemzetis\u00e9g\u0171ekkel. A szents\u00e9gi \u00e1ld\u00e1ssal z\u00e1r\u00f3d\u00f3 szentmis\u00e9t a helyi magyars\u00e1g \u00fcnneps\u00e9ge k\u00f6vette, ahol fell\u00e9ptek az aknaszlatinai m\u0171v\u00e9szeti k\u00f6r\u00f6k tagjai. A k\u00f6z\u00e9leti k\u00e9pvisel\u0151k \u00fcnnepi k\u00f6sz\u00f6nt\u00e9sei ut\u00e1n koszor\u00faz\u00e1sra ker\u00fclt sor a templomkertben Szent Istv\u00e1n szobr\u00e1n\u00e1l.<br \/>Istennek legyen h\u00e1la ez\u00e9rt a sz\u00e9p \u00fcnnep\u00e9rt, \u00e9s k\u00f6sz\u00f6net Lajos p\u00fcsp\u00f6k aty\u00e1nak, hogy ell\u00e1togatott K\u00e1rp\u00e1talj\u00e1ra.<\/p>\n<div align=\"right\"><em>Rah\u00f3i pl\u00e9b\u00e1nia<\/em><\/div>\n<div align=\"right\">\u00a0<\/div>\n<div align=\"center\">Tekintse meg a k\u00e9pgal\u00e9ri\u00e1t is:<\/div>\n<div align=\"center\">\u00a0<\/div>\n<div align=\"center\">\u00a0 [imagesizer path=&#8221;images\/stories\/raho-2012&#8243; width=&#8221;150&#8243; class=&#8221;imgsizer&#8221;]<\/div>\n<div align=\"center\">\u00a0<\/div>\n","protected":false},"excerpt":{"rendered":"<p>Varga Lajos v\u00e1ci p\u00fcsp\u00f6k Rah\u00f3n \u00e9s k\u00f6rny\u00e9k\u00e9n Szent Istv\u00e1n \u00fcnnep\u00e9n Az elm\u00falt \u00e9vekben a Tisza-forr\u00e1svid\u00e9k\u00e9n igyeksz\u00fcnk nagy \u00fcnnep\u00e9lyess\u00e9ggel meg\u00fcnnepelni \u00e1llamalap\u00edt\u00f3 kir\u00e1lyunknak, Szent Istv\u00e1nnak \u00fcnnep\u00e9t, hogy ez\u00e1ltal is ad\u00f3zzunk nemzet\u00fcnk eme nagy szentje el\u0151tt, valamint, hogy er\u0151s\u00edts\u00fck az itt \u00e9l\u0151 sz\u00f3rv\u00e1nymagyars\u00e1g nemzeti \u00f6nazonoss\u00e1g\u00e1t.<\/p>\n","protected":false},"author":1,"featured_media":300,"comment_status":"open","ping_status":"open","sticky":false,"template":"","format":"standard","meta":{"_acf_changed":false,"_et_pb_use_builder":"","_et_pb_old_content":"","_et_gb_content_width":"","footnotes":""},"categories":[10],"tags":[],"class_list":["post-678","post","type-post","status-publish","format-standard","has-post-thumbnail","hentry","category-aktualis-hirek","et-has-post-format-content","et_post_format-et-post-format-standard"],"acf":[],"_links":{"self":[{"href":"https:\/\/munkacs-diocese.org\/hu\/wp-json\/wp\/v2\/posts\/678"}],"collection":[{"href":"https:\/\/munkacs-diocese.org\/hu\/wp-json\/wp\/v2\/posts"}],"about":[{"href":"https:\/\/munkacs-diocese.org\/hu\/wp-json\/wp\/v2\/types\/post"}],"author":[{"embeddable":true,"href":"https:\/\/munkacs-diocese.org\/hu\/wp-json\/wp\/v2\/users\/1"}],"replies":[{"embeddable":true,"href":"https:\/\/munkacs-diocese.org\/hu\/wp-json\/wp\/v2\/comments?post=678"}],"version-history":[{"count":0,"href":"https:\/\/munkacs-diocese.org\/hu\/wp-json\/wp\/v2\/posts\/678\/revisions"}],"wp:featuredmedia":[{"embeddable":true,"href":"https:\/\/munkacs-diocese.org\/hu\/wp-json\/wp\/v2\/media\/300"}],"wp:attachment":[{"href":"https:\/\/munkacs-diocese.org\/hu\/wp-json\/wp\/v2\/media?parent=678"}],"wp:term":[{"taxonomy":"category","embeddable":true,"href":"https:\/\/munkacs-diocese.org\/hu\/wp-json\/wp\/v2\/categories?post=678"},{"taxonomy":"post_tag","embeddable":true,"href":"https:\/\/munkacs-diocese.org\/hu\/wp-json\/wp\/v2\/tags?post=678"}],"curies":[{"name":"wp","href":"https:\/\/api.w.org\/{rel}","templated":true}]}}