{"id":674,"date":"2012-07-17T20:37:29","date_gmt":"2012-07-17T17:37:29","guid":{"rendered":"http:\/\/munkacs-diocese.org\/hu\/2012\/07\/17\/galocsi-romai-katolikus-templom\/"},"modified":"2012-07-17T20:37:29","modified_gmt":"2012-07-17T17:37:29","slug":"galocsi-romai-katolikus-templom","status":"publish","type":"post","link":"https:\/\/munkacs-diocese.org\/hu\/2012\/07\/17\/galocsi-romai-katolikus-templom\/","title":{"rendered":"G\u00e1locsi r\u00f3mai katolikus templom"},"content":{"rendered":"<div id=\"fb-root\"><\/div>\n<p>A templom titulusa: R\u00f3zsaf\u00fcz\u00e9r Kir\u00e1lyn\u0151je <\/p>\n<p>G\u00e1locs neve el\u0151sz\u00f6r 1320-ban jelenik meg az okiratokban. Ekkor ker\u00fclt adom\u00e1nyk\u00e9nt P\u00e1nyoki Jakab k\u00e9t fi\u00e1nak tulajdon\u00e1ba, kik a ruszkai Dob\u00f3 \u00e9s B\u00e1tor csal\u00e1dok \u0151sei lehettek. A k\u00f6zs\u00e9g orsz\u00e1gszerte h\u00edres volt kit\u0171n\u0151 doh\u00e1ny\u00e1r\u00f3l. G\u00e1locs a kezdetekt\u0151l fogva a dob\u00f3ruszkai r\u00f3mai katolikus egyh\u00e1zk\u00f6zs\u00e9g fili\u00e1ja volt. A k\u00f6zs\u00e9g a 16-17. sz\u00e1zad fordul\u00f3j\u00e1n reform\u00e1tuss\u00e1 lett. Egy 1741-ben kelt okm\u00e1ny egy r\u00e9gebbi \u00e9s egy \u00fajabb templomot eml\u00edt. Az 1900-as \u00e9vek elej\u00e9n \u00e9p\u00fclt g\u00f6r\u00f6g katolikus templomot 1952-ben bez\u00e1rt\u00e1k. 1989-ben kapt\u00e1k meg a r\u00f3mai katolikusok, m\u00e9g miel\u0151tt az \u00e1llam hivatalosan elismerte a g\u00f6r\u00f6g katolikus egyh\u00e1zat. Jelenleg a k\u00e9t egyh\u00e1z k\u00f6z\u00f6sen haszn\u00e1lja a templomot.<br \/>A liturgia nyelve: magyar.<\/p>\n","protected":false},"excerpt":{"rendered":"<p>A templom titulusa: R\u00f3zsaf\u00fcz\u00e9r Kir\u00e1lyn\u0151je G\u00e1locs neve el\u0151sz\u00f6r 1320-ban jelenik meg az okiratokban. Ekkor ker\u00fclt adom\u00e1nyk\u00e9nt P\u00e1nyoki Jakab k\u00e9t fi\u00e1nak tulajdon\u00e1ba, kik a ruszkai Dob\u00f3 \u00e9s B\u00e1tor csal\u00e1dok \u0151sei lehettek. A k\u00f6zs\u00e9g orsz\u00e1gszerte h\u00edres volt kit\u0171n\u0151 doh\u00e1ny\u00e1r\u00f3l. G\u00e1locs a kezdetekt\u0151l fogva a dob\u00f3ruszkai r\u00f3mai katolikus egyh\u00e1zk\u00f6zs\u00e9g fili\u00e1ja volt. A k\u00f6zs\u00e9g a 16-17. sz\u00e1zad fordul\u00f3j\u00e1n reform\u00e1tuss\u00e1 [&hellip;]<\/p>\n","protected":false},"author":1,"featured_media":0,"comment_status":"open","ping_status":"open","sticky":false,"template":"","format":"standard","meta":{"_acf_changed":false,"_et_pb_use_builder":"","_et_pb_old_content":"","_et_gb_content_width":"","footnotes":""},"categories":[24],"tags":[],"class_list":["post-674","post","type-post","status-publish","format-standard","hentry","category-ungvari-jaras","et-doesnt-have-format-content","et_post_format-et-post-format-standard"],"acf":[],"_links":{"self":[{"href":"https:\/\/munkacs-diocese.org\/hu\/wp-json\/wp\/v2\/posts\/674"}],"collection":[{"href":"https:\/\/munkacs-diocese.org\/hu\/wp-json\/wp\/v2\/posts"}],"about":[{"href":"https:\/\/munkacs-diocese.org\/hu\/wp-json\/wp\/v2\/types\/post"}],"author":[{"embeddable":true,"href":"https:\/\/munkacs-diocese.org\/hu\/wp-json\/wp\/v2\/users\/1"}],"replies":[{"embeddable":true,"href":"https:\/\/munkacs-diocese.org\/hu\/wp-json\/wp\/v2\/comments?post=674"}],"version-history":[{"count":0,"href":"https:\/\/munkacs-diocese.org\/hu\/wp-json\/wp\/v2\/posts\/674\/revisions"}],"wp:attachment":[{"href":"https:\/\/munkacs-diocese.org\/hu\/wp-json\/wp\/v2\/media?parent=674"}],"wp:term":[{"taxonomy":"category","embeddable":true,"href":"https:\/\/munkacs-diocese.org\/hu\/wp-json\/wp\/v2\/categories?post=674"},{"taxonomy":"post_tag","embeddable":true,"href":"https:\/\/munkacs-diocese.org\/hu\/wp-json\/wp\/v2\/tags?post=674"}],"curies":[{"name":"wp","href":"https:\/\/api.w.org\/{rel}","templated":true}]}}