{"id":673,"date":"2012-07-17T20:35:02","date_gmt":"2012-07-17T17:35:02","guid":{"rendered":"http:\/\/munkacs-diocese.org\/hu\/2012\/07\/17\/nagygejci-romai-katolikus-templom\/"},"modified":"2012-07-17T20:35:02","modified_gmt":"2012-07-17T17:35:02","slug":"nagygejci-romai-katolikus-templom","status":"publish","type":"post","link":"https:\/\/munkacs-diocese.org\/hu\/2012\/07\/17\/nagygejci-romai-katolikus-templom\/","title":{"rendered":"Nagygej\u0151ci r\u00f3mai katolikus templom"},"content":{"rendered":"<div id=\"fb-root\"><\/div>\n<p align=\"right\">A templom titulusa: Szent Anna <\/p>\n<p>A k\u00f6zs\u00e9g k\u00f6rny\u00e9ke m\u00e1r id\u0151sz\u00e1m\u00edt\u00e1sunk kezdet\u00e9n lakott volt. A Latorca medr\u00e9nek szab\u00e1lyoz\u00e1sakor sz\u00e1mos agyaged\u00e9nyt \u00e9s ez\u00fcst p\u00e9nz\u00e9rm\u00e9t tal\u00e1ltak. Nagygej\u0151c az Anjou-kor elej\u00e9n a szerednyei v\u00e1rhoz tartozott. 1338-ban a v\u00e1rral egy\u00fctt P\u00e1locs P\u00e9ter\u00e9, majd v\u00e9tel \u00fatj\u00e1n a Dob\u00f3 csal\u00e1d\u00e9 lett. 1649-t\u0151l Nagygej\u0151c a neve. 1887-ben Homoky Lajos, egy 21 \u00e9ves ifj\u00fa, eg\u00e9sz vagyon\u00e1t a nagygej\u0151ci r\u00f3mai katolikus egyh\u00e1zra hagyom\u00e1nyozta, iskola\u00e9p\u00edt\u00e9s c\u00e9lj\u00e1ra. Az egyh\u00e1zk\u00f6zs\u00e9g 1890-ben \u00e9rt\u00e9kes\u00edtette a vagyont, s a p\u00e9nzb\u0151l egy \u00e9vvel k\u00e9s\u0151bb az \u00f6r\u00f6kl\u00f6tt helyen sz\u00e9p iskol\u00e1t \u00e1ll\u00edttatott, melyben Szent Anna tisztelet\u00e9re kis k\u00e1poln\u00e1t \u00e1ldottak meg. K\u00e9s\u0151bb, a h\u00edvek sz\u00e1m\u00e1nak n\u00f6veked\u00e9s\u00e9vel, templom \u00e9p\u00edt\u00e9s\u00e9be kezdtek, mely 1911-ben k\u00e9sz\u00fclt el. Cs\u00e1szl\u00f3ct\u00f3l 1929-ben v\u00e1lasztott\u00e1k le \u00e9s emelt\u00e9k pl\u00e9b\u00e1niai rangra. 1963-ban a templomot bez\u00e1rt\u00e1k, \u00e9s csak 1989-ben adt\u00e1k vissza. 1990-ben tatarozt\u00e1k. K\u00e9t harangja van.<br \/>Az anyak\u00f6nyvez\u00e9s kezdete: 1929.<br \/>A liturgia nyelve: magyar.<\/p>\n","protected":false},"excerpt":{"rendered":"<p>A templom titulusa: Szent Anna A k\u00f6zs\u00e9g k\u00f6rny\u00e9ke m\u00e1r id\u0151sz\u00e1m\u00edt\u00e1sunk kezdet\u00e9n lakott volt. A Latorca medr\u00e9nek szab\u00e1lyoz\u00e1sakor sz\u00e1mos agyaged\u00e9nyt \u00e9s ez\u00fcst p\u00e9nz\u00e9rm\u00e9t tal\u00e1ltak. Nagygej\u0151c az Anjou-kor elej\u00e9n a szerednyei v\u00e1rhoz tartozott. 1338-ban a v\u00e1rral egy\u00fctt P\u00e1locs P\u00e9ter\u00e9, majd v\u00e9tel \u00fatj\u00e1n a Dob\u00f3 csal\u00e1d\u00e9 lett. 1649-t\u0151l Nagygej\u0151c a neve. 1887-ben Homoky Lajos, egy 21 \u00e9ves ifj\u00fa, [&hellip;]<\/p>\n","protected":false},"author":1,"featured_media":0,"comment_status":"open","ping_status":"open","sticky":false,"template":"","format":"standard","meta":{"_acf_changed":false,"_et_pb_use_builder":"","_et_pb_old_content":"","_et_gb_content_width":"","footnotes":""},"categories":[24],"tags":[],"class_list":["post-673","post","type-post","status-publish","format-standard","hentry","category-ungvari-jaras","et-doesnt-have-format-content","et_post_format-et-post-format-standard"],"acf":[],"_links":{"self":[{"href":"https:\/\/munkacs-diocese.org\/hu\/wp-json\/wp\/v2\/posts\/673"}],"collection":[{"href":"https:\/\/munkacs-diocese.org\/hu\/wp-json\/wp\/v2\/posts"}],"about":[{"href":"https:\/\/munkacs-diocese.org\/hu\/wp-json\/wp\/v2\/types\/post"}],"author":[{"embeddable":true,"href":"https:\/\/munkacs-diocese.org\/hu\/wp-json\/wp\/v2\/users\/1"}],"replies":[{"embeddable":true,"href":"https:\/\/munkacs-diocese.org\/hu\/wp-json\/wp\/v2\/comments?post=673"}],"version-history":[{"count":0,"href":"https:\/\/munkacs-diocese.org\/hu\/wp-json\/wp\/v2\/posts\/673\/revisions"}],"wp:attachment":[{"href":"https:\/\/munkacs-diocese.org\/hu\/wp-json\/wp\/v2\/media?parent=673"}],"wp:term":[{"taxonomy":"category","embeddable":true,"href":"https:\/\/munkacs-diocese.org\/hu\/wp-json\/wp\/v2\/categories?post=673"},{"taxonomy":"post_tag","embeddable":true,"href":"https:\/\/munkacs-diocese.org\/hu\/wp-json\/wp\/v2\/tags?post=673"}],"curies":[{"name":"wp","href":"https:\/\/api.w.org\/{rel}","templated":true}]}}