{"id":670,"date":"2012-07-17T20:31:40","date_gmt":"2012-07-17T17:31:40","guid":{"rendered":"http:\/\/munkacs-diocese.org\/hu\/2012\/07\/17\/tecsi-romai-katolikus-templom\/"},"modified":"2012-07-17T20:31:40","modified_gmt":"2012-07-17T17:31:40","slug":"tecsi-romai-katolikus-templom","status":"publish","type":"post","link":"https:\/\/munkacs-diocese.org\/hu\/2012\/07\/17\/tecsi-romai-katolikus-templom\/","title":{"rendered":"T\u00e9cs\u0151i r\u00f3mai katolikus templom"},"content":{"rendered":"<div id=\"fb-root\"><\/div>\n<p>A templom titulusa: Szent Istv\u00e1n kir\u00e1ly <\/p>\n<p>Neve r\u00e9gi magyar szem\u00e9lyn\u00e9vb\u0151l ered, a T\u00e9cs n\u00e9v kicsiny\u00edt\u0151k\u00e9pz\u0151s form\u00e1ja. El\u0151sz\u00f6r 1329-ben tesznek eml\u00edt\u00e9st r\u00f3la. A k\u00f6z\u00e9pkorban a k\u00f6zeli s\u00f3b\u00e1ny\u00e1k s\u00f3v\u00e1g\u00f3i lakt\u00e1k. T\u00e9cs\u0151nek \u2013 a t\u00f6bbi koronav\u00e1rossal egy\u00fctt \u2013 a 14. sz\u00e1zad elej\u00e9n K\u00e1roly R\u00f3bert kiv\u00e1lts\u00e1gokat adott. Templom\u00e1nak torny\u00e1ban, mely ma a reform\u00e1tus egyh\u00e1z tulajdona, egykor az \u00f6t koronav\u00e1ros lev\u00e9lt\u00e1ra volt. Az 1333. \u00e9vi p\u00e1pai tizedr\u0151l sz\u00f3l\u00f3 jegyz\u00e9k is eml\u00edti. <br \/>A reform\u00e1ci\u00f3 itt is megsz\u00fcntette a katolikus hit\u00e9letet. 1546-ban elfoglalt\u00e1k a templomot \u00e9s lefoglalt\u00e1k az egyh\u00e1zi vagyont. 1780-ban alap\u00edtott\u00e1k \u00fajra a pl\u00e9b\u00e1ni\u00e1t. A szentmis\u00e9k hely\u00e9\u00fcl sok\u00e1ig a pl\u00e9b\u00e1nosi lak egy szob\u00e1ja szolg\u00e1lt. A templom \u00e9p\u00edt\u00e9se, sok ut\u00e1naj\u00e1r\u00e1ssal, csak sz\u00e1z esztend\u0151 m\u00falva, 1883-ban kezd\u0151dhetett el. Felszentel\u00e9s\u00e9re 1888-ban ker\u00fclt sor. Utols\u00f3 fel\u00faj\u00edt\u00e1sa a 20. sz\u00e1zad nyolcvanas \u00e9veiben t\u00f6rt\u00e9nt, s csak 1988-ban sz\u00f3lalhattak meg ism\u00e9t a harangok a mindenhat\u00f3 Isten dics\u00e9ret\u00e9re. A templom melletti kereszt 1997-ben k\u00e9sz\u00fclt.<br \/>M\u0171eml\u00e9k \u00e9rt\u00e9k\u0171 orgon\u00e1ja 1893-ban k\u00e9sz\u00fclt, Orsz\u00e1gh S\u00e1ndor munk\u00e1ja.<br \/>Az anyak\u00f6nyvez\u00e9s kezdete: 1780.<br \/>A liturgia nyelve: magyar.<\/p>\n","protected":false},"excerpt":{"rendered":"<p>A templom titulusa: Szent Istv\u00e1n kir\u00e1ly Neve r\u00e9gi magyar szem\u00e9lyn\u00e9vb\u0151l ered, a T\u00e9cs n\u00e9v kicsiny\u00edt\u0151k\u00e9pz\u0151s form\u00e1ja. El\u0151sz\u00f6r 1329-ben tesznek eml\u00edt\u00e9st r\u00f3la. A k\u00f6z\u00e9pkorban a k\u00f6zeli s\u00f3b\u00e1ny\u00e1k s\u00f3v\u00e1g\u00f3i lakt\u00e1k. T\u00e9cs\u0151nek \u2013 a t\u00f6bbi koronav\u00e1rossal egy\u00fctt \u2013 a 14. sz\u00e1zad elej\u00e9n K\u00e1roly R\u00f3bert kiv\u00e1lts\u00e1gokat adott. Templom\u00e1nak torny\u00e1ban, mely ma a reform\u00e1tus egyh\u00e1z tulajdona, egykor az \u00f6t koronav\u00e1ros [&hellip;]<\/p>\n","protected":false},"author":1,"featured_media":0,"comment_status":"open","ping_status":"open","sticky":false,"template":"","format":"standard","meta":{"_acf_changed":false,"_et_pb_use_builder":"","_et_pb_old_content":"","_et_gb_content_width":"","footnotes":""},"categories":[23],"tags":[],"class_list":["post-670","post","type-post","status-publish","format-standard","hentry","category-tecsi-jaras","et-doesnt-have-format-content","et_post_format-et-post-format-standard"],"acf":[],"_links":{"self":[{"href":"https:\/\/munkacs-diocese.org\/hu\/wp-json\/wp\/v2\/posts\/670"}],"collection":[{"href":"https:\/\/munkacs-diocese.org\/hu\/wp-json\/wp\/v2\/posts"}],"about":[{"href":"https:\/\/munkacs-diocese.org\/hu\/wp-json\/wp\/v2\/types\/post"}],"author":[{"embeddable":true,"href":"https:\/\/munkacs-diocese.org\/hu\/wp-json\/wp\/v2\/users\/1"}],"replies":[{"embeddable":true,"href":"https:\/\/munkacs-diocese.org\/hu\/wp-json\/wp\/v2\/comments?post=670"}],"version-history":[{"count":0,"href":"https:\/\/munkacs-diocese.org\/hu\/wp-json\/wp\/v2\/posts\/670\/revisions"}],"wp:attachment":[{"href":"https:\/\/munkacs-diocese.org\/hu\/wp-json\/wp\/v2\/media?parent=670"}],"wp:term":[{"taxonomy":"category","embeddable":true,"href":"https:\/\/munkacs-diocese.org\/hu\/wp-json\/wp\/v2\/categories?post=670"},{"taxonomy":"post_tag","embeddable":true,"href":"https:\/\/munkacs-diocese.org\/hu\/wp-json\/wp\/v2\/tags?post=670"}],"curies":[{"name":"wp","href":"https:\/\/api.w.org\/{rel}","templated":true}]}}