{"id":6685,"date":"2019-05-10T13:54:14","date_gmt":"2019-05-10T11:54:14","guid":{"rendered":"http:\/\/munkacs-diocese.org\/hu\/?p=6685"},"modified":"2019-05-10T13:54:14","modified_gmt":"2019-05-10T11:54:14","slug":"szent-gyorgy-bucsu-ungvaron","status":"publish","type":"post","link":"https:\/\/munkacs-diocese.org\/hu\/2019\/05\/10\/szent-gyorgy-bucsu-ungvaron\/","title":{"rendered":"Szent Gy\u00f6rgy b\u00facs\u00fa Ungv\u00e1ron"},"content":{"rendered":"<div id=\"fb-root\"><\/div>\n<p>M\u00e1jus 4-\u00e9n \u00fcnnepelt\u00fck az ungv\u00e1ri szent Gy\u00f6rgy templom b\u00facs\u00faj\u00e1t, felszentel\u00e9s\u00e9nek 253. \u00e9vfordul\u00f3j\u00e1t. Mivel Szent Gy\u00f6rgy napja id\u00e9n h\u00fasv\u00e9t nyolcad\u00e1ba esett, ez\u00e9rt az \u00fcnneps\u00e9g m\u00e1jus elej\u00e9re tol\u00f3dott.<\/p>\n<p>Az \u00fcnnepi szentmise f\u0151celebr\u00e1nsa P\u00e1l J\u00f3zsef Csaba temesv\u00e1ri p\u00fcsp\u00f6k volt. K\u00f6r\u00fcnkben k\u00f6sz\u00f6nthett\u00fck Majnek Antal p\u00fcsp\u00f6k\u00f6t, valamint az egyh\u00e1zmegy\u00e9ben szolg\u00e1l\u00f3 aty\u00e1k k\u00f6z\u00fcl is t\u00f6bben megjelentek. \u00c9vr\u0151l \u00e9vre hatalmas \u00f6r\u00f6m sz\u00e1munkra, hogy t\u00f6bb telep\u00fcl\u00e9sr\u0151l is sz\u00e9p sz\u00e1mban \u00e9rkeznek a h\u00edvek, hogy vel\u00fcnk \u00fcnnepeljenek, t\u00f6bbs\u00e9g\u00fck a k\u00f6rnyez\u0151 falvakb\u00f3l j\u00f6tt, mindemellett Beregsz\u00e1szb\u00f3l \u00e9s m\u00e1s telep\u00fcl\u00e9sekr\u0151l is \u00e9rkeztek zar\u00e1ndokok.<\/p>\n<p>Igaz, hogy sokan egybegy\u0171lt\u00fcnk az \u00fcnnepre, de h\u00e9t-nyolc esztendeje j\u00f3val t\u00f6bben voltunk. Ennek a jelens\u00e9gnek legf\u0151bb oka az elv\u00e1ndorl\u00e1s, amely nemcsak benn\u00fcnket, k\u00e1rp\u00e1taljaiakat, \u00e9rint, hanem, ahogyan P\u00e1l J\u00f3zsef Csaba is eml\u00edtette szentbesz\u00e9d\u00e9ben, Erd\u00e9lyre ugyancsak jellemz\u0151. A p\u00fcsp\u00f6k atya ugyanakkor azt is hangs\u00falyozta, hogy b\u00e1r hittestv\u00e9reink elv\u00e1ndorl\u00e1sa lehangol benn\u00fcnket, \u00e9szre kell venn\u00fcnk, hogy egyh\u00e1zk\u00f6zs\u00e9geink \u2013 elmond\u00e1sa szerint az ungv\u00e1ri \u00e9s a temesv\u00e1ri egyh\u00e1zk\u00f6zs\u00e9g sokban hasonl\u00edt egym\u00e1sra \u2013 bel\u00fclr\u0151l n\u00f6vekednek. Lehet, hogy kevesen vagyunk, de a k\u00f6z\u00f6ss\u00e9gi \u00e9let, az \u00f6nmegtagad\u00e1ssal j\u00e1r\u00f3 \u00f6sszefog\u00e1s felvir\u00e1goztatja egyh\u00e1zk\u00f6zs\u00e9geinket, melyek id\u0151vel ism\u00e9t n\u00f6vekedni fognak.<\/p>\n<p>Hom\u00edli\u00e1j\u00e1ban a p\u00fcsp\u00f6k atya tov\u00e1bb\u00e1 arra buzd\u00edtott benn\u00fcnket, hogy bizakodva hordozzuk keresztjeinket, b\u00e1rminem\u0171ek legyenek is azok, mert hogyha harcolunk a Krisztust\u00f3l kapott kereszt ellen, szenved\u00e9seink \u00e9s f\u00e9lelmeink rabjaiv\u00e1 v\u00e1lunk, ha viszont v\u00e1llaljuk azt, id\u0151vel k\u00f6nnyebbnek, s\u0151t kiv\u00e1lts\u00e1gosnak \u00e9rezhetj\u00fck.<\/p>\n<p>A szentmis\u00e9t k\u00f6vet\u0151en agap\u00e9ra ker\u00fclt sor a pl\u00e9b\u00e1nia udvar\u00e1n, melyen a szelmenci k\u00f3rus \u00e9nekelt nek\u00fcnk. J\u00f3llehet h\u0171v\u00f6s, sz\u00fcrke napunk volt \u00e9s az es\u0151 is szemerk\u00e9lt, m\u00e9gis h\u00e1latelt sz\u00edvvel fogadtuk, hogy egy\u00fctt \u00fcnnepelhett\u00fcnk.<\/p>\n<p>V\u00e9gezet\u00fcl szeretn\u00e9nk k\u00f6sz\u00f6netet mondani mindazoknak, akik r\u00e9szt v\u00e1llaltak az \u00fcnneps\u00e9g megszervez\u00e9s\u00e9ben \u00e9s lebonyol\u00edt\u00e1s\u00e1ban. K\u00f6sz\u00f6nj\u00fck P\u00e1l J\u00f3zsef Csaba, valamint Majnek Antal p\u00fcsp\u00f6k\u00f6knek, illetve a t\u00f6bbi aty\u00e1nak, hogy itt voltak. K\u00f6sz\u00f6nj\u00fck a zar\u00e1ndokoknak, akik ell\u00e1togattak hozz\u00e1nk \u00e9s az ungv\u00e1ri h\u00edveknek, akik hozz\u00e1j\u00e1rultak az agap\u00e9 megszervez\u00e9s\u00e9hez. K\u00f6sz\u00f6nj\u00fck mindazoknak, akik kivett\u00e9k r\u00e9sz\u00fcket a szentmis\u00e9n val\u00f3 szolg\u00e1latb\u00f3l \u00e9s mindenkinek, aki vel\u00fcnk \u00fcnnepelt.<\/p>\n<p>B\u00edzunk benne, hogy Isten seg\u00edts\u00e9g\u00e9vel j\u00f6v\u0151re \u00fajra tal\u00e1lkozunk.<\/p>\n<p><img loading=\"lazy\" decoding=\"async\" class=\"aligncenter size-full wp-image-6686\" src=\"https:\/\/munkacs-diocese.org\/hu\/wp-content\/uploads\/2019\/05\/Ungvar2.jpg\" alt=\"\" width=\"599\" height=\"800\" srcset=\"https:\/\/munkacs-diocese.org\/hu\/wp-content\/uploads\/2019\/05\/Ungvar2.jpg 599w, https:\/\/munkacs-diocese.org\/hu\/wp-content\/uploads\/2019\/05\/Ungvar2-225x300.jpg 225w\" sizes=\"(max-width: 599px) 100vw, 599px\" \/><\/p>\n","protected":false},"excerpt":{"rendered":"<p>M\u00e1jus 4-\u00e9n \u00fcnnepelt\u00fck az ungv\u00e1ri szent Gy\u00f6rgy templom b\u00facs\u00faj\u00e1t, felszentel\u00e9s\u00e9nek 253. \u00e9vfordul\u00f3j\u00e1t. Mivel Szent Gy\u00f6rgy napja id\u00e9n h\u00fasv\u00e9t nyolcad\u00e1ba esett, ez\u00e9rt az \u00fcnneps\u00e9g m\u00e1jus elej\u00e9re tol\u00f3dott. Az \u00fcnnepi szentmise f\u0151celebr\u00e1nsa P\u00e1l J\u00f3zsef Csaba temesv\u00e1ri p\u00fcsp\u00f6k volt. K\u00f6r\u00fcnkben k\u00f6sz\u00f6nthett\u00fck Majnek Antal p\u00fcsp\u00f6k\u00f6t, valamint az egyh\u00e1zmegy\u00e9ben szolg\u00e1l\u00f3 aty\u00e1k k\u00f6z\u00fcl is t\u00f6bben megjelentek. \u00c9vr\u0151l \u00e9vre hatalmas \u00f6r\u00f6m sz\u00e1munkra, [&hellip;]<\/p>\n","protected":false},"author":1,"featured_media":6687,"comment_status":"open","ping_status":"open","sticky":false,"template":"","format":"standard","meta":{"_acf_changed":false,"_et_pb_use_builder":"","_et_pb_old_content":"","_et_gb_content_width":"","footnotes":""},"categories":[59],"tags":[],"class_list":["post-6685","post","type-post","status-publish","format-standard","has-post-thumbnail","hentry","category-egyhazmegyenk-hirei","et-has-post-format-content","et_post_format-et-post-format-standard"],"acf":[],"_links":{"self":[{"href":"https:\/\/munkacs-diocese.org\/hu\/wp-json\/wp\/v2\/posts\/6685"}],"collection":[{"href":"https:\/\/munkacs-diocese.org\/hu\/wp-json\/wp\/v2\/posts"}],"about":[{"href":"https:\/\/munkacs-diocese.org\/hu\/wp-json\/wp\/v2\/types\/post"}],"author":[{"embeddable":true,"href":"https:\/\/munkacs-diocese.org\/hu\/wp-json\/wp\/v2\/users\/1"}],"replies":[{"embeddable":true,"href":"https:\/\/munkacs-diocese.org\/hu\/wp-json\/wp\/v2\/comments?post=6685"}],"version-history":[{"count":1,"href":"https:\/\/munkacs-diocese.org\/hu\/wp-json\/wp\/v2\/posts\/6685\/revisions"}],"predecessor-version":[{"id":6688,"href":"https:\/\/munkacs-diocese.org\/hu\/wp-json\/wp\/v2\/posts\/6685\/revisions\/6688"}],"wp:featuredmedia":[{"embeddable":true,"href":"https:\/\/munkacs-diocese.org\/hu\/wp-json\/wp\/v2\/media\/6687"}],"wp:attachment":[{"href":"https:\/\/munkacs-diocese.org\/hu\/wp-json\/wp\/v2\/media?parent=6685"}],"wp:term":[{"taxonomy":"category","embeddable":true,"href":"https:\/\/munkacs-diocese.org\/hu\/wp-json\/wp\/v2\/categories?post=6685"},{"taxonomy":"post_tag","embeddable":true,"href":"https:\/\/munkacs-diocese.org\/hu\/wp-json\/wp\/v2\/tags?post=6685"}],"curies":[{"name":"wp","href":"https:\/\/api.w.org\/{rel}","templated":true}]}}