{"id":6636,"date":"2019-05-01T15:03:54","date_gmt":"2019-05-01T13:03:54","guid":{"rendered":"http:\/\/munkacs-diocese.org\/hu\/?p=6636"},"modified":"2019-05-01T15:03:54","modified_gmt":"2019-05-01T13:03:54","slug":"baratok-mindorokke","status":"publish","type":"post","link":"https:\/\/munkacs-diocese.org\/hu\/2019\/05\/01\/baratok-mindorokke\/","title":{"rendered":"Bar\u00e1tok mind\u00f6r\u00f6kk\u00e9"},"content":{"rendered":"<div id=\"fb-root\"><\/div>\n<p>A film egy 10 \u00e9ves l\u00e1nyr\u00f3l sz\u00f3l, aki megsz\u00f6kik drogos anyj\u00e1t\u00f3l, \u00e9s J\u00e9zusba vetett hit\u00e9vel nekiv\u00e1g olyan kalandoknak, ami alatt m\u00e9g egy \u00f6b\u00f6lh\u00e1bor\u00fat megj\u00e1rt, k\u00fcl\u00f6nleges alakulathoz tartozott veter\u00e1n is roskadozik:<\/p>\n<p><a href=\"https:\/\/www.karizmatikus.hu\/noha\/a-mi-mozink-2\/video\/70-baratok-mindoeroekke-clancy-2009.html\" target=\"_blank\" rel=\"noopener\">https:\/\/www.karizmatikus.hu\/noha\/a-mi-mozink-2\/video\/70-baratok-mindoeroekke-clancy-2009.html<\/a><\/p>\n","protected":false},"excerpt":{"rendered":"<p>A film egy 10 \u00e9ves l\u00e1nyr\u00f3l sz\u00f3l, aki megsz\u00f6kik drogos anyj\u00e1t\u00f3l, \u00e9s J\u00e9zusba vetett hit\u00e9vel nekiv\u00e1g olyan kalandoknak, ami alatt m\u00e9g egy \u00f6b\u00f6lh\u00e1bor\u00fat megj\u00e1rt, k\u00fcl\u00f6nleges alakulathoz tartozott veter\u00e1n is roskadozik: https:\/\/www.karizmatikus.hu\/noha\/a-mi-mozink-2\/video\/70-baratok-mindoeroekke-clancy-2009.html<\/p>\n","protected":false},"author":1,"featured_media":6637,"comment_status":"open","ping_status":"open","sticky":false,"template":"","format":"standard","meta":{"_acf_changed":false,"_et_pb_use_builder":"","_et_pb_old_content":"","_et_gb_content_width":"","footnotes":""},"categories":[12],"tags":[],"class_list":["post-6636","post","type-post","status-publish","format-standard","has-post-thumbnail","hentry","category-filmek","et-has-post-format-content","et_post_format-et-post-format-standard"],"acf":[],"_links":{"self":[{"href":"https:\/\/munkacs-diocese.org\/hu\/wp-json\/wp\/v2\/posts\/6636"}],"collection":[{"href":"https:\/\/munkacs-diocese.org\/hu\/wp-json\/wp\/v2\/posts"}],"about":[{"href":"https:\/\/munkacs-diocese.org\/hu\/wp-json\/wp\/v2\/types\/post"}],"author":[{"embeddable":true,"href":"https:\/\/munkacs-diocese.org\/hu\/wp-json\/wp\/v2\/users\/1"}],"replies":[{"embeddable":true,"href":"https:\/\/munkacs-diocese.org\/hu\/wp-json\/wp\/v2\/comments?post=6636"}],"version-history":[{"count":2,"href":"https:\/\/munkacs-diocese.org\/hu\/wp-json\/wp\/v2\/posts\/6636\/revisions"}],"predecessor-version":[{"id":6639,"href":"https:\/\/munkacs-diocese.org\/hu\/wp-json\/wp\/v2\/posts\/6636\/revisions\/6639"}],"wp:featuredmedia":[{"embeddable":true,"href":"https:\/\/munkacs-diocese.org\/hu\/wp-json\/wp\/v2\/media\/6637"}],"wp:attachment":[{"href":"https:\/\/munkacs-diocese.org\/hu\/wp-json\/wp\/v2\/media?parent=6636"}],"wp:term":[{"taxonomy":"category","embeddable":true,"href":"https:\/\/munkacs-diocese.org\/hu\/wp-json\/wp\/v2\/categories?post=6636"},{"taxonomy":"post_tag","embeddable":true,"href":"https:\/\/munkacs-diocese.org\/hu\/wp-json\/wp\/v2\/tags?post=6636"}],"curies":[{"name":"wp","href":"https:\/\/api.w.org\/{rel}","templated":true}]}}