{"id":65,"date":"2010-12-04T00:00:00","date_gmt":"2010-12-03T22:00:00","guid":{"rendered":"http:\/\/munkacs-diocese.org\/hu\/2010\/12\/04\/beregszaszi-templom\/"},"modified":"2010-12-04T00:00:00","modified_gmt":"2010-12-03T22:00:00","slug":"beregszaszi-templom","status":"publish","type":"post","link":"https:\/\/munkacs-diocese.org\/hu\/2010\/12\/04\/beregszaszi-templom\/","title":{"rendered":"Beregszaszi templom"},"content":{"rendered":"<div id=\"fb-root\"><\/div>\n<div align=\"center\">\u00a0<\/div>\n<div align=\"center\"><strong>BEREGSZ\u00c1SZI R\u00d3MAI KATOLIKUS TEMPLOM<\/strong> <\/div>\n<p><!--[if gte mso 9]><xml>  <w:WordDocument>   <w:View>Normal<\/w:View>   <w:Zoom>0<\/w:Zoom>   <w:HyphenationZone>21<\/w:HyphenationZone>   <w:PunctuationKerning\/>   <w:ValidateAgainstSchemas\/>   <w:SaveIfXMLInvalid>false<\/w:SaveIfXMLInvalid>   <w:IgnoreMixedContent>false<\/w:IgnoreMixedContent>   <w:AlwaysShowPlaceholderText>false<\/w:AlwaysShowPlaceholderText>   <w:Compatibility>    <w:BreakWrappedTables\/>    <w:SnapToGridInCell\/>    <w:WrapTextWithPunct\/>    <w:UseAsianBreakRules\/>    <w:DontGrowAutofit\/>   <\/w:Compatibility>   <w:BrowserLevel>MicrosoftInternetExplorer4<\/w:BrowserLevel>  <\/w:WordDocument> <\/xml><![endif]--><!--[if gte mso 9]><xml>  <w:LatentStyles DefLockedState=\"false\" LatentStyleCount=\"156\">  <\/w:LatentStyles> <\/xml><![endif]--><!--[if gte mso 10]> \n\n<style>  \/* Style Definitions *\/  table.MsoNormalTable \t{mso-style-name:\"Norm\u00e1l t\u00e1bl\u00e1zat\"; \tmso-tstyle-rowband-size:0; \tmso-tstyle-colband-size:0; \tmso-style-noshow:yes; \tmso-style-parent:\"\"; \tmso-padding-alt:0cm 5.4pt 0cm 5.4pt; \tmso-para-margin:0cm; \tmso-para-margin-bottom:.0001pt; \tmso-pagination:widow-orphan; \tfont-size:10.0pt; \tfont-family:\"Times New Roman\"; \tmso-ansi-language:#0400; \tmso-fareast-language:#0400; \tmso-bidi-language:#0400;} <\/style>\n\n <![endif]-->    <!--[if gte mso 9]><xml>  <w:WordDocument>   <w:View>Normal<\/w:View>   <w:Zoom>0<\/w:Zoom>   <w:HyphenationZone>21<\/w:HyphenationZone>   <w:PunctuationKerning\/>   <w:ValidateAgainstSchemas\/>   <w:SaveIfXMLInvalid>false<\/w:SaveIfXMLInvalid>   <w:IgnoreMixedContent>false<\/w:IgnoreMixedContent>   <w:AlwaysShowPlaceholderText>false<\/w:AlwaysShowPlaceholderText>   <w:Compatibility>    <w:BreakWrappedTables\/>    <w:SnapToGridInCell\/>    <w:WrapTextWithPunct\/>    <w:UseAsianBreakRules\/>    <w:DontGrowAutofit\/>   <\/w:Compatibility>   <w:BrowserLevel>MicrosoftInternetExplorer4<\/w:BrowserLevel>  <\/w:WordDocument> <\/xml><![endif]--><!--[if gte mso 9]><xml>  <w:LatentStyles DefLockedState=\"false\" LatentStyleCount=\"156\">  <\/w:LatentStyles> <\/xml><![endif]--><!--[if gte mso 10]> \n\n<style>  \/* Style Definitions *\/  table.MsoNormalTable \t{mso-style-name:\"Norm\u00e1l t\u00e1bl\u00e1zat\"; \tmso-tstyle-rowband-size:0; \tmso-tstyle-colband-size:0; \tmso-style-noshow:yes; \tmso-style-parent:\"\"; \tmso-padding-alt:0cm 5.4pt 0cm 5.4pt; \tmso-para-margin:0cm; \tmso-para-margin-bottom:.0001pt; \tmso-pagination:widow-orphan; \tfont-size:10.0pt; \tfont-family:\"Times New Roman\"; \tmso-ansi-language:#0400; \tmso-fareast-language:#0400; \tmso-bidi-language:#0400;} <\/style>\n\n <![endif]-->    <\/p>\n<p align=\"center\"> <a href=\"#\" onclick=\"javascript:window.open('http:\/\/www.munkacs-diocese.org\/hu\/templom-beregszasz.html','_blank','status=yes,top=180,left=300,width=640,height=505');\"><img loading=\"lazy\" decoding=\"async\" width=\"400\" height=\"171\" class=\" size-full wp-image-63\" src=\"https:\/\/munkacs-diocese.org\/hu\/wp-content\/uploads\/2010\/12\/templom-beregszasz.jpg\" border=\"0\" srcset=\"https:\/\/munkacs-diocese.org\/hu\/wp-content\/uploads\/2010\/12\/templom-beregszasz.jpg 400w, https:\/\/munkacs-diocese.org\/hu\/wp-content\/uploads\/2010\/12\/templom-beregszasz-300x128.jpg 300w\" sizes=\"(max-width: 400px) 100vw, 400px\" \/><\/a><\/p>\n<p align=\"center\"> <a href=\"#\" onclick=\"javascript:window.open('http:\/\/www.munkacs-diocese.org\/hu\/templom-beregszasz.html','_blank','status=yes,top=180,left=300,width=640,height=500');\"> <!--[if gte mso 9]><xml>  <w:WordDocument>   <w:View>Normal<\/w:View>   <w:Zoom>0<\/w:Zoom>   <w:HyphenationZone>21<\/w:HyphenationZone>   <w:PunctuationKerning\/>   <w:ValidateAgainstSchemas\/>   <w:SaveIfXMLInvalid>false<\/w:SaveIfXMLInvalid>   <w:IgnoreMixedContent>false<\/w:IgnoreMixedContent>   <w:AlwaysShowPlaceholderText>false<\/w:AlwaysShowPlaceholderText>   <w:Compatibility>    <w:BreakWrappedTables\/>    <w:SnapToGridInCell\/>    <w:WrapTextWithPunct\/>    <w:UseAsianBreakRules\/>    <w:DontGrowAutofit\/>   <\/w:Compatibility>   <w:BrowserLevel>MicrosoftInternetExplorer4<\/w:BrowserLevel>  <\/w:WordDocument> <\/xml><![endif]--><!--[if gte mso 9]><xml>  <w:LatentStyles DefLockedState=\"false\" LatentStyleCount=\"156\">  <\/w:LatentStyles> <\/xml><![endif]--><!--[if gte mso 10]> \n\n<style>  \/* Style Definitions *\/  table.MsoNormalTable \t{mso-style-name:\"Norm\u00e1l t\u00e1bl\u00e1zat\"; \tmso-tstyle-rowband-size:0; \tmso-tstyle-colband-size:0; \tmso-style-noshow:yes; \tmso-style-parent:\"\"; \tmso-padding-alt:0cm 5.4pt 0cm 5.4pt; \tmso-para-margin:0cm; \tmso-para-margin-bottom:.0001pt; \tmso-pagination:widow-orphan; \tfont-size:10.0pt; \tfont-family:\"Times New Roman\"; \tmso-ansi-language:#0400; \tmso-fareast-language:#0400; \tmso-bidi-language:#0400;} <\/style>\n\n <![endif]-->  <\/a><\/p>\n<p align=\"center\"><a href=\"#\" onclick=\"javascript:window.open('http:\/\/www.munkacs-diocese.org\/hu\/templom-beregszasz.html','_blank','status=yes,top=180,left=300,width=640,height=500');\"><font style=\"font-size: 11px; font-family: verdana; color: #910000\"><strong>A templom 3D panor\u00e1mak\u00e9p megtekint\u00e9se<\/strong><\/font><\/a><\/p>\n<p><\/p>\n<p><img loading=\"lazy\" decoding=\"async\" src=\"..\/templomok\/images\/beregszasz.jpg\" border=\"0\" width=\"92\" height=\"120\" align=\"left\" \/>Titulusa: Szent Kereszt felmagasztal\u00e1sa<\/p>\n<p>Beregsz\u00e1szt Lampert herceg, Szent L\u00e1szl\u00f3 kir\u00e1ly \u00f6ccse, a keleti orsz\u00e1gr\u00e9sz akkori ura alap\u00edtotta. A telep\u00fcl\u00e9st alap\u00edt\u00f3j\u00e1r\u00f3l Lamperth\u00e1z\u00e1nak nevezt\u00e9k el. A 12. sz\u00e1zadban, II. G\u00e9za idej\u00e9n sz\u00e1szokat telep\u00edtettek ide, akik f\u00f6ldm\u00fbvel\u00e9ssel, arany- \u00e9s s\u00f3b\u00e1ny\u00e1szattal, valamint marhateny\u00e9szt\u00e9ssel foglalkoztak, s a sz\u00f5l\u00f5t is meghonos\u00edtott\u00e1k. Ezut\u00e1n alakult ki a helys\u00e9g Lampertsz\u00e1sz elnevez\u00e9se. A tat\u00e1rj\u00e1r\u00e1skor a telep\u00fcl\u00e9s teljesen elpusztult. A tat\u00e1rok kivonul\u00e1sa ut\u00e1n IV. B\u00e9la \u00faj telepeseket hozott ide, akiket 1247-ben komoly kiv\u00e1lts\u00e1gokkal ruh\u00e1zott fel. A kiv\u00e1lts\u00e1glev\u00e9lb\u00f5l megtudhatjuk, hogy e helyet m\u00e1r 1247 el\u00f5tt Lampertsz\u00e1sznak, \u00fcl. Luprechtsz\u00e1sznak nevezt\u00e9k. Az is kit\u00fbnik a sz\u00f6vegb\u00f5l, hogy m\u00e1r a tat\u00e1rj\u00e1r\u00e1s el\u00f5tt vir\u00e1gz\u00f3 telep\u00fcl\u00e9s lehetett itt, ahol f\u00f6ldm\u00fbvel\u00e9ssel, sz\u00f5l\u00f5m\u00fbvel\u00e9ssel \u00e9s kereskedelemmel is foglalkoztak, saj\u00e1t lelk\u00e9sze \u00e9s temploma volt, s n\u00e9metek \u00e9s magyarok vegyesen lakt\u00e1k. A 14. sz\u00e1zadban t\u00falnyom\u00f3r\u00e9szt n\u00e9met nyelv\u00fb volt a lakoss\u00e1ga. Okm\u00e1nyban el\u00f5sz\u00f6r 1504-ben nevezt\u00e9k Beregsz\u00e1sznak a v\u00e1rost. 1519-ben Beregsz\u00e1sz pl\u00e9b\u00e1nosa, Szalah\u00e1zy Tam\u00e1s, II. Lajos magyar kir\u00e1ly titk\u00e1ra volt. Els\u00f5 templom\u00e1nak alap\u00edt\u00f3i a II. G\u00e9za uralkod\u00e1sa alatt bev\u00e1ndorolt els\u00f5 telepesek lehettek. A Mindenszentek tisztelet\u00e9re \u00e9p\u00fclt 13. sz\u00e1zadi templomb\u00f3l k\u00e9t gy\u00e1mk\u00f5 maradt meg &#8211; az egyik emberf\u00f5t, a m\u00e1sik egy \u00e1llatfejet \u00e1br\u00e1zol -, ami a mai \u00e9szaki kapu f\u00f6l\u00e9 van be\u00e9p\u00edtve. A pl\u00e9b\u00e1ni\u00e1nak IV. B\u00e9la kiv\u00e1lts\u00e1glevelet adott. A mai templom &#8211; a felirat szerint &#8211; 1418-ban, Zsigmond kir\u00e1ly uralkod\u00e1sa idej\u00e9n \u00e9p\u00fclt. A 16. sz\u00e1zadban &#8211; II. Lajos kir\u00e1ly feles\u00e9g\u00e9nek, (Habsburg) M\u00e1ri\u00e1nak gondoz\u00e1s\u00e1ban &#8211; k\u00e9tszer is fel\u00faj\u00edtott\u00e1k. A d\u00e9li ablak\u00e1n k\u00f5szalagra az 1518-as, a d\u00e9li d\u00edszes kapu homlokzat\u00e1ra az 1522-es \u00e9vsz\u00e1m van v\u00e9sve. A korabeli k\u00f5farag\u00e1sok a vid\u00e9k magas szint\u00fb \u00e9p\u00edtkez\u00e9si kult\u00far\u00e1j\u00e1nak p\u00e9ld\u00e1i. Az 1556-os tat\u00e1r bet\u00f6r\u00e9s idej\u00e9n nagy puszt\u00edt\u00e1s \u00e9rte a v\u00e1rost. A tat\u00e1rok kirabolt\u00e1k \u00e9s felgy\u00fajtott\u00e1k, a lakoss\u00e1g nagy r\u00e9sz\u00e9t elhurcolt\u00e1k. 1657-ben II. R\u00e1k\u00f3czi Gy\u00f6rgy a lengyel tr\u00f3n megszerz\u00e9s\u00e9re t\u00f6rekedett, de hadj\u00e1rata kudarcba fulladt, s nagy megtorl\u00e1st hozott e vid\u00e9kre. A lengyelek visszavert\u00e9k csapatait, majd bet\u00f6rtek Magyarorsz\u00e1gra, s kegyetlen puszt\u00edt\u00e1sokat vittek v\u00e9ghez Bereg, Ugocsa \u00e9s Szatm\u00e1r megy\u00e9ben. 1657. j\u00fanius 17-\u00e9n, amikor Beregsz\u00e1sz lak\u00f3i \u00e9pp vas\u00e1rnapi istentiszteleten voltak, az ellens\u00e9ges sereg r\u00e1juk t\u00f6rt \u00e9s a templom ker\u00edt\u00e9s\u00e9n\u00e9l az emberek nagy r\u00e9sz\u00e9t meg\u00f6lte, a templomot felgy\u00fajtotta, csup\u00e1n a n\u00e9gysz\u00f6glet\u00fb k\u00f6vekb\u00f5l \u00e9p\u00fclt r\u00e9szek maradtak meg.<img loading=\"lazy\" decoding=\"async\" class=\" alignright size-full wp-image-64\" src=\"https:\/\/munkacs-diocese.org\/hu\/wp-content\/uploads\/2010\/12\/beregszasz-kereszt-1.jpg\" border=\"0\" alt=\"a beregsz\u00e1szi templom\" width=\"151\" height=\"113\" align=\"right\" \/><\/p>\n<p>A templomot B\u00e1thory Zs\u00f3fia \u00e9p\u00edttette \u00fajj\u00e1, \u00e1m az 1686-ban ism\u00e9t le\u00e9gett, s 1837-ig romokban \u00e1llt. A reform\u00e1ci\u00f3 viharai ut\u00e1n, 1715-ben szervez\u00f5d\u00f6tt \u00fajra a pl\u00e9b\u00e1nia. A szentmis\u00e9ket a templomrom mellett \u00e1ll\u00f3 g\u00f3tikus st\u00edlus\u00fa Szent Mih\u00e1ly-k\u00e1poln\u00e1ban tartott\u00e1k, melyet 1743-ban \u00e1ll\u00edttatott helyre az uradalom. A k\u00e1poln\u00e1t 1846-ban lebontott\u00e1k.<\/p>\n<p>A r\u00e9gi templomot 1837 \u00e9s 1846 k\u00f6z\u00f6tt Tischler Albin beregsz\u00e1szi seg\u00e9dlelk\u00e9sz &#8211; k\u00e9s\u00f5bb c\u00edmzetes kanonok &#8211; tervei alapj\u00e1n Sch\u00f6nborn gr\u00f3f fel\u00faj\u00edttatta, s 1846. november l-j\u00e9n H\u00e1m J\u00e1nos p\u00fcsp\u00f6k szentelte fel. A neog\u00f3tikus st\u00edlusban \u00e9p\u00fclt, h\u00e1romhaj\u00f3s csarnoktemplomot ekkor nevezt\u00e9k \u00e1t Szent Kereszt felmagasztal\u00e1sa templomm\u00e1. M\u00fbeml\u00e9k \u00e9rt\u00e9k\u00fb orgon\u00e1j\u00e1t 1899-ben a budapesti Rieger Testv\u00e9rek \u00e9p\u00edtett\u00e9k. Bels\u00f5 berendez\u00e9se &#8211; a sz\u00f3sz\u00e9k, az olt\u00e1rok &#8211; 1907-ben k\u00e9sz\u00fclt neog\u00f3tikus st\u00edlusban. Az anyak\u00f6nyvez\u00e9s kezdete: 1723. A liturgia nyelve: magyar.<\/p>\n<p>&nbsp;<\/p>\n<p>&nbsp;<\/p>\n<div align=\"center\">\u00a0<\/div>\n","protected":false},"excerpt":{"rendered":"<p>\u00a0 BEREGSZ\u00c1SZI R\u00d3MAI KATOLIKUS TEMPLOM A templom 3D panor\u00e1mak\u00e9p megtekint\u00e9se Titulusa: Szent Kereszt felmagasztal\u00e1sa Beregsz\u00e1szt Lampert herceg, Szent L\u00e1szl\u00f3 kir\u00e1ly \u00f6ccse, a keleti orsz\u00e1gr\u00e9sz akkori ura alap\u00edtotta. A telep\u00fcl\u00e9st alap\u00edt\u00f3j\u00e1r\u00f3l Lamperth\u00e1z\u00e1nak nevezt\u00e9k el. A 12. sz\u00e1zadban, II. G\u00e9za idej\u00e9n sz\u00e1szokat telep\u00edtettek ide, akik f\u00f6ldm\u00fbvel\u00e9ssel, arany- \u00e9s s\u00f3b\u00e1ny\u00e1szattal, valamint marhateny\u00e9szt\u00e9ssel foglalkoztak, s a sz\u00f5l\u00f5t is meghonos\u00edtott\u00e1k. [&hellip;]<\/p>\n","protected":false},"author":1,"featured_media":63,"comment_status":"open","ping_status":"open","sticky":false,"template":"","format":"standard","meta":{"_acf_changed":false,"_et_pb_use_builder":"","_et_pb_old_content":"","_et_gb_content_width":"","footnotes":""},"categories":[15],"tags":[],"class_list":["post-65","post","type-post","status-publish","format-standard","has-post-thumbnail","hentry","category-beregszaszi-jaras","et-has-post-format-content","et_post_format-et-post-format-standard"],"acf":[],"_links":{"self":[{"href":"https:\/\/munkacs-diocese.org\/hu\/wp-json\/wp\/v2\/posts\/65"}],"collection":[{"href":"https:\/\/munkacs-diocese.org\/hu\/wp-json\/wp\/v2\/posts"}],"about":[{"href":"https:\/\/munkacs-diocese.org\/hu\/wp-json\/wp\/v2\/types\/post"}],"author":[{"embeddable":true,"href":"https:\/\/munkacs-diocese.org\/hu\/wp-json\/wp\/v2\/users\/1"}],"replies":[{"embeddable":true,"href":"https:\/\/munkacs-diocese.org\/hu\/wp-json\/wp\/v2\/comments?post=65"}],"version-history":[{"count":0,"href":"https:\/\/munkacs-diocese.org\/hu\/wp-json\/wp\/v2\/posts\/65\/revisions"}],"wp:featuredmedia":[{"embeddable":true,"href":"https:\/\/munkacs-diocese.org\/hu\/wp-json\/wp\/v2\/media\/63"}],"wp:attachment":[{"href":"https:\/\/munkacs-diocese.org\/hu\/wp-json\/wp\/v2\/media?parent=65"}],"wp:term":[{"taxonomy":"category","embeddable":true,"href":"https:\/\/munkacs-diocese.org\/hu\/wp-json\/wp\/v2\/categories?post=65"},{"taxonomy":"post_tag","embeddable":true,"href":"https:\/\/munkacs-diocese.org\/hu\/wp-json\/wp\/v2\/tags?post=65"}],"curies":[{"name":"wp","href":"https:\/\/api.w.org\/{rel}","templated":true}]}}