{"id":634,"date":"2012-07-16T00:00:00","date_gmt":"2012-07-15T21:00:00","guid":{"rendered":"http:\/\/munkacs-diocese.org\/hu\/2012\/07\/16\/uj-hajtas\/"},"modified":"2012-07-16T00:00:00","modified_gmt":"2012-07-15T21:00:00","slug":"uj-hajtas","status":"publish","type":"post","link":"https:\/\/munkacs-diocese.org\/hu\/2012\/07\/16\/uj-hajtas\/","title":{"rendered":"\u00daj Hajt\u00e1s"},"content":{"rendered":"<div id=\"fb-root\"><\/div>\n<p style=\"margin-top: 0cm; margin-bottom: 0cm\"><font style=\"font-size: 13px; color: #b57322; font-family: arial\" color=\"#800000\"><strong>M\u00e1r online is  megjelent a Munk\u00e1csi Egyh\u00e1zmegye<\/strong><strong> <\/strong><strong>\u00daj Hajt\u00e1s c. katolikus lap 6.  sz\u00e1ma!<\/strong><\/font><\/p>\n<p><font style=\"font-size: 12px; color: #6b6661; font-family: arial\">\u00a0<\/font><img loading=\"lazy\" decoding=\"async\" class=\" alignleft size-full wp-image-633\" src=\"https:\/\/munkacs-diocese.org\/hu\/wp-content\/uploads\/2012\/07\/lap-6-2012.jpg\" border=\"0\" width=\"105\" height=\"150\" align=\"left\" \/><font style=\"font-size: 12px; color: #6b6661; font-family: arial\"><font color=\"#000000\">R\u00f6viden a tartalomb\u00f3l:<\/font><\/font><font style=\"font-size: 12px; color: #6b6661; font-family: arial\"><font color=\"#000000\"><br \/><\/font><\/font><\/p>\n<p>Eucharisztikus Kongresszus<br \/>Papszentel\u00e9s Munk\u00e1cson<br \/>Az ungv\u00e1ri egyh\u00e1zk\u00f6zs\u00e9g maj\u00e1lisa<br \/>Csal\u00e1dok vil\u00e1gtal\u00e1lkoz\u00f3ja Mil\u00e1n\u00f3ban<br \/>Labdarug\u00f3 Eur\u00f3pa-bajnoks\u00e1g &#8211; m\u00e1s n\u00e9z\u0151pontb\u00f3l is<\/p>\n<p align=\"justify\"><font style=\"font-size: 12px; color: #6b6661; font-family: arial\"><font color=\"#000000\">Err\u0151l \u00e9s m\u00e9g sok minden m\u00e1sr\u00f3l olvashat az \u00daj Hajt\u00e1s nyomtatott lapban \u00e9s a meg\u00fajult honlapon: <\/font><\/font><a href=\"http:\/\/www.ujhajtas.net.ua\/\"><font style=\"font-size: 14px; color: #c97e10; font-family: arial\">www.ujhajtas.net.ua<\/font><\/a><\/p>\n","protected":false},"excerpt":{"rendered":"<p>M\u00e1r online is megjelent a Munk\u00e1csi Egyh\u00e1zmegye \u00daj Hajt\u00e1s c. katolikus lap 6. sz\u00e1ma! \u00a0R\u00f6viden a tartalomb\u00f3l: Eucharisztikus KongresszusPapszentel\u00e9s Munk\u00e1csonAz ungv\u00e1ri egyh\u00e1zk\u00f6zs\u00e9g maj\u00e1lisaCsal\u00e1dok vil\u00e1gtal\u00e1lkoz\u00f3ja Mil\u00e1n\u00f3banLabdarug\u00f3 Eur\u00f3pa-bajnoks\u00e1g &#8211; m\u00e1s n\u00e9z\u0151pontb\u00f3l is Err\u0151l \u00e9s m\u00e9g sok minden m\u00e1sr\u00f3l olvashat az \u00daj Hajt\u00e1s nyomtatott lapban \u00e9s a meg\u00fajult honlapon: www.ujhajtas.net.ua<\/p>\n","protected":false},"author":1,"featured_media":633,"comment_status":"open","ping_status":"open","sticky":false,"template":"","format":"standard","meta":{"_acf_changed":false,"_et_pb_use_builder":"","_et_pb_old_content":"","_et_gb_content_width":"","footnotes":""},"categories":[10],"tags":[],"class_list":["post-634","post","type-post","status-publish","format-standard","has-post-thumbnail","hentry","category-aktualis-hirek","et-has-post-format-content","et_post_format-et-post-format-standard"],"acf":[],"_links":{"self":[{"href":"https:\/\/munkacs-diocese.org\/hu\/wp-json\/wp\/v2\/posts\/634"}],"collection":[{"href":"https:\/\/munkacs-diocese.org\/hu\/wp-json\/wp\/v2\/posts"}],"about":[{"href":"https:\/\/munkacs-diocese.org\/hu\/wp-json\/wp\/v2\/types\/post"}],"author":[{"embeddable":true,"href":"https:\/\/munkacs-diocese.org\/hu\/wp-json\/wp\/v2\/users\/1"}],"replies":[{"embeddable":true,"href":"https:\/\/munkacs-diocese.org\/hu\/wp-json\/wp\/v2\/comments?post=634"}],"version-history":[{"count":0,"href":"https:\/\/munkacs-diocese.org\/hu\/wp-json\/wp\/v2\/posts\/634\/revisions"}],"wp:featuredmedia":[{"embeddable":true,"href":"https:\/\/munkacs-diocese.org\/hu\/wp-json\/wp\/v2\/media\/633"}],"wp:attachment":[{"href":"https:\/\/munkacs-diocese.org\/hu\/wp-json\/wp\/v2\/media?parent=634"}],"wp:term":[{"taxonomy":"category","embeddable":true,"href":"https:\/\/munkacs-diocese.org\/hu\/wp-json\/wp\/v2\/categories?post=634"},{"taxonomy":"post_tag","embeddable":true,"href":"https:\/\/munkacs-diocese.org\/hu\/wp-json\/wp\/v2\/tags?post=634"}],"curies":[{"name":"wp","href":"https:\/\/api.w.org\/{rel}","templated":true}]}}