{"id":630,"date":"2012-06-07T00:00:00","date_gmt":"2012-06-06T21:00:00","guid":{"rendered":"http:\/\/munkacs-diocese.org\/hu\/2012\/06\/07\/eucharisztikus-nap-munkacson\/"},"modified":"2012-06-07T00:00:00","modified_gmt":"2012-06-06T21:00:00","slug":"eucharisztikus-nap-munkacson","status":"publish","type":"post","link":"https:\/\/munkacs-diocese.org\/hu\/2012\/06\/07\/eucharisztikus-nap-munkacson\/","title":{"rendered":"Eucharisztikus nap Munk\u00e1cson"},"content":{"rendered":"<div id=\"fb-root\"><\/div>\n<div align=\"center\"><strong> Eucharisztikus nap Munk\u00e1cson<\/strong><\/div>\n<p class=\"MsoNormal\"><img loading=\"lazy\" decoding=\"async\" class=\" alignleft size-full wp-image-626\" src=\"https:\/\/munkacs-diocese.org\/hu\/wp-content\/uploads\/2012\/06\/DSCF1125.jpg\" border=\"0\" width=\"131\" height=\"98\" align=\"left\" srcset=\"https:\/\/munkacs-diocese.org\/hu\/wp-content\/uploads\/2012\/06\/DSCF1125.jpg 640w, https:\/\/munkacs-diocese.org\/hu\/wp-content\/uploads\/2012\/06\/DSCF1125-300x225.jpg 300w, https:\/\/munkacs-diocese.org\/hu\/wp-content\/uploads\/2012\/06\/DSCF1125-510x382.jpg 510w\" sizes=\"(max-width: 131px) 100vw, 131px\" \/><strong><em>Az ukrajnai r\u00f3mai katolikus egyh\u00e1z I.  Orsz\u00e1gos Eucharisztikus Kongresszus\u00e1nak lez\u00e1r\u00e1sa el\u0151tti napon, j\u00fanius 2-\u00e1n  ker\u00fclt sor orsz\u00e1gszerte az egyh\u00e1zmegyei szint\u0171 eucharisztikus \u00fcnnepre.  <\/em><\/strong><\/p>\n<p class=\"MsoNormal\">Munk\u00e1cson reggel 8 \u00f3r\u00e1t\u00f3l \u00e9rkeztek a zar\u00e1ndokok az  egyh\u00e1zmegye k\u00fcl\u00f6nb\u00f6z\u0151 r\u00e9szeib\u0151l. 9 \u00f3r\u00e1ra megtelt a sz\u00e9kesegyh\u00e1z, \u00e9s kezdet\u00e9t  vette az eucharisztikus im\u00e1ds\u00e1g.<\/p>\n<p> <!--more-->  <\/p>\n<p class=\"MsoNormal\">10 \u00f3rakor kezd\u0151d\u00f6tt az \u00fcnnepi szentmise, melynek f\u0151celebr\u00e1nsa  Majnek Antal munk\u00e1csi megy\u00e9sp\u00fcsp\u00f6k volt; vele egy\u00fctt mutatta be a  szentmise\u00e1ldozatot Bos\u00e1k N\u00e1ndor debrecen-ny\u00edregyh\u00e1zi megy\u00e9sp\u00fcsp\u00f6k, Milan \u0160\u00e1\u0161ik  munk\u00e1csi g\u00f6r\u00f6g katolikus p\u00fcsp\u00f6k, Leon Ma\u0142y lembergi seg\u00e9dp\u00fcsp\u00f6k, Barsi Bal\u00e1zs  OFM, a nap megh\u00edvott sz\u00f3noka, \u00e9s az egyh\u00e1zmegye paps\u00e1ga. Jelen voltak m\u00e9g v\u00e1rosi  vezet\u0151k is. A szentmis\u00e9n a sz\u00e9kesegyh\u00e1z magyar gyermekk\u00f3rusa \u00e9s az ukr\u00e1n  fiatalok k\u00f3rusa \u00e9nekelt.<\/p>\n<p class=\"MsoNormal\"><img loading=\"lazy\" decoding=\"async\" class=\" alignright size-full wp-image-627\" src=\"https:\/\/munkacs-diocese.org\/hu\/wp-content\/uploads\/2012\/06\/DSCF0924.jpg\" border=\"0\" width=\"130\" height=\"97\" align=\"right\" srcset=\"https:\/\/munkacs-diocese.org\/hu\/wp-content\/uploads\/2012\/06\/DSCF0924.jpg 640w, https:\/\/munkacs-diocese.org\/hu\/wp-content\/uploads\/2012\/06\/DSCF0924-300x225.jpg 300w, https:\/\/munkacs-diocese.org\/hu\/wp-content\/uploads\/2012\/06\/DSCF0924-510x382.jpg 510w\" sizes=\"(max-width: 130px) 100vw, 130px\" \/>Napk\u00f6zben lehet\u0151s\u00e9g volt arra, hogy aki m\u00e9g nem  v\u00e9gezte el otthon gy\u00f3n\u00e1s\u00e1t, megtehesse azt. A f\u00e9l \u00e9ve tart\u00f3 lelki el\u0151k\u00e9sz\u00fcletek  nagy hangs\u00falyt fektettek arra, hogy min\u00e9l t\u00f6bben felsz\u00edts\u00e1k magukban a gyakori  szent\u00e1ldoz\u00e1s v\u00e1gy\u00e1t, hogy ne csak az olt\u00e1ron adjuk meg a tiszteletet az  eucharisztikus J\u00e9zusnak, hanem vegy\u00fck \u0151t magunkhoz, az \u0150 k\u00edv\u00e1ns\u00e1ga szerint, aki  eledelk\u00e9nt akar t\u00e1pl\u00e1lni benn\u00fcnket mindennapjainkban. <\/p>\n<p class=\"MsoNormal\">D\u00e9lut\u00e1n ker\u00fclt sor Barsi Bal\u00e1zs atya m\u00e1sodik kongresszusi  besz\u00e9d\u00e9re, melyben a hitvall\u00e1s szavainak f\u00e9ny\u00e9ben elm\u00e9lkedett az  Euchariszti\u00e1r\u00f3l. Ezt k\u00f6vette a szents\u00e9gim\u00e1d\u00e1s, melyet Petenko Miron atya  vezetett; a huszti templom k\u00f3rusa seg\u00edtette az elm\u00e9ly\u00fcl\u00e9st csendes, meditat\u00edv  \u00e9nekeivel. V\u00e9g\u00fcl a r\u00e9sztvev\u0151k a v\u00e1ros utc\u00e1in tettek tan\u00fas\u00e1got az  Olt\u00e1riszents\u00e9gben jelen l\u00e9v\u0151 J\u00e9zus ir\u00e1nti szeretet\u00fckr\u0151l \u00e9s tisztelet\u00fckr\u0151l. <\/p>\n<p class=\"MsoNormal\"><img loading=\"lazy\" decoding=\"async\" class=\" alignleft size-full wp-image-628\" src=\"https:\/\/munkacs-diocese.org\/hu\/wp-content\/uploads\/2012\/06\/DSCF0788.jpg\" border=\"0\" width=\"130\" height=\"97\" align=\"left\" srcset=\"https:\/\/munkacs-diocese.org\/hu\/wp-content\/uploads\/2012\/06\/DSCF0788.jpg 640w, https:\/\/munkacs-diocese.org\/hu\/wp-content\/uploads\/2012\/06\/DSCF0788-300x225.jpg 300w, https:\/\/munkacs-diocese.org\/hu\/wp-content\/uploads\/2012\/06\/DSCF0788-510x382.jpg 510w\" sizes=\"(max-width: 130px) 100vw, 130px\" \/>A menet a belv\u00e1roson haladt v\u00e9gig, mik\u00f6zben eucharisztikus  \u00e9neket \u00e9nekelt\u00fcnk. A r\u00e9sztvev\u0151k magukkal hozt\u00e1k k\u00f6rmeneti z\u00e1szl\u00f3ikat, melyek j\u00f3l  l\u00e1tszottak a hossz\u00fa menetben. A j\u00e1r\u00f3kel\u0151k, akik mellett a menet elhaladt,  \u00e9rdekl\u0151dve figyeltek minket, \u00e9s legt\u00f6bbj\u00fck\u00f6n l\u00e1tszott, hogy meg\u00e9rezt\u00e9k: valami \u2013  helyesebben: Valaki \u2013 olyat vitt\u00fcnk ki megmutatni az utc\u00e1ra, Aki sz\u00e1munkra  v\u00e9gtelen\u00fcl fontos. <\/p>\n<p class=\"MsoNormal\">N\u00e9gy \u00e1llom\u00e1sa volt a k\u00f6rmenetnek: a sz\u00e9kesegyh\u00e1z, ahol Bos\u00e1k  N\u00e1ndor p\u00fcsp\u00f6k mondott besz\u00e9det; a g\u00f6r\u00f6g katolikus templom, ahol Milan \u0160\u00e1\u0161ik  p\u00fcsp\u00f6k besz\u00e9lt; a v\u00e1rosh\u00e1za k\u00f6zel\u00e9ben l\u00e9v\u0151 Szent Cirill \u00e9s Met\u00f3d szobor, melyn\u00e9l  Leon Ma\u0142y p\u00fcsp\u00f6k elm\u00e9lked\u00e9s\u00e9t hallhattuk; majd \u00fajra a sz\u00e9kesegyh\u00e1z, ahol Majnek  Antal p\u00fcsp\u00f6k mondott besz\u00e9det, \u00e9s szents\u00e9gi \u00e1ld\u00e1ssal z\u00e1rta le a kongresszust. A  p\u00fcsp\u00f6k atya k\u00f6sz\u00f6netet mondott mindenkinek, aki valamilyen m\u00f3don r\u00e9szt vett a  szervez\u00e9sben, a lebonyol\u00edt\u00e1sban, \u00e9s a h\u00edveknek, akik elj\u00f6ttek erre a nagy  \u00fcnnepre.<\/p>\n<p class=\"MsoNormal\">Az egyh\u00e1zmegyei eucharisztikus nap a r\u00e9sztvev\u0151k  egy\u00f6ntet\u0171 v\u00e9lem\u00e9nye szerint csod\u00e1latos lelki \u00e9lm\u00e9nyt ny\u00fajtott. Rem\u00e9lj\u00fck,  egyh\u00e1zmegy\u00e9nk \u00e9let\u00e9ben \u00e9s egy\u00e9ni \u00e9let\u00fcnkben is maradand\u00f3 hat\u00e1sa lesz ennek a nem  mindennapi esem\u00e9nynek. <\/p>\n<p class=\"MsoNormal\"><img loading=\"lazy\" decoding=\"async\" class=\" alignright size-full wp-image-629\" src=\"https:\/\/munkacs-diocese.org\/hu\/wp-content\/uploads\/2012\/06\/DSCF1114.jpg\" border=\"0\" width=\"131\" height=\"98\" align=\"right\" srcset=\"https:\/\/munkacs-diocese.org\/hu\/wp-content\/uploads\/2012\/06\/DSCF1114.jpg 640w, https:\/\/munkacs-diocese.org\/hu\/wp-content\/uploads\/2012\/06\/DSCF1114-300x225.jpg 300w, https:\/\/munkacs-diocese.org\/hu\/wp-content\/uploads\/2012\/06\/DSCF1114-510x382.jpg 510w\" sizes=\"(max-width: 131px) 100vw, 131px\" \/>K\u00fcl\u00f6n aj\u00e1nd\u00e9k volt, hogy a bor\u00fas, es\u0151s id\u0151j\u00e1r\u00e1s helyett,  amire az el\u0151rejelz\u00e9sek alapj\u00e1n sz\u00e1m\u00edtottunk, t\u00falnyom\u00f3r\u00e9szt naps\u00fct\u00e9ses volt az  id\u0151. <\/p>\n<p class=\"MsoNormal\">Napk\u00f6zben t\u00f6bbsz\u00f6r felhangzott az 1938-as budapesti  nemzetk\u00f6zi eucharisztikus kongresszus \u201eGy\u0151zelemr\u0151l \u00e9nekeljen\u201d kezdet\u0171 himnusza,  s term\u00e9szetesen a jelenlegi ukrajnai kongresszus himnusz\u00e1t is el\u00e9nekelt\u00fck.<\/p>\n<p class=\"MsoNormal\">A kongresszus \u2013 f\u00e9l \u00e9ves k\u00e9sz\u00fclet ut\u00e1n \u2013 m\u00e1jus  26-\u00e1n kezd\u0151d\u00f6tt Kijevben. A z\u00e1r\u00f3\u00fcnneps\u00e9get az egyh\u00e1zmegyei eucharisztikus nap  m\u00e1snapj\u00e1n, j\u00fanius 3-\u00e1n tartott\u00e1k Lembergben. Az \u00fcnneps\u00e9gen egyh\u00e1zmegy\u00e9nkb\u0151l  r\u00e9szt vett Majnek Antal p\u00fcsp\u00f6k, papjaink k\u00fcld\u00f6tts\u00e9ge \u00e9s h\u00e9t busznyi h\u00edv\u0151 is.  <\/p>\n<p class=\"MsoNormal\">&nbsp;<\/p>\n","protected":false},"excerpt":{"rendered":"<p>Eucharisztikus nap Munk\u00e1cson Az ukrajnai r\u00f3mai katolikus egyh\u00e1z I. Orsz\u00e1gos Eucharisztikus Kongresszus\u00e1nak lez\u00e1r\u00e1sa el\u0151tti napon, j\u00fanius 2-\u00e1n ker\u00fclt sor orsz\u00e1gszerte az egyh\u00e1zmegyei szint\u0171 eucharisztikus \u00fcnnepre. Munk\u00e1cson reggel 8 \u00f3r\u00e1t\u00f3l \u00e9rkeztek a zar\u00e1ndokok az egyh\u00e1zmegye k\u00fcl\u00f6nb\u00f6z\u0151 r\u00e9szeib\u0151l. 9 \u00f3r\u00e1ra megtelt a sz\u00e9kesegyh\u00e1z, \u00e9s kezdet\u00e9t vette az eucharisztikus im\u00e1ds\u00e1g.<\/p>\n","protected":false},"author":1,"featured_media":626,"comment_status":"open","ping_status":"open","sticky":false,"template":"","format":"standard","meta":{"_acf_changed":false,"_et_pb_use_builder":"","_et_pb_old_content":"","_et_gb_content_width":"","footnotes":""},"categories":[10],"tags":[],"class_list":["post-630","post","type-post","status-publish","format-standard","has-post-thumbnail","hentry","category-aktualis-hirek","et-has-post-format-content","et_post_format-et-post-format-standard"],"acf":[],"_links":{"self":[{"href":"https:\/\/munkacs-diocese.org\/hu\/wp-json\/wp\/v2\/posts\/630"}],"collection":[{"href":"https:\/\/munkacs-diocese.org\/hu\/wp-json\/wp\/v2\/posts"}],"about":[{"href":"https:\/\/munkacs-diocese.org\/hu\/wp-json\/wp\/v2\/types\/post"}],"author":[{"embeddable":true,"href":"https:\/\/munkacs-diocese.org\/hu\/wp-json\/wp\/v2\/users\/1"}],"replies":[{"embeddable":true,"href":"https:\/\/munkacs-diocese.org\/hu\/wp-json\/wp\/v2\/comments?post=630"}],"version-history":[{"count":0,"href":"https:\/\/munkacs-diocese.org\/hu\/wp-json\/wp\/v2\/posts\/630\/revisions"}],"wp:featuredmedia":[{"embeddable":true,"href":"https:\/\/munkacs-diocese.org\/hu\/wp-json\/wp\/v2\/media\/626"}],"wp:attachment":[{"href":"https:\/\/munkacs-diocese.org\/hu\/wp-json\/wp\/v2\/media?parent=630"}],"wp:term":[{"taxonomy":"category","embeddable":true,"href":"https:\/\/munkacs-diocese.org\/hu\/wp-json\/wp\/v2\/categories?post=630"},{"taxonomy":"post_tag","embeddable":true,"href":"https:\/\/munkacs-diocese.org\/hu\/wp-json\/wp\/v2\/tags?post=630"}],"curies":[{"name":"wp","href":"https:\/\/api.w.org\/{rel}","templated":true}]}}