{"id":625,"date":"2012-06-07T00:00:00","date_gmt":"2012-06-06T21:00:00","guid":{"rendered":"http:\/\/munkacs-diocese.org\/hu\/2012\/06\/07\/az-elet-menete-munkacson-2\/"},"modified":"2012-06-07T00:00:00","modified_gmt":"2012-06-06T21:00:00","slug":"az-elet-menete-munkacson-2","status":"publish","type":"post","link":"https:\/\/munkacs-diocese.org\/hu\/2012\/06\/07\/az-elet-menete-munkacson-2\/","title":{"rendered":"Az \u00c9let Menete Munk\u00e1cson"},"content":{"rendered":"<div id=\"fb-root\"><\/div>\n<div align=\"center\"><strong>&#8222;V\u00e9dd az \u00e9letet!&#8221;<\/strong><br \/><strong>Az \u00c9let Menete Munk\u00e1cson &#8211; harmadik  alkalommal<\/strong><\/div>\n<p><img loading=\"lazy\" decoding=\"async\" class=\" alignleft size-full wp-image-623\" src=\"https:\/\/munkacs-diocese.org\/hu\/wp-content\/uploads\/2012\/06\/elet-menete-1.jpg\" border=\"0\" width=\"130\" height=\"97\" align=\"left\" srcset=\"https:\/\/munkacs-diocese.org\/hu\/wp-content\/uploads\/2012\/06\/elet-menete-1.jpg 648w, https:\/\/munkacs-diocese.org\/hu\/wp-content\/uploads\/2012\/06\/elet-menete-1-300x225.jpg 300w, https:\/\/munkacs-diocese.org\/hu\/wp-content\/uploads\/2012\/06\/elet-menete-1-510x382.jpg 510w\" sizes=\"(max-width: 130px) 100vw, 130px\" \/>Harmadik alkalommal rendezte meg az \u00c9let Menet\u00e9t a  Munk\u00e1csi Egyh\u00e1zmegye \u00e9letv\u00e9d\u0151 csoportja. A magzati \u00e9let tisztelet\u00e9re \u00e9s annak  v\u00e9delm\u00e9ben rendezett im\u00e1ra \u00e9s az ut\u00e1na k\u00f6vetkez\u0151 menetre j\u00fanius 1-j\u00e9n ker\u00fclt  sor.<br \/> <!--more--> Az \u00f6kumenikus rendezv\u00e9nyen t\u00f6bb egyh\u00e1z papjai ill. lelk\u00e9szei \u00e9s h\u00edvei,  valamint a v\u00e1ros polg\u00e1rmestere is r\u00e9szt vett. Sok fiatal sz\u00fcl\u0151t is lehetett  l\u00e1tni, akik babakocsikkal vagy kisebb-nagyobb gyermekekkel \u00e9rkeztek. Most  el\u0151sz\u00f6r a Hit \u00e9s F\u00e9ny K\u00f6z\u00f6ss\u00e9g is r\u00e9szt vett a felvonul\u00e1son, melyet a munk\u00e1csi,  huszti \u00e9s t\u00e9cs\u0151i csoport k\u00e9pviselt.<br \/><img loading=\"lazy\" decoding=\"async\" class=\" alignright size-full wp-image-624\" src=\"https:\/\/munkacs-diocese.org\/hu\/wp-content\/uploads\/2012\/06\/elet-menete-2.jpg\" border=\"0\" width=\"130\" height=\"97\" align=\"right\" srcset=\"https:\/\/munkacs-diocese.org\/hu\/wp-content\/uploads\/2012\/06\/elet-menete-2.jpg 648w, https:\/\/munkacs-diocese.org\/hu\/wp-content\/uploads\/2012\/06\/elet-menete-2-300x225.jpg 300w, https:\/\/munkacs-diocese.org\/hu\/wp-content\/uploads\/2012\/06\/elet-menete-2-510x382.jpg 510w\" sizes=\"(max-width: 130px) 100vw, 130px\" \/>A menet a r\u00f3mai katolikus sz\u00e9kesegyh\u00e1zt\u00f3l  a n\u0151gy\u00f3gy\u00e1szati klinik\u00e1ig tartott. A klinika el\u0151tt els\u0151k\u00e9nt Majnek Antal p\u00fcsp\u00f6k  mondott besz\u00e9det, majd ut\u00e1na a t\u00f6bbi egyh\u00e1z k\u00e9pvisel\u0151i. Legv\u00e9g\u00fcl Vira Fediva, az  egyh\u00e1zmegye \u00e9letv\u00e9d\u0151 csoportj\u00e1nak egyik tagja mutatta be tev\u00e9kenys\u00e9g\u00fcket: t\u00f6bb  \u00e9ve lelkigyakorlatokat szerveznek abortuszt \u00e1t\u00e9lt n\u0151knek &#8211; Isten ugyan k\u00e9sz  arra, hogy b\u00e1rmilyen b\u0171nt megbocs\u00e1sson, de sokszor az ember \u00f6nmag\u00e1nak bocs\u00e1t meg  a legnehezebben. Ehhez a megbocs\u00e1t\u00e1shoz seg\u00edtik eljutni a lelkigyakorlaton  r\u00e9sztvev\u0151 n\u0151ket. Telefonon \u00e9s irod\u00e1jukban pedig elbesz\u00e9lgetnek a neh\u00e9z  helyzetben l\u00e9v\u0151 \u00e1llapotos n\u0151kkel, \u00e9s seg\u00edtenek megold\u00e1st tal\u00e1lni  helyzet\u00fckre.<br \/>A program legv\u00e9g\u00e9n a jelenlev\u0151k felengedt\u00e9k a leveg\u0151be a feh\u00e9r  l\u00e9gg\u00f6mb\u00f6ket, melyek felirata ez volt: &#8222;V\u00e9dd az \u00e9letet!&#8221;<\/p>\n","protected":false},"excerpt":{"rendered":"<p>&#8222;V\u00e9dd az \u00e9letet!&#8221;Az \u00c9let Menete Munk\u00e1cson &#8211; harmadik alkalommal Harmadik alkalommal rendezte meg az \u00c9let Menet\u00e9t a Munk\u00e1csi Egyh\u00e1zmegye \u00e9letv\u00e9d\u0151 csoportja. A magzati \u00e9let tisztelet\u00e9re \u00e9s annak v\u00e9delm\u00e9ben rendezett im\u00e1ra \u00e9s az ut\u00e1na k\u00f6vetkez\u0151 menetre j\u00fanius 1-j\u00e9n ker\u00fclt sor.<\/p>\n","protected":false},"author":1,"featured_media":623,"comment_status":"open","ping_status":"open","sticky":false,"template":"","format":"standard","meta":{"_acf_changed":false,"_et_pb_use_builder":"","_et_pb_old_content":"","_et_gb_content_width":"","footnotes":""},"categories":[10],"tags":[],"class_list":["post-625","post","type-post","status-publish","format-standard","has-post-thumbnail","hentry","category-aktualis-hirek","et-has-post-format-content","et_post_format-et-post-format-standard"],"acf":[],"_links":{"self":[{"href":"https:\/\/munkacs-diocese.org\/hu\/wp-json\/wp\/v2\/posts\/625"}],"collection":[{"href":"https:\/\/munkacs-diocese.org\/hu\/wp-json\/wp\/v2\/posts"}],"about":[{"href":"https:\/\/munkacs-diocese.org\/hu\/wp-json\/wp\/v2\/types\/post"}],"author":[{"embeddable":true,"href":"https:\/\/munkacs-diocese.org\/hu\/wp-json\/wp\/v2\/users\/1"}],"replies":[{"embeddable":true,"href":"https:\/\/munkacs-diocese.org\/hu\/wp-json\/wp\/v2\/comments?post=625"}],"version-history":[{"count":0,"href":"https:\/\/munkacs-diocese.org\/hu\/wp-json\/wp\/v2\/posts\/625\/revisions"}],"wp:featuredmedia":[{"embeddable":true,"href":"https:\/\/munkacs-diocese.org\/hu\/wp-json\/wp\/v2\/media\/623"}],"wp:attachment":[{"href":"https:\/\/munkacs-diocese.org\/hu\/wp-json\/wp\/v2\/media?parent=625"}],"wp:term":[{"taxonomy":"category","embeddable":true,"href":"https:\/\/munkacs-diocese.org\/hu\/wp-json\/wp\/v2\/categories?post=625"},{"taxonomy":"post_tag","embeddable":true,"href":"https:\/\/munkacs-diocese.org\/hu\/wp-json\/wp\/v2\/tags?post=625"}],"curies":[{"name":"wp","href":"https:\/\/api.w.org\/{rel}","templated":true}]}}