{"id":619,"date":"2012-06-03T03:57:47","date_gmt":"2012-06-03T00:57:47","guid":{"rendered":"http:\/\/munkacs-diocese.org\/hu\/2012\/06\/03\/baratsag-hatarok-nelkuel\/"},"modified":"2012-06-03T03:57:47","modified_gmt":"2012-06-03T00:57:47","slug":"baratsag-hatarok-nelkuel","status":"publish","type":"post","link":"https:\/\/munkacs-diocese.org\/hu\/2012\/06\/03\/baratsag-hatarok-nelkuel\/","title":{"rendered":"Bar\u00e1ts\u00e1g hat\u00e1rok n\u00e9lk\u00fcl!"},"content":{"rendered":"<div id=\"fb-root\"><\/div>\n<div align=\"center\"><img loading=\"lazy\" decoding=\"async\" class=\" alignleft size-full wp-image-618\" src=\"https:\/\/munkacs-diocese.org\/hu\/wp-content\/uploads\/2012\/06\/hatartalanul.png\" border=\"0\" width=\"67\" height=\"141\" align=\"left\" srcset=\"https:\/\/munkacs-diocese.org\/hu\/wp-content\/uploads\/2012\/06\/hatartalanul.png 183w, https:\/\/munkacs-diocese.org\/hu\/wp-content\/uploads\/2012\/06\/hatartalanul-143x300.png 143w\" sizes=\"(max-width: 67px) 100vw, 67px\" \/><strong>Bar\u00e1ts\u00e1g hat\u00e1rok n\u00e9lk\u00fcl!<br \/><em>A g\u00f6d\u00f6ll\u0151i Szent Imre Katolikus \u00c1ltal\u00e1nos Iskola \u00e9s \u00d3voda<br \/>7. oszt\u00e1lyosainak tanulm\u00e1nyi kir\u00e1ndul\u00e1sa K\u00e1rp\u00e1talj\u00e1n<br \/>2012. V. 4-7.<\/em><\/strong><\/div>\n<p>\u00a0<br \/>\u00a0&#8222;Hont foglalni alkalmas a kard, s annak v\u00e9delmez\u00e9s\u00e9ben hasznos. Megtartani a hont azonban csak kasz\u00e1val lehet. Kasz\u00e1val, ek\u00e9vel, izzads\u00e1gos, becs\u00fcletes munk\u00e1val. Hont veszejt, ki m\u00e1sra b\u00edzza a munk\u00e1t.&#8221;<\/p>\n<div align=\"right\">Tov\u00e1bbi r\u00e9szletek a <a href=\"http:\/\/www.munkacs-katlic.org.ua\/\" target=\"_blank\">Munk\u00e1csi Szent Istv\u00e1n Katolikus L\u00edceum<\/a> honlapj\u00e1n <\/div>\n","protected":false},"excerpt":{"rendered":"<p>Bar\u00e1ts\u00e1g hat\u00e1rok n\u00e9lk\u00fcl!A g\u00f6d\u00f6ll\u0151i Szent Imre Katolikus \u00c1ltal\u00e1nos Iskola \u00e9s \u00d3voda7. oszt\u00e1lyosainak tanulm\u00e1nyi kir\u00e1ndul\u00e1sa K\u00e1rp\u00e1talj\u00e1n2012. V. 4-7. \u00a0\u00a0&#8222;Hont foglalni alkalmas a kard, s annak v\u00e9delmez\u00e9s\u00e9ben hasznos. Megtartani a hont azonban csak kasz\u00e1val lehet. Kasz\u00e1val, ek\u00e9vel, izzads\u00e1gos, becs\u00fcletes munk\u00e1val. Hont veszejt, ki m\u00e1sra b\u00edzza a munk\u00e1t.&#8221; Tov\u00e1bbi r\u00e9szletek a Munk\u00e1csi Szent Istv\u00e1n Katolikus L\u00edceum honlapj\u00e1n<\/p>\n","protected":false},"author":1,"featured_media":618,"comment_status":"open","ping_status":"open","sticky":false,"template":"","format":"standard","meta":{"_acf_changed":false,"_et_pb_use_builder":"","_et_pb_old_content":"","_et_gb_content_width":"","footnotes":""},"categories":[10],"tags":[],"class_list":["post-619","post","type-post","status-publish","format-standard","has-post-thumbnail","hentry","category-aktualis-hirek","et-has-post-format-content","et_post_format-et-post-format-standard"],"acf":[],"_links":{"self":[{"href":"https:\/\/munkacs-diocese.org\/hu\/wp-json\/wp\/v2\/posts\/619"}],"collection":[{"href":"https:\/\/munkacs-diocese.org\/hu\/wp-json\/wp\/v2\/posts"}],"about":[{"href":"https:\/\/munkacs-diocese.org\/hu\/wp-json\/wp\/v2\/types\/post"}],"author":[{"embeddable":true,"href":"https:\/\/munkacs-diocese.org\/hu\/wp-json\/wp\/v2\/users\/1"}],"replies":[{"embeddable":true,"href":"https:\/\/munkacs-diocese.org\/hu\/wp-json\/wp\/v2\/comments?post=619"}],"version-history":[{"count":0,"href":"https:\/\/munkacs-diocese.org\/hu\/wp-json\/wp\/v2\/posts\/619\/revisions"}],"wp:featuredmedia":[{"embeddable":true,"href":"https:\/\/munkacs-diocese.org\/hu\/wp-json\/wp\/v2\/media\/618"}],"wp:attachment":[{"href":"https:\/\/munkacs-diocese.org\/hu\/wp-json\/wp\/v2\/media?parent=619"}],"wp:term":[{"taxonomy":"category","embeddable":true,"href":"https:\/\/munkacs-diocese.org\/hu\/wp-json\/wp\/v2\/categories?post=619"},{"taxonomy":"post_tag","embeddable":true,"href":"https:\/\/munkacs-diocese.org\/hu\/wp-json\/wp\/v2\/tags?post=619"}],"curies":[{"name":"wp","href":"https:\/\/api.w.org\/{rel}","templated":true}]}}