{"id":5726,"date":"2018-08-08T14:14:22","date_gmt":"2018-08-08T12:14:22","guid":{"rendered":"http:\/\/munkacs-diocese.org\/hu\/?p=5726"},"modified":"2018-08-08T22:06:57","modified_gmt":"2018-08-08T20:06:57","slug":"neveloszulok-kerestetnek","status":"publish","type":"post","link":"https:\/\/munkacs-diocese.org\/hu\/2018\/08\/08\/neveloszulok-kerestetnek\/","title":{"rendered":"Nevel\u0151sz\u00fcl\u0151k kerestetnek"},"content":{"rendered":"<div id=\"fb-root\"><\/div>\n<p><strong>Az Egyh\u00e1zmegyei Szent M\u00e1rton Karit\u00e1sz nevel\u0151sz\u00fcl\u0151ket keres<\/strong> egyh\u00e1zunk csal\u00e1di t\u00edpus\u00fa gyermekotthonaiba Rah\u00f3ra \u00e9s Szeredny\u00e9re. \u00c9rdekl\u0151dni lehet munkaid\u0151ben a k\u00f6vetkez\u0151 vezet\u00e9kes telefonsz\u00e1mon: 03131-54671, illetve e-mailen: munkacs@caritas-transcarpathia.com<\/p>\n","protected":false},"excerpt":{"rendered":"<p>Az Egyh\u00e1zmegyei Szent M\u00e1rton Karit\u00e1sz nevel\u0151sz\u00fcl\u0151ket keres egyh\u00e1zunk csal\u00e1di t\u00edpus\u00fa gyermekotthonaiba Rah\u00f3ra \u00e9s Szeredny\u00e9re. \u00c9rdekl\u0151dni lehet munkaid\u0151ben a k\u00f6vetkez\u0151 vezet\u00e9kes telefonsz\u00e1mon: 03131-54671, illetve e-mailen: munkacs@caritas-transcarpathia.com<\/p>\n","protected":false},"author":1,"featured_media":5747,"comment_status":"open","ping_status":"open","sticky":false,"template":"","format":"standard","meta":{"_acf_changed":false,"_et_pb_use_builder":"","_et_pb_old_content":"","_et_gb_content_width":"","footnotes":""},"categories":[13],"tags":[],"class_list":["post-5726","post","type-post","status-publish","format-standard","has-post-thumbnail","hentry","category-felhivasok","et-has-post-format-content","et_post_format-et-post-format-standard"],"acf":[],"_links":{"self":[{"href":"https:\/\/munkacs-diocese.org\/hu\/wp-json\/wp\/v2\/posts\/5726"}],"collection":[{"href":"https:\/\/munkacs-diocese.org\/hu\/wp-json\/wp\/v2\/posts"}],"about":[{"href":"https:\/\/munkacs-diocese.org\/hu\/wp-json\/wp\/v2\/types\/post"}],"author":[{"embeddable":true,"href":"https:\/\/munkacs-diocese.org\/hu\/wp-json\/wp\/v2\/users\/1"}],"replies":[{"embeddable":true,"href":"https:\/\/munkacs-diocese.org\/hu\/wp-json\/wp\/v2\/comments?post=5726"}],"version-history":[{"count":2,"href":"https:\/\/munkacs-diocese.org\/hu\/wp-json\/wp\/v2\/posts\/5726\/revisions"}],"predecessor-version":[{"id":5748,"href":"https:\/\/munkacs-diocese.org\/hu\/wp-json\/wp\/v2\/posts\/5726\/revisions\/5748"}],"wp:featuredmedia":[{"embeddable":true,"href":"https:\/\/munkacs-diocese.org\/hu\/wp-json\/wp\/v2\/media\/5747"}],"wp:attachment":[{"href":"https:\/\/munkacs-diocese.org\/hu\/wp-json\/wp\/v2\/media?parent=5726"}],"wp:term":[{"taxonomy":"category","embeddable":true,"href":"https:\/\/munkacs-diocese.org\/hu\/wp-json\/wp\/v2\/categories?post=5726"},{"taxonomy":"post_tag","embeddable":true,"href":"https:\/\/munkacs-diocese.org\/hu\/wp-json\/wp\/v2\/tags?post=5726"}],"curies":[{"name":"wp","href":"https:\/\/api.w.org\/{rel}","templated":true}]}}