{"id":535,"date":"2012-02-26T07:17:42","date_gmt":"2012-02-26T05:17:42","guid":{"rendered":"http:\/\/munkacs-diocese.org\/hu\/2012\/02\/26\/gyjtes-a-harmadik-vilag-ehez-gyermekei-szamara-2\/"},"modified":"2012-02-26T07:17:42","modified_gmt":"2012-02-26T05:17:42","slug":"gyjtes-a-harmadik-vilag-ehez-gyermekei-szamara-2","status":"publish","type":"post","link":"https:\/\/munkacs-diocese.org\/hu\/2012\/02\/26\/gyjtes-a-harmadik-vilag-ehez-gyermekei-szamara-2\/","title":{"rendered":"Gy\u0171jt\u00e9s a harmadik vil\u00e1g \u00e9hez\u0151 gyermekei sz\u00e1m\u00e1ra"},"content":{"rendered":"<div id=\"fb-root\"><\/div>\n<div align=\"center\"><strong>Gy\u0171jt\u00e9s a harmadik vil\u00e1g \u00e9hez\u0151 gyermekei sz\u00e1m\u00e1ra<br \/><\/strong><\/div>\n<p><img loading=\"lazy\" decoding=\"async\" class=\" alignleft size-full wp-image-533\" src=\"https:\/\/munkacs-diocese.org\/hu\/wp-content\/uploads\/2012\/02\/ehezo1.jpg\" border=\"0\" width=\"127\" height=\"79\" align=\"left\" srcset=\"https:\/\/munkacs-diocese.org\/hu\/wp-content\/uploads\/2012\/02\/ehezo1-400x250.jpg 400w, https:\/\/munkacs-diocese.org\/hu\/wp-content\/uploads\/2012\/02\/ehezo1-600x376.jpg 600w\" sizes=\"(max-width: 127px) 100vw, 127px\" \/>Az &#8222;afrikai \u00e9hez\u0151k&#8221;  olyan fogalomm\u00e1 v\u00e1lt, ami sokszor elhangzik, s lassan m\u00e1r \u00e9rz\u00e9seket sem v\u00e1lt ki  sok emberb\u0151l. Pedig sajnos ez l\u00e9tez\u0151 val\u00f3s\u00e1g, mely sok embert, \u00e9s f\u0151leg  gyermeket \u00e9rint. Sokan az \u00e9hhal\u00e1l sz\u00e9l\u00e9n \u00e1llnak, sokan pedig val\u00f3ban \u00e9hen is  halnak.  <!--more--> Minden \u00e9vben megeml\u00e9kez\u00fcnk az ukrajnai holodomorr\u00f3l, \u00e9s mivel lassan meg  lehet ismerni r\u00f3la a t\u00e9nyeket, novemberben valamennyien megborzongunk, ha  belegondolunk abba, ami t\u00f6rt\u00e9nt. Afrika t\u00f6bb hely\u00e9n azonban ma is hasonl\u00f3 a  helyzet. Ez\u00e9rt &#8211; mint \u00f6t \u00e9vvel ezel\u0151tt is &#8211; ez \u00e9v nagyb\u00f6jtj\u00e9n is gy\u0171jt\u00e9st  rendez\u00fcnk ezeknek az \u00e9hez\u0151knek, f\u0151leg a gyermekeknek jav\u00e1ra. Nagyb\u00f6jti  lemond\u00e1sainkb\u00f3l \u00f6sszegy\u0171l\u0151 p\u00e9nz\u00fcnket tehetj\u00fck a bor\u00edt\u00e9kba, melyet minden  pl\u00e9b\u00e1ni\u00e1n kiosztanak az aty\u00e1k nagyb\u00f6jt elej\u00e9n, s ehhez mindenki tehets\u00e9ge  szerint tehet hozz\u00e1, amennyit n\u00e9lk\u00fcl\u00f6zni tud.<\/p>\n<p>Az elm\u00falt alkalommal  megtapasztaltuk a h\u00edvek minden k\u00e9pzeletet fel\u00fclm\u00fal\u00f3 nagylelk\u0171s\u00e9g\u00e9t; rem\u00e9lj\u00fck,  id\u00e9n is sz\u00e9p jel\u00e9t fogj\u00e1k adni a szeg\u00e9nyebb, nyomorultabb ir\u00e1nti  szolidarit\u00e1snak. Isten fizesse meg testv\u00e9ri adom\u00e1nyaitokat!<\/p>\n<div align=\"right\"><strong><em>Majnek Antal  p\u00fcsp\u00f6k <\/em><\/strong><\/div>\n","protected":false},"excerpt":{"rendered":"<p>Gy\u0171jt\u00e9s a harmadik vil\u00e1g \u00e9hez\u0151 gyermekei sz\u00e1m\u00e1ra Az &#8222;afrikai \u00e9hez\u0151k&#8221; olyan fogalomm\u00e1 v\u00e1lt, ami sokszor elhangzik, s lassan m\u00e1r \u00e9rz\u00e9seket sem v\u00e1lt ki sok emberb\u0151l. Pedig sajnos ez l\u00e9tez\u0151 val\u00f3s\u00e1g, mely sok embert, \u00e9s f\u0151leg gyermeket \u00e9rint. Sokan az \u00e9hhal\u00e1l sz\u00e9l\u00e9n \u00e1llnak, sokan pedig val\u00f3ban \u00e9hen is halnak.<\/p>\n","protected":false},"author":1,"featured_media":533,"comment_status":"open","ping_status":"open","sticky":false,"template":"","format":"standard","meta":{"_acf_changed":false,"_et_pb_use_builder":"","_et_pb_old_content":"","_et_gb_content_width":"","footnotes":""},"categories":[10],"tags":[],"class_list":["post-535","post","type-post","status-publish","format-standard","has-post-thumbnail","hentry","category-aktualis-hirek","et-has-post-format-content","et_post_format-et-post-format-standard"],"acf":[],"_links":{"self":[{"href":"https:\/\/munkacs-diocese.org\/hu\/wp-json\/wp\/v2\/posts\/535"}],"collection":[{"href":"https:\/\/munkacs-diocese.org\/hu\/wp-json\/wp\/v2\/posts"}],"about":[{"href":"https:\/\/munkacs-diocese.org\/hu\/wp-json\/wp\/v2\/types\/post"}],"author":[{"embeddable":true,"href":"https:\/\/munkacs-diocese.org\/hu\/wp-json\/wp\/v2\/users\/1"}],"replies":[{"embeddable":true,"href":"https:\/\/munkacs-diocese.org\/hu\/wp-json\/wp\/v2\/comments?post=535"}],"version-history":[{"count":0,"href":"https:\/\/munkacs-diocese.org\/hu\/wp-json\/wp\/v2\/posts\/535\/revisions"}],"wp:featuredmedia":[{"embeddable":true,"href":"https:\/\/munkacs-diocese.org\/hu\/wp-json\/wp\/v2\/media\/533"}],"wp:attachment":[{"href":"https:\/\/munkacs-diocese.org\/hu\/wp-json\/wp\/v2\/media?parent=535"}],"wp:term":[{"taxonomy":"category","embeddable":true,"href":"https:\/\/munkacs-diocese.org\/hu\/wp-json\/wp\/v2\/categories?post=535"},{"taxonomy":"post_tag","embeddable":true,"href":"https:\/\/munkacs-diocese.org\/hu\/wp-json\/wp\/v2\/tags?post=535"}],"curies":[{"name":"wp","href":"https:\/\/api.w.org\/{rel}","templated":true}]}}