{"id":459,"date":"2011-12-12T11:27:06","date_gmt":"2011-12-12T09:27:06","guid":{"rendered":"http:\/\/munkacs-diocese.org\/hu\/2011\/12\/12\/az-aratnivalo-sok\/"},"modified":"2011-12-12T11:27:06","modified_gmt":"2011-12-12T09:27:06","slug":"az-aratnivalo-sok","status":"publish","type":"post","link":"https:\/\/munkacs-diocese.org\/hu\/2011\/12\/12\/az-aratnivalo-sok\/","title":{"rendered":"Az aratnival\u00f3 sok"},"content":{"rendered":"<div id=\"fb-root\"><\/div>\n<div align=\"center\"><strong>Besz\u00e1mol\u00f3 az egyh\u00e1zmegyei \u00e9letv\u00e9d\u0151 munk\u00e1r\u00f3l 2011-ben<\/strong><\/div>\n<div align=\"center\">\u00a0<\/div>\n<p><img loading=\"lazy\" decoding=\"async\" class=\" alignleft size-full wp-image-296\" src=\"https:\/\/munkacs-diocese.org\/hu\/wp-content\/uploads\/2011\/04\/plakat.jpg\" border=\"0\" width=\"161\" height=\"80\" align=\"left\" \/><strong>Rekl\u00e1mok<\/strong><\/p>\n<p>Most m\u00e1r t\u00f6bb \u00e9ves tapasztalat, hogy mifel\u00e9nk az  abortuszok nagy sz\u00e1m\u00e1nak a f\u0151 oka az ismerethi\u00e1ny.  <!--more--> Ahogy  tavaly is sok \u00e9letet  (\u00e9s lelket) mentett meg az \u00dar Isten a plak\u00e1tokon  kereszt\u00fcl, \u00fagy ebben az \u00e9vben  is nagyon sok \u00e9desanya d\u00f6nt\u00f6tt a  kisbab\u00e1ja \u00e9lete mellett a plak\u00e1tok hat\u00e1s\u00e1ra.  Eljutott hozz\u00e1nk a h\u00edr,  hogy egy t\u0151l\u00fcnk f\u00fcggetlen felm\u00e9r\u00e9s arra kereste a  v\u00e1laszt, mi\u00e9rt  cs\u00f6kkent Ungv\u00e1ron egy \u00e9v alatt 55%-kal az abortuszok sz\u00e1ma, mi\u00e9rt   sz\u00fclte meg annyival t\u00f6bb anyuka a gyermek\u00e9t. A kutat\u00e1s azzal az  eredm\u00e9nnyel  z\u00e1rult, hogy ennek legf\u0151bb oka az \u00f3ri\u00e1splak\u00e1tjaink \u00e9s  rekl\u00e1mjaink voltak. Mi  az\u00e9rt biztosak vagyunk abban, hogy e m\u00f6g\u00f6tt ott  \u00e1ll az a soksok ima \u00e9s  \u00e1ldozatfelaj\u00e1nl\u00e1s, amivel az egyh\u00e1zmegye h\u00edvei a  sz\u00edv\u00fck\u00f6n hordozt\u00e1k ezeket az  \u00e9leteket!<br \/>Azt felt\u00e9telezz\u00fck (\u00e9s erre  utal\u00f3 h\u00edreket is kaptunk), hogy  K\u00e1rp\u00e1talja m\u00e1s olyan ter\u00fcletein, ahol a  rekl\u00e1mok kint voltak, hasonl\u00f3 cs\u00f6kken\u00e9s  tapasztalhat\u00f3 az abortuszok  sz\u00e1m\u00e1ban. Szeretn\u00e9nk ez\u00e9rt min\u00e9l t\u00f6bb helyre  eljuttatni ezeket a  plak\u00e1tokat, melyek ugyan nagy k\u00f6lts\u00e9ggel, de nagy lelki  haszonnal is  j\u00e1rnak. K\u00e9rj\u00fck, aki megteheti, t\u00e1mogasson ebben  minket!<\/p>\n<p><strong>Lelkigyakorlatok<\/strong><\/p>\n<p>Ebben  az \u00e9vben is tartottunk k\u00e9t  lelkigyakorlatot abortuszon \u00e1tesett n\u0151k  sz\u00e1m\u00e1ra \u201eNe f\u00e9lj, \u00e9n nem \u00edt\u00e9llek el\u201d  c\u00edmmel. Tal\u00e1n m\u00e9g egy harmadikat  is tartunk decemberben, j\u00f6v\u0151re pedig, mivel  egyre t\u00f6bben jelentkeznek,  val\u00f3sz\u00edn\u0171leg m\u00e9g t\u00f6bbet kell tartanunk. Sz\u00e1munkra is  nagy aj\u00e1nd\u00e9k l\u00e1tni  a sok lelki gy\u00f3gyul\u00e1st, amik t\u00f6bbnyire tart\u00f3snak bizonyultak,  ahogy  azt a r\u00e9sztvev\u0151k az ut\u00f3tal\u00e1lkoz\u00f3kon elmondt\u00e1k. Sokan sz\u00e1moltak be arr\u00f3l,   hogy megv\u00e1ltozott az \u00e9let\u00fck, \u00e9s az Istennel val\u00f3 kapcsolatuk eg\u00e9szen  m\u00e1s lett. A  sz\u00e1mos megt\u00e9r\u00e9s azt mutatja, hogy ez egy nagyon fontos  evangeliz\u00e1ci\u00f3s  tev\u00e9kenys\u00e9g, amit j\u00f3 lenne m\u00e1shol is elkezdeni.<br \/>Mivel  \u201eaz aratnival\u00f3 sok, de  a munk\u00e1s kev\u00e9s\u201d, j\u00faniusban Nagysz\u0151l\u0151s\u00f6n  k\u00e9tnapos k\u00e9pz\u00e9st tartottunk azok  sz\u00e1m\u00e1ra, akik sz\u00edvesen seg\u00edten\u00e9nek az  \u00e9letv\u00e9delemben, de nem tudj\u00e1k,  hogyan.<br \/>Az olasz Movimento per la  Vita 8 tagja hasznos el\u0151ad\u00e1sokkal  gyarap\u00edtotta a K\u00e1rp\u00e1talja k\u00fcl\u00f6nb\u00f6z\u0151  v\u00e1rosaib\u00f3l \u00e9rkezett 22 r\u00e9sztvev\u0151 ismereteit.  Az\u00f3ta Csapon \u00e9s  Beregsz\u00e1szban is m\u0171k\u00f6dni kezdett egy-egy kis csoport, \u00e9s m\u00e1s  helyeken  is vannak seg\u00edt\u0151ink. Ebben az \u00e9vben is megszervezt\u00fck az \u201e\u00c9let menet\u00e9t\u201d  \u2013  a n\u00e9gy t\u00f6rt\u00e9nelmi egyh\u00e1z el\u00f6lj\u00e1r\u00f3ival k\u00f6z\u00f6sen zar\u00e1ndokoltak a h\u00edvek a  n\u0151i  klinik\u00e1hoz, ahol a polg\u00e1rmesteri hivatal \u00e1ltal kezdem\u00e9nyezett, a  meg nem  sz\u00fcletettek\u00e9rt fel\u00e1ll\u00edtand\u00f3 eml\u00e9km\u0171 alapk\u00f6v\u00e9t \u00e1ldott\u00e1k meg a  p\u00fcsp\u00f6k\u00f6k. Este a  v\u00e1rosk\u00f6zpontban egy neves pop-\u00e9nekes adott koncertet  az \u00e9let tisztelet\u00e9re,  k\u00f6zben az abortusz ellen besz\u00e9lt.<\/p>\n<p><strong>Iroda, el\u0151ad\u00e1sok \u00e9s  egyebek<\/strong><\/p>\n<p>A  p\u00fcsp\u00f6k atya nagylelk\u0171s\u00e9g\u00e9nek k\u00f6sz\u00f6nhet\u0151en irod\u00e1nak val\u00f3  helyis\u00e9get is  kaptunk a munk\u00e1csi templom m\u00f6g\u00f6tt (a kor\u00e1bbit, ami r\u00e1ad\u00e1sul rossz   helyen volt, nem haszn\u00e1lhattuk tov\u00e1bb), ezt most \u00faj\u00edtjuk fel. Ha  elk\u00e9sz\u00fcl, itt  tudjuk lefolytatni a sok szem\u00e9lyes besz\u00e9lget\u00e9st, \u00e9s innen  szervezz\u00fck a  tev\u00e9kenys\u00e9g\u00fcnket is. Azt tervezz\u00fck, hogy a kor\u00e1bbi  ter\u00fcletek (kr\u00edzisben l\u00e9v\u0151  v\u00e1rand\u00f3s anyuk\u00e1k, abortusz ut\u00e1ni szindr\u00f3ma)  mellett itt lehet majd ingyenes  konzult\u00e1ci\u00f3t k\u00e9rni term\u00e9szetes  csal\u00e1dtervez\u00e9s, terhess\u00e9g \u00e9s szoptat\u00e1s,  alkoholista csal\u00e1dtag \u00e9s m\u00e1s  probl\u00e9m\u00e1k kapcs\u00e1n is.<br \/>A munk\u00e1nk nagy r\u00e9sze a  kev\u00e9sb\u00e9 l\u00e1tv\u00e1nyos  dolgokra ment el. Sok el\u0151ad\u00e1st tartottunk iskol\u00e1kban, ahol  nagyon j\u00f3l  fogadnak minket, mert senki nem besz\u00e9l a di\u00e1koknak a felel\u0151s  szexu\u00e1lis  viselked\u00e9sr\u0151l, a term\u00e9kenys\u00e9gr\u0151l, az abortuszr\u00f3l. Besz\u00e9lt\u00fcnk k\u00fcl\u00f6nf\u00e9le   vall\u00e1sos \u00e9s nem vall\u00e1sos tal\u00e1lkoz\u00f3kon, rendezv\u00e9nyeken is. Sz\u00e1mos  \u00fajs\u00e1gcikket  \u00edrtunk, r\u00e1di\u00f3ban, telev\u00edzi\u00f3ban is sz\u00f3t kaptunk az  abortuszr\u00f3l \u00e9s a  tisztas\u00e1gr\u00f3l.<br \/>Enn\u00e9l is t\u00f6bb id\u0151be ker\u00fclt a sok  szem\u00e9lyes telefonos  tan\u00e1csad\u00e1s, aminek k\u00f6sz\u00f6nhet\u0151en azonban t\u00f6bb  kisbaba megsz\u00fcletett, \u00e9s sokan  kaptak seg\u00edts\u00e9get nagyon neh\u00e9z  lelki\u00e1llapotukban. Tov\u00e1bbra is t\u00f6bbf\u00e9le m\u00f3don  igyeksz\u00fcnk k\u00e9pezni  magunkat \u00e9s a rem\u00e9nybeli munkat\u00e1rsakat. Nagy hangs\u00falyt  fektet\u00fcnk arra,  hogy az eg\u00e9sz munk\u00e1t az \u00dar Isten vezesse, ez\u00e9rt is im\u00e1dkozunk  egy\u00fctt  hetente a k\u00f6zvetlen munkat\u00e1rsakkal. K\u00f6sz\u00f6net mindazoknak, akik im\u00e1ikkal,   \u00e1ldozataikkal seg\u00edtik ezt a munk\u00e1t. Ez az a biztos talaj, amire  \u00e9p\u00edtkezhet\u00fcnk.  B\u00e1r a l\u00e1that\u00f3 munk\u00e1t mi v\u00e9gezz\u00fck, legal\u00e1bb ilyen fontos a  m\u00f6g\u00f6tte \u00e1ll\u00f3, csak az  \u00dar Isten sz\u00e1m\u00e1ra ismert im\u00e1ds\u00e1g \u2013 e n\u00e9lk\u00fcl hi\u00e1ba  f\u00e1radozn\u00e1nk. Mindazok, akik  ebben az \u00e9vben a munk\u00e1nk\u00e9rt im\u00e1dkoztak,  joggal nevezhetik magukat \u00e9letment\u0151knek,  hiszen sz\u00e1mos kisbaba menek\u00fclt  meg  miattuk!<\/p>\n<p><strong>El\u00e9rhet\u0151s\u00e9gek<\/strong><\/p>\n<p>Az al\u00e1bb megadott  el\u00e9rhet\u0151s\u00e9geken  lehet jelentkezni \u00e9vente t\u00f6bbsz\u00f6r ind\u00edtott  lelkigyakorlatainkra \u2013 v\u00e1rjuk az  abortuszon \u00e1tesett n\u0151ket ak\u00e1r  f\u00e9rj\u00fckkel egy\u00fctt is, \u00e9s k\u00fcl\u00f6n lelkigyakorlatot  tervez\u00fcnk azok sz\u00e1m\u00e1ra,  akiknek a gyermeke meghalt ak\u00e1r a sz\u00fclet\u00e9s el\u0151tt, ak\u00e1r  ut\u00e1n. (Hat\u00e1rid\u0151:  november 27.!) Szem\u00e9lyes besz\u00e9lget\u00e9s is k\u00e9rhet\u0151 a fenti  t\u00e9m\u00e1kban.<\/p>\n<p>Magyarul: Popovicsn\u00e9 Palojtay<br \/>M\u00e1rta<br \/>Tel: 0 96 7800 826,  email: palojtaym@gmail.com<\/p>\n<p>Ukr\u00e1nul: Vira Fediva: 050-1717131,<br \/>email:  vira65@gmail.com<\/p>\n<p>Lev\u00e9l a p\u00fcsp\u00f6ks\u00e9g c\u00edm\u00e9re k\u00fcldhet\u0151.<\/p>\n<div align=\"right\"><em>Popovicsn\u00e9  Palojtay M\u00e1rta\u00a0 <\/em><\/div>\n","protected":false},"excerpt":{"rendered":"<p>Besz\u00e1mol\u00f3 az egyh\u00e1zmegyei \u00e9letv\u00e9d\u0151 munk\u00e1r\u00f3l 2011-ben \u00a0 Rekl\u00e1mok Most m\u00e1r t\u00f6bb \u00e9ves tapasztalat, hogy mifel\u00e9nk az abortuszok nagy sz\u00e1m\u00e1nak a f\u0151 oka az ismerethi\u00e1ny.<\/p>\n","protected":false},"author":1,"featured_media":296,"comment_status":"open","ping_status":"open","sticky":false,"template":"","format":"standard","meta":{"_acf_changed":false,"_et_pb_use_builder":"","_et_pb_old_content":"","_et_gb_content_width":"","footnotes":""},"categories":[10],"tags":[],"class_list":["post-459","post","type-post","status-publish","format-standard","has-post-thumbnail","hentry","category-aktualis-hirek","et-has-post-format-content","et_post_format-et-post-format-standard"],"acf":[],"_links":{"self":[{"href":"https:\/\/munkacs-diocese.org\/hu\/wp-json\/wp\/v2\/posts\/459"}],"collection":[{"href":"https:\/\/munkacs-diocese.org\/hu\/wp-json\/wp\/v2\/posts"}],"about":[{"href":"https:\/\/munkacs-diocese.org\/hu\/wp-json\/wp\/v2\/types\/post"}],"author":[{"embeddable":true,"href":"https:\/\/munkacs-diocese.org\/hu\/wp-json\/wp\/v2\/users\/1"}],"replies":[{"embeddable":true,"href":"https:\/\/munkacs-diocese.org\/hu\/wp-json\/wp\/v2\/comments?post=459"}],"version-history":[{"count":0,"href":"https:\/\/munkacs-diocese.org\/hu\/wp-json\/wp\/v2\/posts\/459\/revisions"}],"wp:featuredmedia":[{"embeddable":true,"href":"https:\/\/munkacs-diocese.org\/hu\/wp-json\/wp\/v2\/media\/296"}],"wp:attachment":[{"href":"https:\/\/munkacs-diocese.org\/hu\/wp-json\/wp\/v2\/media?parent=459"}],"wp:term":[{"taxonomy":"category","embeddable":true,"href":"https:\/\/munkacs-diocese.org\/hu\/wp-json\/wp\/v2\/categories?post=459"},{"taxonomy":"post_tag","embeddable":true,"href":"https:\/\/munkacs-diocese.org\/hu\/wp-json\/wp\/v2\/tags?post=459"}],"curies":[{"name":"wp","href":"https:\/\/api.w.org\/{rel}","templated":true}]}}