{"id":450,"date":"2011-11-28T15:54:30","date_gmt":"2011-11-28T13:54:30","guid":{"rendered":"http:\/\/munkacs-diocese.org\/hu\/2011\/11\/28\/uj-kapolna-epuel-beregujfalun\/"},"modified":"2011-11-28T15:54:30","modified_gmt":"2011-11-28T13:54:30","slug":"uj-kapolna-epuel-beregujfalun","status":"publish","type":"post","link":"https:\/\/munkacs-diocese.org\/hu\/2011\/11\/28\/uj-kapolna-epuel-beregujfalun\/","title":{"rendered":"\u00daj k\u00e1polna \u00e9p\u00fcl Bereg\u00fajfalun"},"content":{"rendered":"<div id=\"fb-root\"><\/div>\n<div align=\"center\"><strong>\u00daj k\u00e1polna \u00e9p\u00fcl Bereg\u00fajfalun<\/strong><\/div>\n<p><img loading=\"lazy\" decoding=\"async\" class=\" alignleft size-full wp-image-448\" src=\"https:\/\/munkacs-diocese.org\/hu\/wp-content\/uploads\/2011\/11\/beregujfalu-4.jpg\" border=\"0\" width=\"132\" height=\"99\" align=\"left\" srcset=\"https:\/\/munkacs-diocese.org\/hu\/wp-content\/uploads\/2011\/11\/beregujfalu-4.jpg 640w, https:\/\/munkacs-diocese.org\/hu\/wp-content\/uploads\/2011\/11\/beregujfalu-4-300x225.jpg 300w, https:\/\/munkacs-diocese.org\/hu\/wp-content\/uploads\/2011\/11\/beregujfalu-4-510x382.jpg 510w\" sizes=\"(max-width: 132px) 100vw, 132px\" \/>\u00d6r\u00f6mteli \u00fcnneps\u00e9gre gy\u0171ltek \u00f6ssze a bereg\u00fajfalusi cig\u00e1nyt\u00e1bor lak\u00f3i november 27-\u00e9n, advent els\u0151 vas\u00e1rnapj\u00e1n: Majnek Antal munk\u00e1csi megy\u00e9sp\u00fcsp\u00f6k ekkor \u00e1ldotta meg az \u00faj r\u00f3mai katolikus k\u00e1polna alapk\u00f6v\u00e9t.  <!--more--> A tavaszi ijedelmet \u00e9s szomor\u00fas\u00e1got, amikor hirtelen \u2013 b\u00e1r nem v\u00e1ratlanul \u2013 \u00f6sszed\u0151lt az el\u0151z\u0151 k\u00e1polna, most \u00f6r\u00f6m k\u00f6vette; \u00fajra fel\u00e9ledt a rem\u00e9ny, hogy nemsok\u00e1ra lesz hol \u00f6sszegy\u0171lni\u00fck vas\u00e1rnaponk\u00e9nt a h\u00edveknek, akik m\u00e1r majdnem egy \u00e9ve h\u00e1zakn\u00e1l \u00fcnneplik a szentmis\u00e9t.<br \/>Michels Antal beregsz\u00e1szi pl\u00e9b\u00e1nos felolvasta a templom alap\u00edt\u00f3level\u00e9t, melyet ezut\u00e1n egy hengerbe z\u00e1rtak \u00e9s az alapk\u0151vel egy\u00fctt a betonalapba falaztak. <br \/>A p\u00fcsp\u00f6k atya r\u00f6vid katek\u00e9zist tartott az adventi id\u0151szakr\u00f3l, a v\u00e1rakoz\u00e1sr\u00f3l, s arr\u00f3l, hogy sosem tudhatjuk, meddig tart \u00e9let\u00fcnk, ez\u00e9rt mindig k\u00e9szen kell \u00e1llnunk arra, hogy tal\u00e1lkozzunk a mi Urunkkal. \u201eB\u00e1rmi t\u00f6rt\u00e9nj\u00e9k vel\u00fcnk, ha virrasztunk, ha sz\u00fcnet n\u00e9lk\u00fcl Istenre gondolunk, kapcsolatban akarunk maradni vele, r\u00e1 akarunk figyelni, \u0151t hallgatni, s ami j\u00f3t tanultunk, azt megtenni, \u00e9s nem elmulasztani, akkor nyugodtak lehet\u00fcnk: b\u00e1rmikor is j\u00f6jj\u00f6n a vil\u00e1gv\u00e9ge, minket nem tal\u00e1l v\u00e1ratlanul.\u201d<br \/><img loading=\"lazy\" decoding=\"async\" class=\" alignright size-full wp-image-449\" src=\"https:\/\/munkacs-diocese.org\/hu\/wp-content\/uploads\/2011\/11\/beregujfalu-1.jpg\" border=\"0\" alt=\"az \u00f6sszed\u0151lt r\u00e9gi k\u00e1polna\" title=\"az \u00f6sszed\u0151lt r\u00e9gi k\u00e1polna\" width=\"132\" height=\"99\" align=\"right\" srcset=\"https:\/\/munkacs-diocese.org\/hu\/wp-content\/uploads\/2011\/11\/beregujfalu-1.jpg 600w, https:\/\/munkacs-diocese.org\/hu\/wp-content\/uploads\/2011\/11\/beregujfalu-1-300x225.jpg 300w, https:\/\/munkacs-diocese.org\/hu\/wp-content\/uploads\/2011\/11\/beregujfalu-1-510x382.jpg 510w\" sizes=\"(max-width: 132px) 100vw, 132px\" \/>\u00d6r\u00f6mmel \u00e1ldotta meg az elk\u00e9sz\u00fclt alapokat, s rem\u00e9ny\u00e9t fejezte ki, hogy lesz anyagi fedezet az \u00e9p\u00edtkez\u00e9sre is, melyre \u00edg\u00e9reteket m\u00e1r kapott. H\u00e1l\u00e1val eml\u00e9kezett meg mindenkir\u0151l, aki adom\u00e1ny\u00e1val seg\u00edtette az \u00e9p\u00edtkez\u00e9s elkezd\u00e9s\u00e9t, k\u00f6zt\u00fck a jelenl\u00e9v\u0151 cig\u00e1ny h\u00edvek is, akik a szertart\u00e1s ut\u00e1n adt\u00e1k \u00e1t a p\u00fcsp\u00f6k aty\u00e1nak hozz\u00e1j\u00e1rul\u00e1sukat. Ez ugyan szer\u00e9ny \u00f6sszeg, mivel nagyon szeg\u00e9ny k\u00f6r\u00fclm\u00e9nyek k\u00f6z\u00f6tt \u00e9lnek, de kifejezi v\u00e1gyukat \u00e9s igyekezet\u00fcket az \u00faj istenh\u00e1za ir\u00e1nt. Azt rem\u00e9lik, hogy m\u00e1jus 4-\u00e9re, Boldog Ceferino \u00fcnnep\u00e9re \u2013 akinek tisztelet\u00e9re a k\u00e1poln\u00e1t szentelni fogj\u00e1k \u2013 elk\u00e9sz\u00fclhet az \u00e9p\u00fclet.<br \/>Az alapk\u0151 meg\u00e1ld\u00e1sa ut\u00e1n a h\u00edvek meleg te\u00e1val \u00e9s s\u00fctem\u00e9nnyel vend\u00e9gelt\u00e9k meg a r\u00e9sztvev\u0151ket, ami mindenkinek j\u00f3lesett a kinti fagyos hideg ut\u00e1n.<\/p>\n<p>A bereg\u00fajfalusi cig\u00e1nyt\u00e1borban m\u00e9g a kilencvenes \u00e9vek elej\u00e9n indult el a pasztor\u00e1ci\u00f3, amikor az itt lak\u00f3 cig\u00e1nyok maguk \u00e9p\u00edtettek v\u00e1lyogb\u00f3l egy kis imah\u00e1zat. Mivel nem megfelel\u0151 alapokra \u00e9s nedves talajra \u00e9p\u00fclt, ez\u00e9rt id\u00e9n tavasszal sajn\u00e1latos m\u00f3don \u00f6sszed\u0151lt. Ennek hely\u00e9n alapozt\u00e1k meg az \u00faj k\u00e1poln\u00e1t.<br \/>2001-t\u0151l a Beregsz\u00e1szba k\u00f6lt\u00f6z\u0151 domonkos n\u0151v\u00e9rek iskol\u00e1t alap\u00edtottak a telepen \u00e9l\u0151 cig\u00e1nygyerekek sz\u00e1m\u00e1ra, ahol a falub\u00f3l bej\u00e1r\u00f3 k\u00e9t tan\u00edt\u00f3 oktatta a gyerekeket. A n\u0151v\u00e9rek a lelkiek \u00e9s szellemiek mellett a t\u00e1bor anyagi ell\u00e1t\u00e1s\u00e1ban is jelent\u0151s szerepet v\u00e1llaltak, azonban 2004-ben a magyarorsz\u00e1gi tartom\u00e1nyf\u0151n\u00f6ks\u00e9g Ungv\u00e1rra helyezte \u00e1t a rendh\u00e1zukat. Ett\u0151l kezdve egy ideig Boh\u00e1n B\u00e9la atya Beregsz\u00e1szr\u00f3l, majd Pog\u00e1ny Istv\u00e1n atya Munk\u00e1csr\u00f3l j\u00e1rtak ide vas\u00e1rnaponk\u00e9nt mis\u00e9zni. Jelenleg Michels Antal atya v\u00e9gzi k\u00f6zt\u00fck az evangeliz\u00e1ci\u00f3t.<\/p>\n<div align=\"right\"><em>Munk\u00e1csi Egyh\u00e1zmegye<\/em><\/div>\n<div align=\"right\">\u00a0<\/div>\n<div align=\"center\"><em>Tekintse meg k\u00e9pgal\u00e9ri\u00e1nkat is az esem\u00e9nyr\u0151l : <\/em><\/div>\n<div align=\"center\">\u00a0<\/div>\n<div align=\"center\">\u00a0[imagesizer path=&#8221;images\/stories\/beregujfalu_kapolna-2011&#8243; width=&#8221;150&#8243; class=&#8221;imgsizer&#8221;] <\/div>\n<div align=\"center\">\u00a0<\/div>\n<div align=\"center\">\u00a0<\/div>\n","protected":false},"excerpt":{"rendered":"<p>\u00daj k\u00e1polna \u00e9p\u00fcl Bereg\u00fajfalun \u00d6r\u00f6mteli \u00fcnneps\u00e9gre gy\u0171ltek \u00f6ssze a bereg\u00fajfalusi cig\u00e1nyt\u00e1bor lak\u00f3i november 27-\u00e9n, advent els\u0151 vas\u00e1rnapj\u00e1n: Majnek Antal munk\u00e1csi megy\u00e9sp\u00fcsp\u00f6k ekkor \u00e1ldotta meg az \u00faj r\u00f3mai katolikus k\u00e1polna alapk\u00f6v\u00e9t.<\/p>\n","protected":false},"author":1,"featured_media":448,"comment_status":"open","ping_status":"open","sticky":false,"template":"","format":"standard","meta":{"_acf_changed":false,"_et_pb_use_builder":"","_et_pb_old_content":"","_et_gb_content_width":"","footnotes":""},"categories":[10],"tags":[],"class_list":["post-450","post","type-post","status-publish","format-standard","has-post-thumbnail","hentry","category-aktualis-hirek","et-has-post-format-content","et_post_format-et-post-format-standard"],"acf":[],"_links":{"self":[{"href":"https:\/\/munkacs-diocese.org\/hu\/wp-json\/wp\/v2\/posts\/450"}],"collection":[{"href":"https:\/\/munkacs-diocese.org\/hu\/wp-json\/wp\/v2\/posts"}],"about":[{"href":"https:\/\/munkacs-diocese.org\/hu\/wp-json\/wp\/v2\/types\/post"}],"author":[{"embeddable":true,"href":"https:\/\/munkacs-diocese.org\/hu\/wp-json\/wp\/v2\/users\/1"}],"replies":[{"embeddable":true,"href":"https:\/\/munkacs-diocese.org\/hu\/wp-json\/wp\/v2\/comments?post=450"}],"version-history":[{"count":0,"href":"https:\/\/munkacs-diocese.org\/hu\/wp-json\/wp\/v2\/posts\/450\/revisions"}],"wp:featuredmedia":[{"embeddable":true,"href":"https:\/\/munkacs-diocese.org\/hu\/wp-json\/wp\/v2\/media\/448"}],"wp:attachment":[{"href":"https:\/\/munkacs-diocese.org\/hu\/wp-json\/wp\/v2\/media?parent=450"}],"wp:term":[{"taxonomy":"category","embeddable":true,"href":"https:\/\/munkacs-diocese.org\/hu\/wp-json\/wp\/v2\/categories?post=450"},{"taxonomy":"post_tag","embeddable":true,"href":"https:\/\/munkacs-diocese.org\/hu\/wp-json\/wp\/v2\/tags?post=450"}],"curies":[{"name":"wp","href":"https:\/\/api.w.org\/{rel}","templated":true}]}}