{"id":409,"date":"2011-10-14T05:21:48","date_gmt":"2011-10-14T02:21:48","guid":{"rendered":"http:\/\/munkacs-diocese.org\/hu\/2011\/10\/14\/templom-epuel-terebesfeherpatakon-szent-pio-atya-tiszteletere\/"},"modified":"2011-10-14T05:21:48","modified_gmt":"2011-10-14T02:21:48","slug":"templom-epuel-terebesfeherpatakon-szent-pio-atya-tiszteletere","status":"publish","type":"post","link":"https:\/\/munkacs-diocese.org\/hu\/2011\/10\/14\/templom-epuel-terebesfeherpatakon-szent-pio-atya-tiszteletere\/","title":{"rendered":"Templom \u00e9p\u00fcl Terebesfeh\u00e9rpatakon Szent Pio atya tisztelet\u00e9re"},"content":{"rendered":"<div id=\"fb-root\"><\/div>\n<p align=\"center\"><strong>\u00a0Templom \u00e9p\u00fcl Terebesfeh\u00e9rpatakon Szent Pio atya tisztelet\u00e9re<\/strong><\/p>\n<p align=\"center\"><img loading=\"lazy\" decoding=\"async\" class=\" alignleft size-full wp-image-408\" src=\"https:\/\/munkacs-diocese.org\/hu\/wp-content\/uploads\/2011\/10\/006.jpg\" border=\"0\" width=\"131\" height=\"98\" align=\"left\" \/> <\/p>\n<p>2011. szeptember 5-\u00e9n, papi tal\u00e1lkoz\u00f3 keret\u00e9ben, \u00e1ldotta meg egyh\u00e1zmegy\u00e9nk f\u0151p\u00e1sztora, Majnek Antal p\u00fcsp\u00f6k, a terebesiek \u00e9p\u00fcl\u0151 templom\u00e1nak alapjait. A templom \u00e9p\u00fcl\u00e9s\u00e9nek megkezd\u00e9s\u00e9vel az itt \u00e9l\u0151, z\u00f6m\u00e9ben magyar anyanyelv\u0171 r\u00f3mai katolikusok tal\u00e1n t\u00f6bb \u00e9vsz\u00e1zados \u00e1lma val\u00f3sul meg, hogy saj\u00e1t templomuk legyen.<\/p>\n<p> <!--more--> <\/p>\n<p>A 18. sz\u00e1zadban sz\u00e1mos magyar \u00e9s n\u00e9met csal\u00e1d telepedett le a k\u00f6rny\u00e9ken, az 1850-es \u00e9s 1890-es \u00e9vekben pedig az olaszorsz\u00e1gi Trento provinci\u00e1b\u00f3l j\u00f6ttek ide vend\u00e9gmunk\u00e1sok, akik k\u00f6z\u00fcl sokan itt is maradtak, itt telepedtek le, k\u00f6t\u00f6ttek h\u00e1zass\u00e1got, alap\u00edtottak csal\u00e1dot. Az olaszok beteleped\u00e9s\u00e9vel jelent\u0151sen megn\u0151tt a r\u00f3mai katolikus k\u00f6z\u00f6ss\u00e9g is. <br \/>A 19. sz\u00e1zadban a r\u00f3mai-\u00a0 \u00e9s g\u00f6r\u00f6g katolikusok k\u00f6z\u00f6sen \u00e9p\u00edtettek egy fatemplomot, amelyet felv\u00e1ltva haszn\u00e1ltak. 1947-ben, a kommunista id\u0151szak bek\u00f6sz\u00f6nt\u00e9vel a g\u00f6r\u00f6g katolikusokat likvid\u00e1lt\u00e1k, a templomot elvett\u00e9k \u00e9s a pravoszl\u00e1voknak adt\u00e1k, a r\u00f3mai katolikusokat pedig kitett\u00e9k templomukb\u00f3l. H\u00edveink \u00e9vtizedeken kereszt\u00fcl a Kruhli falur\u00e9szben l\u00e9v\u0151 kis temet\u0151k\u00e1poln\u00e1ban gy\u0171ltek \u00f6ssze nagyobb \u00fcnnepek alkalm\u00e1val, vagy Rah\u00f3ra j\u00e1rtak templomba. Pl\u00e9b\u00e1nos csak h\u00fasv\u00e9tvas\u00e1rnap j\u00f6tt az \u00e9j leple alatt p\u00e1szk\u00e1t szentelni.<br \/>A rendszerv\u00e1lt\u00e1s ut\u00e1n a r\u00f3mai katolikusokat \u2013 hossz\u00fa ut\u00e1nj\u00e1r\u00e1s \u00e9s k\u00e9r\u00e9s ut\u00e1n \u2013 az ortodoxok beengedt\u00e9k templomukba, hogy vas\u00e1rnap mis\u00e9zhessenek. <br \/>K\u00f6z\u00f6ss\u00e9g\u00fcnk az elm\u00falt h\u00fasz esztend\u0151ben t\u00f6bb alkalommal is felvetette egy saj\u00e1t templom \u00e9p\u00edt\u00e9s\u00e9nek lehet\u0151s\u00e9g\u00e9t, de ez eg\u00e9szen 2011-ig v\u00e1ratott mag\u00e1val. Az esztend\u0151 elej\u00e9n a lelkes h\u00edvek egy csoportja azzal kereste meg lelkip\u00e1sztorukat, hogy legyen seg\u00edts\u00e9g\u00fckre egy templom \u00e9p\u00edt\u00e9snek elind\u00edt\u00e1s\u00e1ban. 2011. j\u00falius\u00e1ban megv\u00e1s\u00e1roltuk a telket, amelyen r\u00f6vid id\u0151n bel\u00fcl elkezd\u0151dtek a munk\u00e1latok, amelyek el\u0151k\u00e9sz\u00edtett\u00e9k a templom fundamentum\u00e1nak let\u00e9tel\u00e9t. Az alapokat 2011. augusztus folyam\u00e1n ki\u00e1st\u00e1k \u00e9s szeptember 3-\u00e1n el is k\u00e9sz\u00fclt a templom fundamentuma. A telket \u00e9s az alapot 2011. szeptember 5-\u00e9n \u00e1ldotta meg Majnek Antal munk\u00e1csi p\u00fcsp\u00f6k. A szentmis\u00e9n a p\u00fcsp\u00f6k\u00f6n \u00e9s a k\u00e9t helyi lelkip\u00e1sztoron k\u00edv\u00fcl az egyh\u00e1zmegye papjai is jelen voltak.<br \/>A h\u00edvek d\u00f6nt\u00e9se alapj\u00e1n minden r\u00f3mai katolikus a templom\u00e9p\u00edt\u00e9s ideje alatt egyhavi j\u00f6vedelm\u00e9t aj\u00e1nlja fel a templom\u00e9p\u00edt\u00e9sre. A templom p\u00e1rtfog\u00f3j\u00e1nak Pietrelcinai Szent Pio aty\u00e1t v\u00e1lasztott\u00e1k. <br \/>A munk\u00e1latok kora tavasszal folytat\u00f3dnak, hogy 2012. szeptember 23-\u00e1n, Szent Pio atya liturgikus \u00fcnnep\u00e9n a templomot fel lehessen szentelni. A h\u00edvek lelkesed\u00e9s nagyon nagy, \u00f6nk\u00e9ntesekk\u00e9nt j\u00f6ttek dolgozni az el\u0151k\u00e9sz\u00fcleti munk\u00e1latok \u00e9s a fundamentum elk\u00e9sz\u00edt\u00e9sekor, ami nagyon l\u00e9nyeges, mert ez is bizony\u00edt\u00e9ka annak, hogy \u0151k maguk is akarj\u00e1k ezt a templomot. Az asszonyok felv\u00e1ltva k\u00e9sz\u00edtett\u00e9k mindennap az eb\u00e9det a dolgoz\u00f3 f\u00e9rfiak sz\u00e1m\u00e1ra.<br \/>Adom\u00e1nyokat sz\u00edvesen fogadunk a templom\u00e9p\u00edt\u00e9shez.<\/p>\n<div align=\"right\"><strong><em>A terebesi h\u00edvek<br \/><\/em><\/strong><\/div>\n<p>&nbsp;<\/p>\n<p align=\"center\">\u00a0Tekintse meg a k\u00e9pgal\u00e9ri\u00e1t is:<\/p>\n<div align=\"center\">\u00a0[imagesizer path=&#8221;images\/stories\/terebes-2011&#8243; width=&#8221;150&#8243; class=&#8221;imgsizer&#8221;]<\/div>\n<p align=\"center\">&nbsp;<\/p>\n<p align=\"center\">&nbsp;<\/p>\n","protected":false},"excerpt":{"rendered":"<p>\u00a0Templom \u00e9p\u00fcl Terebesfeh\u00e9rpatakon Szent Pio atya tisztelet\u00e9re 2011. szeptember 5-\u00e9n, papi tal\u00e1lkoz\u00f3 keret\u00e9ben, \u00e1ldotta meg egyh\u00e1zmegy\u00e9nk f\u0151p\u00e1sztora, Majnek Antal p\u00fcsp\u00f6k, a terebesiek \u00e9p\u00fcl\u0151 templom\u00e1nak alapjait. A templom \u00e9p\u00fcl\u00e9s\u00e9nek megkezd\u00e9s\u00e9vel az itt \u00e9l\u0151, z\u00f6m\u00e9ben magyar anyanyelv\u0171 r\u00f3mai katolikusok tal\u00e1n t\u00f6bb \u00e9vsz\u00e1zados \u00e1lma val\u00f3sul meg, hogy saj\u00e1t templomuk legyen.<\/p>\n","protected":false},"author":1,"featured_media":408,"comment_status":"open","ping_status":"open","sticky":false,"template":"","format":"standard","meta":{"_acf_changed":false,"_et_pb_use_builder":"","_et_pb_old_content":"","_et_gb_content_width":"","footnotes":""},"categories":[10],"tags":[],"class_list":["post-409","post","type-post","status-publish","format-standard","has-post-thumbnail","hentry","category-aktualis-hirek","et-has-post-format-content","et_post_format-et-post-format-standard"],"acf":[],"_links":{"self":[{"href":"https:\/\/munkacs-diocese.org\/hu\/wp-json\/wp\/v2\/posts\/409"}],"collection":[{"href":"https:\/\/munkacs-diocese.org\/hu\/wp-json\/wp\/v2\/posts"}],"about":[{"href":"https:\/\/munkacs-diocese.org\/hu\/wp-json\/wp\/v2\/types\/post"}],"author":[{"embeddable":true,"href":"https:\/\/munkacs-diocese.org\/hu\/wp-json\/wp\/v2\/users\/1"}],"replies":[{"embeddable":true,"href":"https:\/\/munkacs-diocese.org\/hu\/wp-json\/wp\/v2\/comments?post=409"}],"version-history":[{"count":0,"href":"https:\/\/munkacs-diocese.org\/hu\/wp-json\/wp\/v2\/posts\/409\/revisions"}],"wp:featuredmedia":[{"embeddable":true,"href":"https:\/\/munkacs-diocese.org\/hu\/wp-json\/wp\/v2\/media\/408"}],"wp:attachment":[{"href":"https:\/\/munkacs-diocese.org\/hu\/wp-json\/wp\/v2\/media?parent=409"}],"wp:term":[{"taxonomy":"category","embeddable":true,"href":"https:\/\/munkacs-diocese.org\/hu\/wp-json\/wp\/v2\/categories?post=409"},{"taxonomy":"post_tag","embeddable":true,"href":"https:\/\/munkacs-diocese.org\/hu\/wp-json\/wp\/v2\/tags?post=409"}],"curies":[{"name":"wp","href":"https:\/\/api.w.org\/{rel}","templated":true}]}}